{"id":8273,"date":"2026-07-02T10:35:24","date_gmt":"2026-07-02T08:35:24","guid":{"rendered":"https:\/\/www.hplatjadaro.com\/radtourismus-in-platja-daro-die-grunen-wege-der-costa-brava\/"},"modified":"2026-07-14T11:20:59","modified_gmt":"2026-07-14T09:20:59","slug":"radtourismus-in-platja-daro-die-grunen-wege-der-costa-brava","status":"publish","type":"post","link":"https:\/\/www.hplatjadaro.com\/de\/radtourismus-in-platja-daro-die-grunen-wege-der-costa-brava\/","title":{"rendered":"Fahrradtourismus in Platja d&#8217;Aro: die Greenways der Costa Brava"},"content":{"rendered":"<p class=\"p1\"><em>Im Hotel Platja d&#8217;Aro k\u00f6nnen Sie Ihr Fahrrad mieten<\/em><\/p>\n<p class=\"p1\">Die Costa Brava bietet ein einzigartiges landschaftliches, spielerisches, sportliches, kulturelles und gastronomisches Angebot. Entgegen dem, was viele denken m\u00f6gen, ist die nordkatalanische K\u00fcste weit mehr als sch\u00f6ne Str\u00e4nde. Es gibt verborgene Orte, unber\u00fchrte R\u00e4ume und einen historischen Reichtum, die jeden Besucher verzaubern.<\/p>\n<p class=\"p1\">Deshalb ermutigen wir Sie w\u00e4hrend Ihres Aufenthalts im Hotel Platja d&#8217;Aro, die Costa Brava kennenzulernen: Begur, Palafrugell, Cadaqu\u00e9s, Tossa de Mar, Calella de Palafrugell, L&#8217;Estartit, Roses, Sant Antoni de Calonge\u2026 Die Liste interessanter Orte f\u00fcr einen Ausflug ist endlos, ebenso wie die Naturparks, botanischen G\u00e4rten, Festivals oder Aktivit\u00e4ten, die Sie interessieren k\u00f6nnten.<\/p>\n<p class=\"p1\">Die Greenways, die die tiefen Gironer Pyren\u00e4en mit der Costa Brava verbinden, sind eine gro\u00dfartige Option, um mit dem Fahrrad eine Vielfalt an Landschaften, Ortschaften und sogar Menschen zu entdecken. Wir sprechen von mehr als 120 Kilometern, die f\u00fcnf Landkreise der Provinz durchqueren (Baix Empord\u00e0, Giron\u00e8s, La Selva, Garrotxa und Ripoll\u00e8s) und sich in vier Abschnitte gliedern:<\/p>\n<ol class=\"p1\">\n<li>Eisen- und Kohleroute Ripoll-Sant Joan de les Abadesses-Ogassa<\/li>\n<li>Carrilet-Route Olot-Girona<\/li>\n<li>Carrilet-Route Girona-Sant Feliu de Gu\u00edxols<\/li>\n<li>Route des kleinen Zuges Palam\u00f3s-Palafrugell<\/li>\n<\/ol>\n<p class=\"p1\">Greenways sind nicht mehr genutzte Verkehrsinfrastrukturen, die angepasst wurden, um sie in Strecken f\u00fcr Radtouristen und Wanderer zu verwandeln. Die meisten sind alte Bahntrassen, die ihre Kulturerbe-Elemente wie Tunnel, Br\u00fccken oder Bahnh\u00f6fe bewahren, und stellen ein Angebot f\u00fcr ruhigen, nachhaltigen und alternativen Tourismus dar, da motorisierte Fahrzeuge nicht fahren d\u00fcrfen.<\/p>\n<p class=\"p1\">Radfahren erm\u00f6glicht es, das Gebiet ohne Eile kennenzulernen. Es ist eine ideale Aktivtourismus-Alternative, die das breite Angebot von Platja d&#8217;Aro erg\u00e4nzt: Wandern, Wasseraktivit\u00e4ten, Sport, Abenteuersport, Luftaktivit\u00e4ten\u2026<\/p>\n<p class=\"p1\">Wenn Sie jedoch mit Ihrem Fahrrad zu einer gr\u00f6\u00dferen Tour aufbrechen m\u00f6chten, befolgen Sie diese Empfehlungen:<\/p>\n<ul class=\"p1\">\n<li>\u00dcberpr\u00fcfen Sie den allgemeinen Zustand des Fahrrads<\/li>\n<li>Nehmen Sie Ersatzteile und das n\u00f6tige Werkzeug f\u00fcr den Fall einer Panne mit<\/li>\n<li>Berechnen Sie die Dauer der Route und ber\u00fccksichtigen Sie Ihre k\u00f6rperliche Verfassung<\/li>\n<li>Orientieren Sie sich jederzeit mit einer Karte oder einem GPS<\/li>\n<li>R\u00fcsten Sie sich gut mit allem n\u00f6tigen Zubeh\u00f6r aus<\/li>\n<li>Lassen Sie sich vom Wetter nicht \u00fcberraschen: pr\u00fcfen Sie die Vorhersage<\/li>\n<\/ul>\n<p class=\"p1\">Denken Sie daran, dass Sie im Hotel Platja d&#8217;Aro Ausr\u00fcstung mieten k\u00f6nnen. Wenn Sie ein Fahrrad brauchen, k\u00fcmmern wir uns um die Vermietung, damit Sie sich um nichts sorgen m\u00fcssen.<\/p>\n","protected":false},"excerpt":{"rendered":"<p>Im Hotel Platja d&#8217;Aro k\u00f6nnen Sie Ihr Fahrrad mieten Die Costa Brava bietet ein einzigartiges landschaftliches, spielerisches, sportliches, kulturelles und gastronomisches Angebot. Entgegen dem, was viele denken m\u00f6gen, ist die nordkatalanische K\u00fcste weit mehr als sch\u00f6ne Str\u00e4nde. Es gibt verborgene Orte, unber\u00fchrte R\u00e4ume und einen historischen Reichtum, die jeden Besucher verzaubern. Deshalb ermutigen wir Sie&hellip;&nbsp;<\/p>\n","protected":false},"author":1,"featured_media":8250,"comment_status":"closed","ping_status":"closed","sticky":false,"template":"","format":"standard","meta":{"_acf_changed":false,"neve_meta_sidebar":"","neve_meta_container":"","neve_meta_enable_content_width":"","neve_meta_content_width":0,"neve_meta_title_alignment":"","neve_meta_author_avatar":"","neve_post_elements_order":"","neve_meta_disable_header":"","neve_meta_disable_footer":"","neve_meta_disable_title":"","neve_meta_reading_time":"","footnotes":""},"categories":[81],"tags":[],"class_list":["post-8273","post","type-post","status-publish","format-standard","has-post-thumbnail","hentry","category-neuigkeiten"],"acf":[],"yoast_head":"<!-- This site is optimized with the Yoast SEO plugin v28.4 - https:\/\/yoast.com\/product\/yoast-seo-wordpress\/ -->\n<title>Fahrradtourismus in Platja d&#039;Aro: die Greenways der Costa Brava | Hotel Platja d&#039;Aro<\/title>\n<meta name=\"robots\" content=\"index, follow, max-snippet:-1, max-image-preview:large, max-video-preview:-1\" \/>\n<link rel=\"canonical\" href=\"https:\/\/www.hplatjadaro.com\/de\/radtourismus-in-platja-daro-die-grunen-wege-der-costa-brava\/\" \/>\n<meta property=\"og:locale\" content=\"de_DE\" \/>\n<meta property=\"og:type\" content=\"article\" \/>\n<meta property=\"og:title\" content=\"Fahrradtourismus in Platja d&#039;Aro: die Greenways der Costa Brava | Hotel Platja d&#039;Aro\" \/>\n<meta property=\"og:description\" content=\"Im Hotel Platja d&#8217;Aro k\u00f6nnen Sie Ihr Fahrrad mieten Die Costa Brava bietet ein einzigartiges landschaftliches, spielerisches, sportliches, kulturelles und gastronomisches Angebot. Entgegen dem, was viele denken m\u00f6gen, ist die nordkatalanische K\u00fcste weit mehr als sch\u00f6ne Str\u00e4nde. Es gibt verborgene Orte, unber\u00fchrte R\u00e4ume und einen historischen Reichtum, die jeden Besucher verzaubern. Deshalb ermutigen wir Sie&hellip;&nbsp;\" \/>\n<meta property=\"og:url\" content=\"https:\/\/www.hplatjadaro.com\/de\/radtourismus-in-platja-daro-die-grunen-wege-der-costa-brava\/\" \/>\n<meta property=\"og:site_name\" content=\"Hotel Platja d&#039;Aro\" \/>\n<meta property=\"article:published_time\" content=\"2026-07-02T08:35:24+00:00\" \/>\n<meta property=\"article:modified_time\" content=\"2026-07-14T09:20:59+00:00\" \/>\n<meta property=\"og:image\" content=\"https:\/\/www.hplatjadaro.com\/wp-content\/uploads\/2026\/07\/vias_verdes.jpg\" \/>\n\t<meta property=\"og:image:width\" content=\"2500\" \/>\n\t<meta property=\"og:image:height\" content=\"1667\" \/>\n\t<meta property=\"og:image:type\" content=\"image\/jpeg\" \/>\n<meta name=\"author\" content=\"Comunicaci\u00f3 Integral Neorg\" \/>\n<meta name=\"twitter:card\" content=\"summary_large_image\" \/>\n<meta name=\"twitter:label1\" content=\"Verfasst von\" \/>\n\t<meta name=\"twitter:data1\" content=\"Comunicaci\u00f3 Integral Neorg\" \/>\n\t<meta name=\"twitter:label2\" content=\"Gesch\u00e4tzte Lesezeit\" \/>\n\t<meta name=\"twitter:data2\" content=\"2\u00a0Minuten\" \/>\n<script type=\"application\/ld+json\" class=\"yoast-schema-graph\">{\"@context\":\"https:\\\/\\\/schema.org\",\"@graph\":[{\"@type\":\"Article\",\"@id\":\"https:\\\/\\\/www.hplatjadaro.com\\\/de\\\/radtourismus-in-platja-daro-die-grunen-wege-der-costa-brava\\\/#article\",\"isPartOf\":{\"@id\":\"https:\\\/\\\/www.hplatjadaro.com\\\/de\\\/radtourismus-in-platja-daro-die-grunen-wege-der-costa-brava\\\/\"},\"author\":{\"name\":\"Comunicaci\u00f3 Integral Neorg\",\"@id\":\"https:\\\/\\\/www.hplatjadaro.com\\\/de\\\/#\\\/schema\\\/person\\\/3b4dad233a49ff0bc5b42d830b3f7e53\"},\"headline\":\"Fahrradtourismus in Platja d&#8217;Aro: die Greenways der Costa Brava\",\"datePublished\":\"2026-07-02T08:35:24+00:00\",\"dateModified\":\"2026-07-14T09:20:59+00:00\",\"mainEntityOfPage\":{\"@id\":\"https:\\\/\\\/www.hplatjadaro.com\\\/de\\\/radtourismus-in-platja-daro-die-grunen-wege-der-costa-brava\\\/\"},\"wordCount\":422,\"publisher\":{\"@id\":\"https:\\\/\\\/www.hplatjadaro.com\\\/de\\\/#organization\"},\"image\":{\"@id\":\"https:\\\/\\\/www.hplatjadaro.com\\\/de\\\/radtourismus-in-platja-daro-die-grunen-wege-der-costa-brava\\\/#primaryimage\"},\"thumbnailUrl\":\"https:\\\/\\\/www.hplatjadaro.com\\\/wp-content\\\/uploads\\\/2026\\\/07\\\/vias_verdes.jpg\",\"articleSection\":[\"Neuigkeiten\"],\"inLanguage\":\"de\"},{\"@type\":\"WebPage\",\"@id\":\"https:\\\/\\\/www.hplatjadaro.com\\\/de\\\/radtourismus-in-platja-daro-die-grunen-wege-der-costa-brava\\\/\",\"url\":\"https:\\\/\\\/www.hplatjadaro.com\\\/de\\\/radtourismus-in-platja-daro-die-grunen-wege-der-costa-brava\\\/\",\"name\":\"Fahrradtourismus in Platja d'Aro: die Greenways der Costa Brava | Hotel Platja d&#039;Aro\",\"isPartOf\":{\"@id\":\"https:\\\/\\\/www.hplatjadaro.com\\\/de\\\/#website\"},\"primaryImageOfPage\":{\"@id\":\"https:\\\/\\\/www.hplatjadaro.com\\\/de\\\/radtourismus-in-platja-daro-die-grunen-wege-der-costa-brava\\\/#primaryimage\"},\"image\":{\"@id\":\"https:\\\/\\\/www.hplatjadaro.com\\\/de\\\/radtourismus-in-platja-daro-die-grunen-wege-der-costa-brava\\\/#primaryimage\"},\"thumbnailUrl\":\"https:\\\/\\\/www.hplatjadaro.com\\\/wp-content\\\/uploads\\\/2026\\\/07\\\/vias_verdes.jpg\",\"datePublished\":\"2026-07-02T08:35:24+00:00\",\"dateModified\":\"2026-07-14T09:20:59+00:00\",\"breadcrumb\":{\"@id\":\"https:\\\/\\\/www.hplatjadaro.com\\\/de\\\/radtourismus-in-platja-daro-die-grunen-wege-der-costa-brava\\\/#breadcrumb\"},\"inLanguage\":\"de\",\"potentialAction\":[{\"@type\":\"ReadAction\",\"target\":[\"https:\\\/\\\/www.hplatjadaro.com\\\/de\\\/radtourismus-in-platja-daro-die-grunen-wege-der-costa-brava\\\/\"]}]},{\"@type\":\"ImageObject\",\"inLanguage\":\"de\",\"@id\":\"https:\\\/\\\/www.hplatjadaro.com\\\/de\\\/radtourismus-in-platja-daro-die-grunen-wege-der-costa-brava\\\/#primaryimage\",\"url\":\"https:\\\/\\\/www.hplatjadaro.com\\\/wp-content\\\/uploads\\\/2026\\\/07\\\/vias_verdes.jpg\",\"contentUrl\":\"https:\\\/\\\/www.hplatjadaro.com\\\/wp-content\\\/uploads\\\/2026\\\/07\\\/vias_verdes.jpg\",\"width\":2500,\"height\":1667},{\"@type\":\"BreadcrumbList\",\"@id\":\"https:\\\/\\\/www.hplatjadaro.com\\\/de\\\/radtourismus-in-platja-daro-die-grunen-wege-der-costa-brava\\\/#breadcrumb\",\"itemListElement\":[{\"@type\":\"ListItem\",\"position\":1,\"name\":\"Portada\",\"item\":\"https:\\\/\\\/www.hplatjadaro.com\\\/de\\\/\"},{\"@type\":\"ListItem\",\"position\":2,\"name\":\"Fahrradtourismus in Platja d&#8217;Aro: die Greenways der Costa Brava\"}]},{\"@type\":\"WebSite\",\"@id\":\"https:\\\/\\\/www.hplatjadaro.com\\\/de\\\/#website\",\"url\":\"https:\\\/\\\/www.hplatjadaro.com\\\/de\\\/\",\"name\":\"Aromar Hotels & Restaurants\",\"description\":\"Hotel familiar a Platja d&#039;Aro, Costa Brava\",\"publisher\":{\"@id\":\"https:\\\/\\\/www.hplatjadaro.com\\\/de\\\/#organization\"},\"alternateName\":\"Aromar Hotels & Restaurants\",\"potentialAction\":[{\"@type\":\"SearchAction\",\"target\":{\"@type\":\"EntryPoint\",\"urlTemplate\":\"https:\\\/\\\/www.hplatjadaro.com\\\/de\\\/?s={search_term_string}\"},\"query-input\":{\"@type\":\"PropertyValueSpecification\",\"valueRequired\":true,\"valueName\":\"search_term_string\"}}],\"inLanguage\":\"de\"},{\"@type\":\"Organization\",\"@id\":\"https:\\\/\\\/www.hplatjadaro.com\\\/de\\\/#organization\",\"name\":\"Hotel Platja d'Aro\",\"alternateName\":\"Aromar Hotels\",\"url\":\"https:\\\/\\\/www.hplatjadaro.com\\\/de\\\/\",\"logo\":{\"@type\":\"ImageObject\",\"inLanguage\":\"de\",\"@id\":\"https:\\\/\\\/www.hplatjadaro.com\\\/de\\\/#\\\/schema\\\/logo\\\/image\\\/\",\"url\":\"https:\\\/\\\/www.hplatjadaro.com\\\/wp-content\\\/uploads\\\/2024\\\/04\\\/Aromar-2.jpg\",\"contentUrl\":\"https:\\\/\\\/www.hplatjadaro.com\\\/wp-content\\\/uploads\\\/2024\\\/04\\\/Aromar-2.jpg\",\"width\":696,\"height\":696,\"caption\":\"Hotel Platja d'Aro\"},\"image\":{\"@id\":\"https:\\\/\\\/www.hplatjadaro.com\\\/de\\\/#\\\/schema\\\/logo\\\/image\\\/\"}},{\"@type\":\"Person\",\"@id\":\"https:\\\/\\\/www.hplatjadaro.com\\\/de\\\/#\\\/schema\\\/person\\\/3b4dad233a49ff0bc5b42d830b3f7e53\",\"name\":\"Comunicaci\u00f3 Integral Neorg\",\"image\":{\"@type\":\"ImageObject\",\"inLanguage\":\"de\",\"@id\":\"https:\\\/\\\/secure.gravatar.com\\\/avatar\\\/709d3d8015183afa7401c02e2291a538cbfd4ffe62f4d86ce5f4871f22e86b09?s=96&d=mm&r=g\",\"url\":\"https:\\\/\\\/secure.gravatar.com\\\/avatar\\\/709d3d8015183afa7401c02e2291a538cbfd4ffe62f4d86ce5f4871f22e86b09?s=96&d=mm&r=g\",\"contentUrl\":\"https:\\\/\\\/secure.gravatar.com\\\/avatar\\\/709d3d8015183afa7401c02e2291a538cbfd4ffe62f4d86ce5f4871f22e86b09?s=96&d=mm&r=g\",\"caption\":\"Comunicaci\u00f3 Integral Neorg\"},\"sameAs\":[\"https:\\\/\\\/www.hplatjadaro.com\"]}]}<\/script>\n<!-- \/ Yoast SEO plugin. -->","yoast_head_json":{"title":"Fahrradtourismus in Platja d'Aro: die Greenways der Costa Brava | Hotel Platja d&#039;Aro","robots":{"index":"index","follow":"follow","max-snippet":"max-snippet:-1","max-image-preview":"max-image-preview:large","max-video-preview":"max-video-preview:-1"},"canonical":"https:\/\/www.hplatjadaro.com\/de\/radtourismus-in-platja-daro-die-grunen-wege-der-costa-brava\/","og_locale":"de_DE","og_type":"article","og_title":"Fahrradtourismus in Platja d'Aro: die Greenways der Costa Brava | Hotel Platja d&#039;Aro","og_description":"Im Hotel Platja d&#8217;Aro k\u00f6nnen Sie Ihr Fahrrad mieten Die Costa Brava bietet ein einzigartiges landschaftliches, spielerisches, sportliches, kulturelles und gastronomisches Angebot. Entgegen dem, was viele denken m\u00f6gen, ist die nordkatalanische K\u00fcste weit mehr als sch\u00f6ne Str\u00e4nde. Es gibt verborgene Orte, unber\u00fchrte R\u00e4ume und einen historischen Reichtum, die jeden Besucher verzaubern. Deshalb ermutigen wir Sie&hellip;&nbsp;","og_url":"https:\/\/www.hplatjadaro.com\/de\/radtourismus-in-platja-daro-die-grunen-wege-der-costa-brava\/","og_site_name":"Hotel Platja d&#039;Aro","article_published_time":"2026-07-02T08:35:24+00:00","article_modified_time":"2026-07-14T09:20:59+00:00","og_image":[{"width":2500,"height":1667,"url":"https:\/\/www.hplatjadaro.com\/wp-content\/uploads\/2026\/07\/vias_verdes.jpg","type":"image\/jpeg"}],"author":"Comunicaci\u00f3 Integral Neorg","twitter_card":"summary_large_image","twitter_misc":{"Verfasst von":"Comunicaci\u00f3 Integral Neorg","Gesch\u00e4tzte Lesezeit":"2\u00a0Minuten"},"schema":{"@context":"https:\/\/schema.org","@graph":[{"@type":"Article","@id":"https:\/\/www.hplatjadaro.com\/de\/radtourismus-in-platja-daro-die-grunen-wege-der-costa-brava\/#article","isPartOf":{"@id":"https:\/\/www.hplatjadaro.com\/de\/radtourismus-in-platja-daro-die-grunen-wege-der-costa-brava\/"},"author":{"name":"Comunicaci\u00f3 Integral Neorg","@id":"https:\/\/www.hplatjadaro.com\/de\/#\/schema\/person\/3b4dad233a49ff0bc5b42d830b3f7e53"},"headline":"Fahrradtourismus in Platja d&#8217;Aro: die Greenways der Costa Brava","datePublished":"2026-07-02T08:35:24+00:00","dateModified":"2026-07-14T09:20:59+00:00","mainEntityOfPage":{"@id":"https:\/\/www.hplatjadaro.com\/de\/radtourismus-in-platja-daro-die-grunen-wege-der-costa-brava\/"},"wordCount":422,"publisher":{"@id":"https:\/\/www.hplatjadaro.com\/de\/#organization"},"image":{"@id":"https:\/\/www.hplatjadaro.com\/de\/radtourismus-in-platja-daro-die-grunen-wege-der-costa-brava\/#primaryimage"},"thumbnailUrl":"https:\/\/www.hplatjadaro.com\/wp-content\/uploads\/2026\/07\/vias_verdes.jpg","articleSection":["Neuigkeiten"],"inLanguage":"de"},{"@type":"WebPage","@id":"https:\/\/www.hplatjadaro.com\/de\/radtourismus-in-platja-daro-die-grunen-wege-der-costa-brava\/","url":"https:\/\/www.hplatjadaro.com\/de\/radtourismus-in-platja-daro-die-grunen-wege-der-costa-brava\/","name":"Fahrradtourismus in Platja d'Aro: die Greenways der Costa Brava | Hotel Platja d&#039;Aro","isPartOf":{"@id":"https:\/\/www.hplatjadaro.com\/de\/#website"},"primaryImageOfPage":{"@id":"https:\/\/www.hplatjadaro.com\/de\/radtourismus-in-platja-daro-die-grunen-wege-der-costa-brava\/#primaryimage"},"image":{"@id":"https:\/\/www.hplatjadaro.com\/de\/radtourismus-in-platja-daro-die-grunen-wege-der-costa-brava\/#primaryimage"},"thumbnailUrl":"https:\/\/www.hplatjadaro.com\/wp-content\/uploads\/2026\/07\/vias_verdes.jpg","datePublished":"2026-07-02T08:35:24+00:00","dateModified":"2026-07-14T09:20:59+00:00","breadcrumb":{"@id":"https:\/\/www.hplatjadaro.com\/de\/radtourismus-in-platja-daro-die-grunen-wege-der-costa-brava\/#breadcrumb"},"inLanguage":"de","potentialAction":[{"@type":"ReadAction","target":["https:\/\/www.hplatjadaro.com\/de\/radtourismus-in-platja-daro-die-grunen-wege-der-costa-brava\/"]}]},{"@type":"ImageObject","inLanguage":"de","@id":"https:\/\/www.hplatjadaro.com\/de\/radtourismus-in-platja-daro-die-grunen-wege-der-costa-brava\/#primaryimage","url":"https:\/\/www.hplatjadaro.com\/wp-content\/uploads\/2026\/07\/vias_verdes.jpg","contentUrl":"https:\/\/www.hplatjadaro.com\/wp-content\/uploads\/2026\/07\/vias_verdes.jpg","width":2500,"height":1667},{"@type":"BreadcrumbList","@id":"https:\/\/www.hplatjadaro.com\/de\/radtourismus-in-platja-daro-die-grunen-wege-der-costa-brava\/#breadcrumb","itemListElement":[{"@type":"ListItem","position":1,"name":"Portada","item":"https:\/\/www.hplatjadaro.com\/de\/"},{"@type":"ListItem","position":2,"name":"Fahrradtourismus in Platja d&#8217;Aro: die Greenways der Costa Brava"}]},{"@type":"WebSite","@id":"https:\/\/www.hplatjadaro.com\/de\/#website","url":"https:\/\/www.hplatjadaro.com\/de\/","name":"Aromar Hotels & Restaurants","description":"Hotel familiar a Platja d&#039;Aro, Costa Brava","publisher":{"@id":"https:\/\/www.hplatjadaro.com\/de\/#organization"},"alternateName":"Aromar Hotels & Restaurants","potentialAction":[{"@type":"SearchAction","target":{"@type":"EntryPoint","urlTemplate":"https:\/\/www.hplatjadaro.com\/de\/?s={search_term_string}"},"query-input":{"@type":"PropertyValueSpecification","valueRequired":true,"valueName":"search_term_string"}}],"inLanguage":"de"},{"@type":"Organization","@id":"https:\/\/www.hplatjadaro.com\/de\/#organization","name":"Hotel Platja d'Aro","alternateName":"Aromar Hotels","url":"https:\/\/www.hplatjadaro.com\/de\/","logo":{"@type":"ImageObject","inLanguage":"de","@id":"https:\/\/www.hplatjadaro.com\/de\/#\/schema\/logo\/image\/","url":"https:\/\/www.hplatjadaro.com\/wp-content\/uploads\/2024\/04\/Aromar-2.jpg","contentUrl":"https:\/\/www.hplatjadaro.com\/wp-content\/uploads\/2024\/04\/Aromar-2.jpg","width":696,"height":696,"caption":"Hotel Platja d'Aro"},"image":{"@id":"https:\/\/www.hplatjadaro.com\/de\/#\/schema\/logo\/image\/"}},{"@type":"Person","@id":"https:\/\/www.hplatjadaro.com\/de\/#\/schema\/person\/3b4dad233a49ff0bc5b42d830b3f7e53","name":"Comunicaci\u00f3 Integral Neorg","image":{"@type":"ImageObject","inLanguage":"de","@id":"https:\/\/secure.gravatar.com\/avatar\/709d3d8015183afa7401c02e2291a538cbfd4ffe62f4d86ce5f4871f22e86b09?s=96&d=mm&r=g","url":"https:\/\/secure.gravatar.com\/avatar\/709d3d8015183afa7401c02e2291a538cbfd4ffe62f4d86ce5f4871f22e86b09?s=96&d=mm&r=g","contentUrl":"https:\/\/secure.gravatar.com\/avatar\/709d3d8015183afa7401c02e2291a538cbfd4ffe62f4d86ce5f4871f22e86b09?s=96&d=mm&r=g","caption":"Comunicaci\u00f3 Integral Neorg"},"sameAs":["https:\/\/www.hplatjadaro.com"]}]}},"_links":{"self":[{"href":"https:\/\/www.hplatjadaro.com\/de\/wp-json\/wp\/v2\/posts\/8273","targetHints":{"allow":["GET"]}}],"collection":[{"href":"https:\/\/www.hplatjadaro.com\/de\/wp-json\/wp\/v2\/posts"}],"about":[{"href":"https:\/\/www.hplatjadaro.com\/de\/wp-json\/wp\/v2\/types\/post"}],"author":[{"embeddable":true,"href":"https:\/\/www.hplatjadaro.com\/de\/wp-json\/wp\/v2\/users\/1"}],"replies":[{"embeddable":true,"href":"https:\/\/www.hplatjadaro.com\/de\/wp-json\/wp\/v2\/comments?post=8273"}],"version-history":[{"count":1,"href":"https:\/\/www.hplatjadaro.com\/de\/wp-json\/wp\/v2\/posts\/8273\/revisions"}],"predecessor-version":[{"id":8901,"href":"https:\/\/www.hplatjadaro.com\/de\/wp-json\/wp\/v2\/posts\/8273\/revisions\/8901"}],"wp:featuredmedia":[{"embeddable":true,"href":"https:\/\/www.hplatjadaro.com\/de\/wp-json\/wp\/v2\/media\/8250"}],"wp:attachment":[{"href":"https:\/\/www.hplatjadaro.com\/de\/wp-json\/wp\/v2\/media?parent=8273"}],"wp:term":[{"taxonomy":"category","embeddable":true,"href":"https:\/\/www.hplatjadaro.com\/de\/wp-json\/wp\/v2\/categories?post=8273"},{"taxonomy":"post_tag","embeddable":true,"href":"https:\/\/www.hplatjadaro.com\/de\/wp-json\/wp\/v2\/tags?post=8273"}],"curies":[{"name":"wp","href":"https:\/\/api.w.org\/{rel}","templated":true}]}}