{"id":8869,"date":"2026-07-02T10:35:24","date_gmt":"2026-07-02T08:35:24","guid":{"rendered":"https:\/\/www.hplatjadaro.com\/10-grunde-im-hotel-platja-daro-zu-ubernachten\/"},"modified":"2026-07-02T10:35:24","modified_gmt":"2026-07-02T08:35:24","slug":"10-grunde-im-hotel-platja-daro-zu-ubernachten","status":"publish","type":"post","link":"https:\/\/www.hplatjadaro.com\/de\/10-grunde-im-hotel-platja-daro-zu-ubernachten\/","title":{"rendered":"10 Gr\u00fcnde, im Hotel Platja d&#8217;Aro zu \u00fcbernachten"},"content":{"rendered":"<p class=\"p1\">Ob Sie uns bereits kennen oder noch nicht \u2013 dieser Artikel kann Ihnen eine gro\u00dfe Hilfe sein, um die Gr\u00fcnde zu erfahren, warum ein Aufenthalt im Hotel Platja d&#8217;Aro eine der besten Optionen an der Costa Brava ist:<\/p>\n<ol class=\"p1\">\n<li>Wegen seiner <strong>herrlichen Lage<\/strong>: in Platja d&#8217;Aro an der Costa Brava des Empord\u00e0 in Katalonien gelegen, bietet es Ihnen ein un\u00fcbertreffliches Landschaftsschauspiel, das Sie leicht sprachlos macht.<\/li>\n<li>Ein absolut <strong>zentrales<\/strong> Hotel: 3 Gehminuten vom Ortszentrum und seiner Haupteinkaufsstra\u00dfe und 5 Minuten von den herrlichen Str\u00e4nden der Gegend entfernt.<\/li>\n<li>Wegen seines <strong>besten Preis-Leistungs-Verh\u00e4ltnisses<\/strong>. Sie erhalten eine Unterkunft mit einer gro\u00dfen Menge an Annehmlichkeiten und unersch\u00f6pflichen Serviceleistungen.<\/li>\n<li>Es ist ideal f\u00fcr <strong>jede Art von Tourismus<\/strong>: Familie, Sport, zu zweit, mit Freunden, kulturell, gastronomisch\u2026 Ideal f\u00fcr die Unterbringung gro\u00dfer Personengruppen, mit Zimmern f\u00fcr bis zu 5 feste Betten.<\/li>\n<li>Wir bieten einen <strong>Babysitting-Service<\/strong> f\u00fcr Kinder.<\/li>\n<li>Hotel mit Zimmern und Apartments, die gro\u00dfe Mehrheit mit <strong>Terrasse<\/strong> und mit <strong>Berg- oder Strandblick<\/strong>, die den Unterschied ausmachen.<\/li>\n<li><strong>Ausr\u00fcstungsverleih<\/strong>-Service, wie Fahrr\u00e4der, Boote und Autos.<\/li>\n<li><strong>Fr\u00fchst\u00fccksbuffet inklusive<\/strong> bei jeder Buchung und jedem Aufenthalt mit regionalen Produkten von hoher Qualit\u00e4t.<\/li>\n<li>Wir sind <strong>pet-friendly<\/strong>! Wir lieben Tiere, und deshalb k\u00f6nnen Sie auch mit Ihrem Haustier kommen, und wir haben sogar einen <strong>Hundebetreuungsservice<\/strong>.<\/li>\n<li><strong>Kostenlose Parkpl\u00e4tze<\/strong> ganz in der N\u00e4he des Hotels, wo Sie Ihr Auto abstellen k\u00f6nnen.<\/li>\n<\/ol>\n","protected":false},"excerpt":{"rendered":"<p>Ob Sie uns bereits kennen oder noch nicht \u2013 dieser Artikel kann Ihnen eine gro\u00dfe Hilfe sein, um die Gr\u00fcnde zu erfahren, warum ein Aufenthalt im Hotel Platja d&#8217;Aro eine der besten Optionen an der Costa Brava ist: Wegen seiner herrlichen Lage: in Platja d&#8217;Aro an der Costa Brava des Empord\u00e0 in Katalonien gelegen, bietet&hellip;&nbsp;<\/p>\n","protected":false},"author":1,"featured_media":8245,"comment_status":"","ping_status":"closed","sticky":false,"template":"","format":"standard","meta":{"_acf_changed":false,"neve_meta_sidebar":"","neve_meta_container":"","neve_meta_enable_content_width":"","neve_meta_content_width":0,"neve_meta_title_alignment":"","neve_meta_author_avatar":"","neve_post_elements_order":"","neve_meta_disable_header":"","neve_meta_disable_footer":"","neve_meta_disable_title":"","neve_meta_reading_time":"","footnotes":""},"categories":[81],"tags":[],"class_list":["post-8869","post","type-post","status-publish","format-standard","has-post-thumbnail","hentry","category-neuigkeiten"],"acf":[],"yoast_head":"<!-- This site is optimized with the Yoast SEO plugin v28.4 - https:\/\/yoast.com\/product\/yoast-seo-wordpress\/ -->\n<title>10 Gr\u00fcnde, im Hotel Platja d&#039;Aro zu \u00fcbernachten | Hotel Platja d&#039;Aro<\/title>\n<meta name=\"robots\" content=\"index, follow, max-snippet:-1, max-image-preview:large, max-video-preview:-1\" \/>\n<link rel=\"canonical\" href=\"https:\/\/www.hplatjadaro.com\/de\/10-grunde-im-hotel-platja-daro-zu-ubernachten\/\" \/>\n<meta property=\"og:locale\" content=\"de_DE\" \/>\n<meta property=\"og:type\" content=\"article\" \/>\n<meta property=\"og:title\" content=\"10 Gr\u00fcnde, im Hotel Platja d&#039;Aro zu \u00fcbernachten | Hotel Platja d&#039;Aro\" \/>\n<meta property=\"og:description\" content=\"Ob Sie uns bereits kennen oder noch nicht \u2013 dieser Artikel kann Ihnen eine gro\u00dfe Hilfe sein, um die Gr\u00fcnde zu erfahren, warum ein Aufenthalt im Hotel Platja d&#8217;Aro eine der besten Optionen an der Costa Brava ist: Wegen seiner herrlichen Lage: in Platja d&#8217;Aro an der Costa Brava des Empord\u00e0 in Katalonien gelegen, bietet&hellip;&nbsp;\" \/>\n<meta property=\"og:url\" content=\"https:\/\/www.hplatjadaro.com\/de\/10-grunde-im-hotel-platja-daro-zu-ubernachten\/\" \/>\n<meta property=\"og:site_name\" content=\"Hotel Platja d&#039;Aro\" \/>\n<meta property=\"article:published_time\" content=\"2026-07-02T08:35:24+00:00\" \/>\n<meta property=\"og:image\" content=\"https:\/\/www.hplatjadaro.com\/wp-content\/uploads\/2024\/04\/Aromar.jpg\" \/>\n\t<meta property=\"og:image:width\" content=\"1200\" \/>\n\t<meta property=\"og:image:height\" content=\"675\" \/>\n\t<meta property=\"og:image:type\" content=\"image\/jpeg\" \/>\n<meta name=\"author\" content=\"Comunicaci\u00f3 Integral Neorg\" \/>\n<meta name=\"twitter:card\" content=\"summary_large_image\" \/>\n<meta name=\"twitter:label1\" content=\"Verfasst von\" \/>\n\t<meta name=\"twitter:data1\" content=\"Comunicaci\u00f3 Integral Neorg\" \/>\n\t<meta name=\"twitter:label2\" content=\"Gesch\u00e4tzte Lesezeit\" \/>\n\t<meta name=\"twitter:data2\" content=\"1\u00a0Minute\" \/>\n<script type=\"application\/ld+json\" class=\"yoast-schema-graph\">{\"@context\":\"https:\\\/\\\/schema.org\",\"@graph\":[{\"@type\":\"Article\",\"@id\":\"https:\\\/\\\/www.hplatjadaro.com\\\/de\\\/10-grunde-im-hotel-platja-daro-zu-ubernachten\\\/#article\",\"isPartOf\":{\"@id\":\"https:\\\/\\\/www.hplatjadaro.com\\\/de\\\/10-grunde-im-hotel-platja-daro-zu-ubernachten\\\/\"},\"author\":{\"name\":\"Comunicaci\u00f3 Integral Neorg\",\"@id\":\"https:\\\/\\\/www.hplatjadaro.com\\\/de\\\/#\\\/schema\\\/person\\\/3b4dad233a49ff0bc5b42d830b3f7e53\"},\"headline\":\"10 Gr\u00fcnde, im Hotel Platja d&#8217;Aro zu \u00fcbernachten\",\"datePublished\":\"2026-07-02T08:35:24+00:00\",\"mainEntityOfPage\":{\"@id\":\"https:\\\/\\\/www.hplatjadaro.com\\\/de\\\/10-grunde-im-hotel-platja-daro-zu-ubernachten\\\/\"},\"wordCount\":243,\"publisher\":{\"@id\":\"https:\\\/\\\/www.hplatjadaro.com\\\/de\\\/#organization\"},\"image\":{\"@id\":\"https:\\\/\\\/www.hplatjadaro.com\\\/de\\\/10-grunde-im-hotel-platja-daro-zu-ubernachten\\\/#primaryimage\"},\"thumbnailUrl\":\"https:\\\/\\\/www.hplatjadaro.com\\\/wp-content\\\/uploads\\\/2026\\\/07\\\/FILES_ITEMS_559_10_RAONS_W_1900_Q_100.jpg\",\"articleSection\":[\"Neuigkeiten\"],\"inLanguage\":\"de\"},{\"@type\":\"WebPage\",\"@id\":\"https:\\\/\\\/www.hplatjadaro.com\\\/de\\\/10-grunde-im-hotel-platja-daro-zu-ubernachten\\\/\",\"url\":\"https:\\\/\\\/www.hplatjadaro.com\\\/de\\\/10-grunde-im-hotel-platja-daro-zu-ubernachten\\\/\",\"name\":\"10 Gr\u00fcnde, im Hotel Platja d'Aro zu \u00fcbernachten | Hotel Platja d&#039;Aro\",\"isPartOf\":{\"@id\":\"https:\\\/\\\/www.hplatjadaro.com\\\/de\\\/#website\"},\"primaryImageOfPage\":{\"@id\":\"https:\\\/\\\/www.hplatjadaro.com\\\/de\\\/10-grunde-im-hotel-platja-daro-zu-ubernachten\\\/#primaryimage\"},\"image\":{\"@id\":\"https:\\\/\\\/www.hplatjadaro.com\\\/de\\\/10-grunde-im-hotel-platja-daro-zu-ubernachten\\\/#primaryimage\"},\"thumbnailUrl\":\"https:\\\/\\\/www.hplatjadaro.com\\\/wp-content\\\/uploads\\\/2026\\\/07\\\/FILES_ITEMS_559_10_RAONS_W_1900_Q_100.jpg\",\"datePublished\":\"2026-07-02T08:35:24+00:00\",\"breadcrumb\":{\"@id\":\"https:\\\/\\\/www.hplatjadaro.com\\\/de\\\/10-grunde-im-hotel-platja-daro-zu-ubernachten\\\/#breadcrumb\"},\"inLanguage\":\"de\",\"potentialAction\":[{\"@type\":\"ReadAction\",\"target\":[\"https:\\\/\\\/www.hplatjadaro.com\\\/de\\\/10-grunde-im-hotel-platja-daro-zu-ubernachten\\\/\"]}]},{\"@type\":\"ImageObject\",\"inLanguage\":\"de\",\"@id\":\"https:\\\/\\\/www.hplatjadaro.com\\\/de\\\/10-grunde-im-hotel-platja-daro-zu-ubernachten\\\/#primaryimage\",\"url\":\"https:\\\/\\\/www.hplatjadaro.com\\\/wp-content\\\/uploads\\\/2026\\\/07\\\/FILES_ITEMS_559_10_RAONS_W_1900_Q_100.jpg\",\"contentUrl\":\"https:\\\/\\\/www.hplatjadaro.com\\\/wp-content\\\/uploads\\\/2026\\\/07\\\/FILES_ITEMS_559_10_RAONS_W_1900_Q_100.jpg\",\"width\":1000,\"height\":667},{\"@type\":\"BreadcrumbList\",\"@id\":\"https:\\\/\\\/www.hplatjadaro.com\\\/de\\\/10-grunde-im-hotel-platja-daro-zu-ubernachten\\\/#breadcrumb\",\"itemListElement\":[{\"@type\":\"ListItem\",\"position\":1,\"name\":\"Portada\",\"item\":\"https:\\\/\\\/www.hplatjadaro.com\\\/de\\\/\"},{\"@type\":\"ListItem\",\"position\":2,\"name\":\"10 Gr\u00fcnde, im Hotel Platja d&#8217;Aro zu \u00fcbernachten\"}]},{\"@type\":\"WebSite\",\"@id\":\"https:\\\/\\\/www.hplatjadaro.com\\\/de\\\/#website\",\"url\":\"https:\\\/\\\/www.hplatjadaro.com\\\/de\\\/\",\"name\":\"Aromar Hotels & Restaurants\",\"description\":\"Hotel familiar a Platja d&#039;Aro, Costa Brava\",\"publisher\":{\"@id\":\"https:\\\/\\\/www.hplatjadaro.com\\\/de\\\/#organization\"},\"alternateName\":\"Aromar Hotels & Restaurants\",\"potentialAction\":[{\"@type\":\"SearchAction\",\"target\":{\"@type\":\"EntryPoint\",\"urlTemplate\":\"https:\\\/\\\/www.hplatjadaro.com\\\/de\\\/?s={search_term_string}\"},\"query-input\":{\"@type\":\"PropertyValueSpecification\",\"valueRequired\":true,\"valueName\":\"search_term_string\"}}],\"inLanguage\":\"de\"},{\"@type\":\"Organization\",\"@id\":\"https:\\\/\\\/www.hplatjadaro.com\\\/de\\\/#organization\",\"name\":\"Hotel Platja d'Aro\",\"alternateName\":\"Aromar Hotels\",\"url\":\"https:\\\/\\\/www.hplatjadaro.com\\\/de\\\/\",\"logo\":{\"@type\":\"ImageObject\",\"inLanguage\":\"de\",\"@id\":\"https:\\\/\\\/www.hplatjadaro.com\\\/de\\\/#\\\/schema\\\/logo\\\/image\\\/\",\"url\":\"https:\\\/\\\/www.hplatjadaro.com\\\/wp-content\\\/uploads\\\/2024\\\/04\\\/Aromar-2.jpg\",\"contentUrl\":\"https:\\\/\\\/www.hplatjadaro.com\\\/wp-content\\\/uploads\\\/2024\\\/04\\\/Aromar-2.jpg\",\"width\":696,\"height\":696,\"caption\":\"Hotel Platja d'Aro\"},\"image\":{\"@id\":\"https:\\\/\\\/www.hplatjadaro.com\\\/de\\\/#\\\/schema\\\/logo\\\/image\\\/\"}},{\"@type\":\"Person\",\"@id\":\"https:\\\/\\\/www.hplatjadaro.com\\\/de\\\/#\\\/schema\\\/person\\\/3b4dad233a49ff0bc5b42d830b3f7e53\",\"name\":\"Comunicaci\u00f3 Integral Neorg\",\"image\":{\"@type\":\"ImageObject\",\"inLanguage\":\"de\",\"@id\":\"https:\\\/\\\/secure.gravatar.com\\\/avatar\\\/709d3d8015183afa7401c02e2291a538cbfd4ffe62f4d86ce5f4871f22e86b09?s=96&d=mm&r=g\",\"url\":\"https:\\\/\\\/secure.gravatar.com\\\/avatar\\\/709d3d8015183afa7401c02e2291a538cbfd4ffe62f4d86ce5f4871f22e86b09?s=96&d=mm&r=g\",\"contentUrl\":\"https:\\\/\\\/secure.gravatar.com\\\/avatar\\\/709d3d8015183afa7401c02e2291a538cbfd4ffe62f4d86ce5f4871f22e86b09?s=96&d=mm&r=g\",\"caption\":\"Comunicaci\u00f3 Integral Neorg\"},\"sameAs\":[\"https:\\\/\\\/www.hplatjadaro.com\"]}]}<\/script>\n<!-- \/ Yoast SEO plugin. -->","yoast_head_json":{"title":"10 Gr\u00fcnde, im Hotel Platja d'Aro zu \u00fcbernachten | Hotel Platja d&#039;Aro","robots":{"index":"index","follow":"follow","max-snippet":"max-snippet:-1","max-image-preview":"max-image-preview:large","max-video-preview":"max-video-preview:-1"},"canonical":"https:\/\/www.hplatjadaro.com\/de\/10-grunde-im-hotel-platja-daro-zu-ubernachten\/","og_locale":"de_DE","og_type":"article","og_title":"10 Gr\u00fcnde, im Hotel Platja d'Aro zu \u00fcbernachten | Hotel Platja d&#039;Aro","og_description":"Ob Sie uns bereits kennen oder noch nicht \u2013 dieser Artikel kann Ihnen eine gro\u00dfe Hilfe sein, um die Gr\u00fcnde zu erfahren, warum ein Aufenthalt im Hotel Platja d&#8217;Aro eine der besten Optionen an der Costa Brava ist: Wegen seiner herrlichen Lage: in Platja d&#8217;Aro an der Costa Brava des Empord\u00e0 in Katalonien gelegen, bietet&hellip;&nbsp;","og_url":"https:\/\/www.hplatjadaro.com\/de\/10-grunde-im-hotel-platja-daro-zu-ubernachten\/","og_site_name":"Hotel Platja d&#039;Aro","article_published_time":"2026-07-02T08:35:24+00:00","og_image":[{"width":1200,"height":675,"url":"https:\/\/www.hplatjadaro.com\/wp-content\/uploads\/2024\/04\/Aromar.jpg","type":"image\/jpeg"}],"author":"Comunicaci\u00f3 Integral Neorg","twitter_card":"summary_large_image","twitter_misc":{"Verfasst von":"Comunicaci\u00f3 Integral Neorg","Gesch\u00e4tzte Lesezeit":"1\u00a0Minute"},"schema":{"@context":"https:\/\/schema.org","@graph":[{"@type":"Article","@id":"https:\/\/www.hplatjadaro.com\/de\/10-grunde-im-hotel-platja-daro-zu-ubernachten\/#article","isPartOf":{"@id":"https:\/\/www.hplatjadaro.com\/de\/10-grunde-im-hotel-platja-daro-zu-ubernachten\/"},"author":{"name":"Comunicaci\u00f3 Integral Neorg","@id":"https:\/\/www.hplatjadaro.com\/de\/#\/schema\/person\/3b4dad233a49ff0bc5b42d830b3f7e53"},"headline":"10 Gr\u00fcnde, im Hotel Platja d&#8217;Aro zu \u00fcbernachten","datePublished":"2026-07-02T08:35:24+00:00","mainEntityOfPage":{"@id":"https:\/\/www.hplatjadaro.com\/de\/10-grunde-im-hotel-platja-daro-zu-ubernachten\/"},"wordCount":243,"publisher":{"@id":"https:\/\/www.hplatjadaro.com\/de\/#organization"},"image":{"@id":"https:\/\/www.hplatjadaro.com\/de\/10-grunde-im-hotel-platja-daro-zu-ubernachten\/#primaryimage"},"thumbnailUrl":"https:\/\/www.hplatjadaro.com\/wp-content\/uploads\/2026\/07\/FILES_ITEMS_559_10_RAONS_W_1900_Q_100.jpg","articleSection":["Neuigkeiten"],"inLanguage":"de"},{"@type":"WebPage","@id":"https:\/\/www.hplatjadaro.com\/de\/10-grunde-im-hotel-platja-daro-zu-ubernachten\/","url":"https:\/\/www.hplatjadaro.com\/de\/10-grunde-im-hotel-platja-daro-zu-ubernachten\/","name":"10 Gr\u00fcnde, im Hotel Platja d'Aro zu \u00fcbernachten | Hotel Platja d&#039;Aro","isPartOf":{"@id":"https:\/\/www.hplatjadaro.com\/de\/#website"},"primaryImageOfPage":{"@id":"https:\/\/www.hplatjadaro.com\/de\/10-grunde-im-hotel-platja-daro-zu-ubernachten\/#primaryimage"},"image":{"@id":"https:\/\/www.hplatjadaro.com\/de\/10-grunde-im-hotel-platja-daro-zu-ubernachten\/#primaryimage"},"thumbnailUrl":"https:\/\/www.hplatjadaro.com\/wp-content\/uploads\/2026\/07\/FILES_ITEMS_559_10_RAONS_W_1900_Q_100.jpg","datePublished":"2026-07-02T08:35:24+00:00","breadcrumb":{"@id":"https:\/\/www.hplatjadaro.com\/de\/10-grunde-im-hotel-platja-daro-zu-ubernachten\/#breadcrumb"},"inLanguage":"de","potentialAction":[{"@type":"ReadAction","target":["https:\/\/www.hplatjadaro.com\/de\/10-grunde-im-hotel-platja-daro-zu-ubernachten\/"]}]},{"@type":"ImageObject","inLanguage":"de","@id":"https:\/\/www.hplatjadaro.com\/de\/10-grunde-im-hotel-platja-daro-zu-ubernachten\/#primaryimage","url":"https:\/\/www.hplatjadaro.com\/wp-content\/uploads\/2026\/07\/FILES_ITEMS_559_10_RAONS_W_1900_Q_100.jpg","contentUrl":"https:\/\/www.hplatjadaro.com\/wp-content\/uploads\/2026\/07\/FILES_ITEMS_559_10_RAONS_W_1900_Q_100.jpg","width":1000,"height":667},{"@type":"BreadcrumbList","@id":"https:\/\/www.hplatjadaro.com\/de\/10-grunde-im-hotel-platja-daro-zu-ubernachten\/#breadcrumb","itemListElement":[{"@type":"ListItem","position":1,"name":"Portada","item":"https:\/\/www.hplatjadaro.com\/de\/"},{"@type":"ListItem","position":2,"name":"10 Gr\u00fcnde, im Hotel Platja d&#8217;Aro zu \u00fcbernachten"}]},{"@type":"WebSite","@id":"https:\/\/www.hplatjadaro.com\/de\/#website","url":"https:\/\/www.hplatjadaro.com\/de\/","name":"Aromar Hotels & Restaurants","description":"Hotel familiar a Platja d&#039;Aro, Costa Brava","publisher":{"@id":"https:\/\/www.hplatjadaro.com\/de\/#organization"},"alternateName":"Aromar Hotels & Restaurants","potentialAction":[{"@type":"SearchAction","target":{"@type":"EntryPoint","urlTemplate":"https:\/\/www.hplatjadaro.com\/de\/?s={search_term_string}"},"query-input":{"@type":"PropertyValueSpecification","valueRequired":true,"valueName":"search_term_string"}}],"inLanguage":"de"},{"@type":"Organization","@id":"https:\/\/www.hplatjadaro.com\/de\/#organization","name":"Hotel Platja d'Aro","alternateName":"Aromar Hotels","url":"https:\/\/www.hplatjadaro.com\/de\/","logo":{"@type":"ImageObject","inLanguage":"de","@id":"https:\/\/www.hplatjadaro.com\/de\/#\/schema\/logo\/image\/","url":"https:\/\/www.hplatjadaro.com\/wp-content\/uploads\/2024\/04\/Aromar-2.jpg","contentUrl":"https:\/\/www.hplatjadaro.com\/wp-content\/uploads\/2024\/04\/Aromar-2.jpg","width":696,"height":696,"caption":"Hotel Platja d'Aro"},"image":{"@id":"https:\/\/www.hplatjadaro.com\/de\/#\/schema\/logo\/image\/"}},{"@type":"Person","@id":"https:\/\/www.hplatjadaro.com\/de\/#\/schema\/person\/3b4dad233a49ff0bc5b42d830b3f7e53","name":"Comunicaci\u00f3 Integral Neorg","image":{"@type":"ImageObject","inLanguage":"de","@id":"https:\/\/secure.gravatar.com\/avatar\/709d3d8015183afa7401c02e2291a538cbfd4ffe62f4d86ce5f4871f22e86b09?s=96&d=mm&r=g","url":"https:\/\/secure.gravatar.com\/avatar\/709d3d8015183afa7401c02e2291a538cbfd4ffe62f4d86ce5f4871f22e86b09?s=96&d=mm&r=g","contentUrl":"https:\/\/secure.gravatar.com\/avatar\/709d3d8015183afa7401c02e2291a538cbfd4ffe62f4d86ce5f4871f22e86b09?s=96&d=mm&r=g","caption":"Comunicaci\u00f3 Integral Neorg"},"sameAs":["https:\/\/www.hplatjadaro.com"]}]}},"_links":{"self":[{"href":"https:\/\/www.hplatjadaro.com\/de\/wp-json\/wp\/v2\/posts\/8869","targetHints":{"allow":["GET"]}}],"collection":[{"href":"https:\/\/www.hplatjadaro.com\/de\/wp-json\/wp\/v2\/posts"}],"about":[{"href":"https:\/\/www.hplatjadaro.com\/de\/wp-json\/wp\/v2\/types\/post"}],"author":[{"embeddable":true,"href":"https:\/\/www.hplatjadaro.com\/de\/wp-json\/wp\/v2\/users\/1"}],"replies":[{"embeddable":true,"href":"https:\/\/www.hplatjadaro.com\/de\/wp-json\/wp\/v2\/comments?post=8869"}],"version-history":[{"count":0,"href":"https:\/\/www.hplatjadaro.com\/de\/wp-json\/wp\/v2\/posts\/8869\/revisions"}],"wp:featuredmedia":[{"embeddable":true,"href":"https:\/\/www.hplatjadaro.com\/de\/wp-json\/wp\/v2\/media\/8245"}],"wp:attachment":[{"href":"https:\/\/www.hplatjadaro.com\/de\/wp-json\/wp\/v2\/media?parent=8869"}],"wp:term":[{"taxonomy":"category","embeddable":true,"href":"https:\/\/www.hplatjadaro.com\/de\/wp-json\/wp\/v2\/categories?post=8869"},{"taxonomy":"post_tag","embeddable":true,"href":"https:\/\/www.hplatjadaro.com\/de\/wp-json\/wp\/v2\/tags?post=8869"}],"curies":[{"name":"wp","href":"https:\/\/api.w.org\/{rel}","templated":true}]}}