{"id":8889,"date":"2026-07-02T10:35:24","date_gmt":"2026-07-02T08:35:24","guid":{"rendered":"https:\/\/www.hplatjadaro.com\/sie-werden-nicht-aufhoren-sich-zu-bewegen-aktivtourismus-in-platja-daro\/"},"modified":"2026-07-02T10:35:24","modified_gmt":"2026-07-02T08:35:24","slug":"sie-werden-nicht-aufhoren-sich-zu-bewegen-aktivtourismus-in-platja-daro","status":"publish","type":"post","link":"https:\/\/www.hplatjadaro.com\/de\/sie-werden-nicht-aufhoren-sich-zu-bewegen-aktivtourismus-in-platja-daro\/","title":{"rendered":"Sie werden nicht aufh\u00f6ren, sich zu bewegen: Aktivtourismus in Platja d&#8217;Aro"},"content":{"rendered":"<p class=\"p1\"><em>Aktivtourismus, immer st\u00e4rker nachgefragt von den Besuchern der Costa Brava<\/em><\/p>\n<p class=\"p1\">In den letzten Jahren ist der Aktivtourismus laut den f\u00fchrenden Tourismus- und Reiseportalen zu einem der gefragtesten geworden. Immer mehr Freundesgruppen, Familien und sogar Paare suchen einen Urlaub, in dem k\u00f6rperliche Aktivit\u00e4t die echte Hauptrolle spielt.<\/p>\n<p class=\"p1\">Der Aktivtourismus in Platja d&#8217;Aro ist ebenso vielf\u00e4ltig wie au\u00dfergew\u00f6hnlich. Jede Aktivit\u00e4t, die Bewegung, Laufen, Springen, Klettern, Schwimmen, Gehen, Auf- oder Absteigen bedeutet, hat in dieser kleinen K\u00fcstengemeinde ihren Platz. Doch welche Aktivit\u00e4ten erwarten die Besucher in Platja d&#8217;Aro, die mit Lust auf k\u00f6rperliche Bewegung anreisen?<\/p>\n<h2 class=\"p1\">5 Aktivtourismus-Aktivit\u00e4ten in Platja d&#8217;Aro<\/h2>\n<h3 class=\"p1\">Fahrradtourismus, Greenways und Mountainbike<\/h3>\n<p class=\"p1\">Wenn Sie zu den Touristen geh\u00f6ren, die gern Orte auf dem Fahrrad entdecken, ist die Costa Brava genau das Richtige f\u00fcr Sie. Sie k\u00f6nnen Kilometer um Kilometer auf Routen alter Bahntrassen radeln und dabei die Landschaften genie\u00dfen, die sich Ihnen unterwegs er\u00f6ffnen.<\/p>\n<h3 class=\"p1\">Wandern<\/h3>\n<p class=\"p1\">Die Camins de Ronda f\u00fchren entlang der Buchten und Str\u00e4nde der Costa Brava. M\u00f6chten Sie sie erkunden? Machen Sie Ihr bequemstes Schuhwerk bereit, r\u00fcsten Sie sich gut aus und beginnen Sie, durch Orte zu wandern, die Sie begeistern werden.<\/p>\n<h3 class=\"p1\">Multiabenteuer<\/h3>\n<p class=\"p1\">M\u00f6gen Sie etwas st\u00e4rkere Emotionen und Adrenalin? In Platja d&#8217;Aro k\u00f6nnen Sie auch Reiten, Segway-Touren, Abenteuerparks, Fallschirmspr\u00fcnge, Klettersteige, Hei\u00dfluftballons, Klettern, Canyoning\u2026<\/p>\n<h3 class=\"p1\">Nautik- und Sporttourismus<\/h3>\n<p class=\"p1\">Die gro\u00dfe Anzahl an Sporth\u00e4fen und Tauchzentren an der Costa Brava er\u00f6ffnet alle M\u00f6glichkeiten f\u00fcr jede Wasseraktivit\u00e4t: Ski, Segeln, Schnorcheln, Windsurfen, Kajak usw. Ebenso k\u00f6nnen Sie, wenn Sie weniger auf Randsportarten stehen, immer Fu\u00dfball, Basketball, Tennis, Golf usw. spielen.<\/p>\n<p class=\"p1\">Buchen Sie hier Ihren Urlaub in Platja d&#8217;Aro: <a href=\"https:\/\/www.hplatjadaro.com\/de\/familienzimmer-und-gruppe\/\">jetzt buchen<\/a>.<\/p>\n","protected":false},"excerpt":{"rendered":"<p>Aktivtourismus, immer st\u00e4rker nachgefragt von den Besuchern der Costa Brava In den letzten Jahren ist der Aktivtourismus laut den f\u00fchrenden Tourismus- und Reiseportalen zu einem der gefragtesten geworden. Immer mehr Freundesgruppen, Familien und sogar Paare suchen einen Urlaub, in dem k\u00f6rperliche Aktivit\u00e4t die echte Hauptrolle spielt. Der Aktivtourismus in Platja d&#8217;Aro ist ebenso vielf\u00e4ltig wie&hellip;&nbsp;<\/p>\n","protected":false},"author":1,"featured_media":8246,"comment_status":"","ping_status":"closed","sticky":false,"template":"","format":"standard","meta":{"_acf_changed":false,"neve_meta_sidebar":"","neve_meta_container":"","neve_meta_enable_content_width":"","neve_meta_content_width":0,"neve_meta_title_alignment":"","neve_meta_author_avatar":"","neve_post_elements_order":"","neve_meta_disable_header":"","neve_meta_disable_footer":"","neve_meta_disable_title":"","neve_meta_reading_time":"","footnotes":""},"categories":[81],"tags":[],"class_list":["post-8889","post","type-post","status-publish","format-standard","has-post-thumbnail","hentry","category-neuigkeiten"],"acf":[],"yoast_head":"<!-- This site is optimized with the Yoast SEO plugin v28.4 - https:\/\/yoast.com\/product\/yoast-seo-wordpress\/ -->\n<title>Sie werden nicht aufh\u00f6ren, sich zu bewegen: Aktivtourismus in Platja d&#039;Aro | Hotel Platja d&#039;Aro<\/title>\n<meta name=\"robots\" content=\"index, follow, max-snippet:-1, max-image-preview:large, max-video-preview:-1\" \/>\n<link rel=\"canonical\" href=\"https:\/\/www.hplatjadaro.com\/de\/sie-werden-nicht-aufhoren-sich-zu-bewegen-aktivtourismus-in-platja-daro\/\" \/>\n<meta property=\"og:locale\" content=\"de_DE\" \/>\n<meta property=\"og:type\" content=\"article\" \/>\n<meta property=\"og:title\" content=\"Sie werden nicht aufh\u00f6ren, sich zu bewegen: Aktivtourismus in Platja d&#039;Aro | Hotel Platja d&#039;Aro\" \/>\n<meta property=\"og:description\" content=\"Aktivtourismus, immer st\u00e4rker nachgefragt von den Besuchern der Costa Brava In den letzten Jahren ist der Aktivtourismus laut den f\u00fchrenden Tourismus- und Reiseportalen zu einem der gefragtesten geworden. Immer mehr Freundesgruppen, Familien und sogar Paare suchen einen Urlaub, in dem k\u00f6rperliche Aktivit\u00e4t die echte Hauptrolle spielt. Der Aktivtourismus in Platja d&#8217;Aro ist ebenso vielf\u00e4ltig wie&hellip;&nbsp;\" \/>\n<meta property=\"og:url\" content=\"https:\/\/www.hplatjadaro.com\/de\/sie-werden-nicht-aufhoren-sich-zu-bewegen-aktivtourismus-in-platja-daro\/\" \/>\n<meta property=\"og:site_name\" content=\"Hotel Platja d&#039;Aro\" \/>\n<meta property=\"article:published_time\" content=\"2026-07-02T08:35:24+00:00\" \/>\n<meta property=\"og:image\" content=\"https:\/\/www.hplatjadaro.com\/wp-content\/uploads\/2024\/04\/Aromar.jpg\" \/>\n\t<meta property=\"og:image:width\" content=\"1200\" \/>\n\t<meta property=\"og:image:height\" content=\"675\" \/>\n\t<meta property=\"og:image:type\" content=\"image\/jpeg\" \/>\n<meta name=\"author\" content=\"Comunicaci\u00f3 Integral Neorg\" \/>\n<meta name=\"twitter:card\" content=\"summary_large_image\" \/>\n<meta name=\"twitter:label1\" content=\"Verfasst von\" \/>\n\t<meta name=\"twitter:data1\" content=\"Comunicaci\u00f3 Integral Neorg\" \/>\n\t<meta name=\"twitter:label2\" content=\"Gesch\u00e4tzte Lesezeit\" \/>\n\t<meta name=\"twitter:data2\" content=\"1\u00a0Minute\" \/>\n<script type=\"application\/ld+json\" class=\"yoast-schema-graph\">{\"@context\":\"https:\\\/\\\/schema.org\",\"@graph\":[{\"@type\":\"Article\",\"@id\":\"https:\\\/\\\/www.hplatjadaro.com\\\/de\\\/sie-werden-nicht-aufhoren-sich-zu-bewegen-aktivtourismus-in-platja-daro\\\/#article\",\"isPartOf\":{\"@id\":\"https:\\\/\\\/www.hplatjadaro.com\\\/de\\\/sie-werden-nicht-aufhoren-sich-zu-bewegen-aktivtourismus-in-platja-daro\\\/\"},\"author\":{\"name\":\"Comunicaci\u00f3 Integral Neorg\",\"@id\":\"https:\\\/\\\/www.hplatjadaro.com\\\/de\\\/#\\\/schema\\\/person\\\/3b4dad233a49ff0bc5b42d830b3f7e53\"},\"headline\":\"Sie werden nicht aufh\u00f6ren, sich zu bewegen: Aktivtourismus in Platja d&#8217;Aro\",\"datePublished\":\"2026-07-02T08:35:24+00:00\",\"mainEntityOfPage\":{\"@id\":\"https:\\\/\\\/www.hplatjadaro.com\\\/de\\\/sie-werden-nicht-aufhoren-sich-zu-bewegen-aktivtourismus-in-platja-daro\\\/\"},\"wordCount\":308,\"publisher\":{\"@id\":\"https:\\\/\\\/www.hplatjadaro.com\\\/de\\\/#organization\"},\"image\":{\"@id\":\"https:\\\/\\\/www.hplatjadaro.com\\\/de\\\/sie-werden-nicht-aufhoren-sich-zu-bewegen-aktivtourismus-in-platja-daro\\\/#primaryimage\"},\"thumbnailUrl\":\"https:\\\/\\\/www.hplatjadaro.com\\\/wp-content\\\/uploads\\\/2026\\\/07\\\/turismo_activo.jpg\",\"articleSection\":[\"Neuigkeiten\"],\"inLanguage\":\"de\"},{\"@type\":\"WebPage\",\"@id\":\"https:\\\/\\\/www.hplatjadaro.com\\\/de\\\/sie-werden-nicht-aufhoren-sich-zu-bewegen-aktivtourismus-in-platja-daro\\\/\",\"url\":\"https:\\\/\\\/www.hplatjadaro.com\\\/de\\\/sie-werden-nicht-aufhoren-sich-zu-bewegen-aktivtourismus-in-platja-daro\\\/\",\"name\":\"Sie werden nicht aufh\u00f6ren, sich zu bewegen: Aktivtourismus in Platja d'Aro | Hotel Platja d&#039;Aro\",\"isPartOf\":{\"@id\":\"https:\\\/\\\/www.hplatjadaro.com\\\/de\\\/#website\"},\"primaryImageOfPage\":{\"@id\":\"https:\\\/\\\/www.hplatjadaro.com\\\/de\\\/sie-werden-nicht-aufhoren-sich-zu-bewegen-aktivtourismus-in-platja-daro\\\/#primaryimage\"},\"image\":{\"@id\":\"https:\\\/\\\/www.hplatjadaro.com\\\/de\\\/sie-werden-nicht-aufhoren-sich-zu-bewegen-aktivtourismus-in-platja-daro\\\/#primaryimage\"},\"thumbnailUrl\":\"https:\\\/\\\/www.hplatjadaro.com\\\/wp-content\\\/uploads\\\/2026\\\/07\\\/turismo_activo.jpg\",\"datePublished\":\"2026-07-02T08:35:24+00:00\",\"breadcrumb\":{\"@id\":\"https:\\\/\\\/www.hplatjadaro.com\\\/de\\\/sie-werden-nicht-aufhoren-sich-zu-bewegen-aktivtourismus-in-platja-daro\\\/#breadcrumb\"},\"inLanguage\":\"de\",\"potentialAction\":[{\"@type\":\"ReadAction\",\"target\":[\"https:\\\/\\\/www.hplatjadaro.com\\\/de\\\/sie-werden-nicht-aufhoren-sich-zu-bewegen-aktivtourismus-in-platja-daro\\\/\"]}]},{\"@type\":\"ImageObject\",\"inLanguage\":\"de\",\"@id\":\"https:\\\/\\\/www.hplatjadaro.com\\\/de\\\/sie-werden-nicht-aufhoren-sich-zu-bewegen-aktivtourismus-in-platja-daro\\\/#primaryimage\",\"url\":\"https:\\\/\\\/www.hplatjadaro.com\\\/wp-content\\\/uploads\\\/2026\\\/07\\\/turismo_activo.jpg\",\"contentUrl\":\"https:\\\/\\\/www.hplatjadaro.com\\\/wp-content\\\/uploads\\\/2026\\\/07\\\/turismo_activo.jpg\",\"width\":2500,\"height\":1593},{\"@type\":\"BreadcrumbList\",\"@id\":\"https:\\\/\\\/www.hplatjadaro.com\\\/de\\\/sie-werden-nicht-aufhoren-sich-zu-bewegen-aktivtourismus-in-platja-daro\\\/#breadcrumb\",\"itemListElement\":[{\"@type\":\"ListItem\",\"position\":1,\"name\":\"Portada\",\"item\":\"https:\\\/\\\/www.hplatjadaro.com\\\/de\\\/\"},{\"@type\":\"ListItem\",\"position\":2,\"name\":\"Sie werden nicht aufh\u00f6ren, sich zu bewegen: Aktivtourismus in Platja d&#8217;Aro\"}]},{\"@type\":\"WebSite\",\"@id\":\"https:\\\/\\\/www.hplatjadaro.com\\\/de\\\/#website\",\"url\":\"https:\\\/\\\/www.hplatjadaro.com\\\/de\\\/\",\"name\":\"Aromar Hotels & Restaurants\",\"description\":\"Hotel familiar a Platja d&#039;Aro, Costa Brava\",\"publisher\":{\"@id\":\"https:\\\/\\\/www.hplatjadaro.com\\\/de\\\/#organization\"},\"alternateName\":\"Aromar Hotels & Restaurants\",\"potentialAction\":[{\"@type\":\"SearchAction\",\"target\":{\"@type\":\"EntryPoint\",\"urlTemplate\":\"https:\\\/\\\/www.hplatjadaro.com\\\/de\\\/?s={search_term_string}\"},\"query-input\":{\"@type\":\"PropertyValueSpecification\",\"valueRequired\":true,\"valueName\":\"search_term_string\"}}],\"inLanguage\":\"de\"},{\"@type\":\"Organization\",\"@id\":\"https:\\\/\\\/www.hplatjadaro.com\\\/de\\\/#organization\",\"name\":\"Hotel Platja d'Aro\",\"alternateName\":\"Aromar Hotels\",\"url\":\"https:\\\/\\\/www.hplatjadaro.com\\\/de\\\/\",\"logo\":{\"@type\":\"ImageObject\",\"inLanguage\":\"de\",\"@id\":\"https:\\\/\\\/www.hplatjadaro.com\\\/de\\\/#\\\/schema\\\/logo\\\/image\\\/\",\"url\":\"https:\\\/\\\/www.hplatjadaro.com\\\/wp-content\\\/uploads\\\/2024\\\/04\\\/Aromar-2.jpg\",\"contentUrl\":\"https:\\\/\\\/www.hplatjadaro.com\\\/wp-content\\\/uploads\\\/2024\\\/04\\\/Aromar-2.jpg\",\"width\":696,\"height\":696,\"caption\":\"Hotel Platja d'Aro\"},\"image\":{\"@id\":\"https:\\\/\\\/www.hplatjadaro.com\\\/de\\\/#\\\/schema\\\/logo\\\/image\\\/\"}},{\"@type\":\"Person\",\"@id\":\"https:\\\/\\\/www.hplatjadaro.com\\\/de\\\/#\\\/schema\\\/person\\\/3b4dad233a49ff0bc5b42d830b3f7e53\",\"name\":\"Comunicaci\u00f3 Integral Neorg\",\"image\":{\"@type\":\"ImageObject\",\"inLanguage\":\"de\",\"@id\":\"https:\\\/\\\/secure.gravatar.com\\\/avatar\\\/709d3d8015183afa7401c02e2291a538cbfd4ffe62f4d86ce5f4871f22e86b09?s=96&d=mm&r=g\",\"url\":\"https:\\\/\\\/secure.gravatar.com\\\/avatar\\\/709d3d8015183afa7401c02e2291a538cbfd4ffe62f4d86ce5f4871f22e86b09?s=96&d=mm&r=g\",\"contentUrl\":\"https:\\\/\\\/secure.gravatar.com\\\/avatar\\\/709d3d8015183afa7401c02e2291a538cbfd4ffe62f4d86ce5f4871f22e86b09?s=96&d=mm&r=g\",\"caption\":\"Comunicaci\u00f3 Integral Neorg\"},\"sameAs\":[\"https:\\\/\\\/www.hplatjadaro.com\"]}]}<\/script>\n<!-- \/ Yoast SEO plugin. -->","yoast_head_json":{"title":"Sie werden nicht aufh\u00f6ren, sich zu bewegen: Aktivtourismus in Platja d'Aro | Hotel Platja d&#039;Aro","robots":{"index":"index","follow":"follow","max-snippet":"max-snippet:-1","max-image-preview":"max-image-preview:large","max-video-preview":"max-video-preview:-1"},"canonical":"https:\/\/www.hplatjadaro.com\/de\/sie-werden-nicht-aufhoren-sich-zu-bewegen-aktivtourismus-in-platja-daro\/","og_locale":"de_DE","og_type":"article","og_title":"Sie werden nicht aufh\u00f6ren, sich zu bewegen: Aktivtourismus in Platja d'Aro | Hotel Platja d&#039;Aro","og_description":"Aktivtourismus, immer st\u00e4rker nachgefragt von den Besuchern der Costa Brava In den letzten Jahren ist der Aktivtourismus laut den f\u00fchrenden Tourismus- und Reiseportalen zu einem der gefragtesten geworden. Immer mehr Freundesgruppen, Familien und sogar Paare suchen einen Urlaub, in dem k\u00f6rperliche Aktivit\u00e4t die echte Hauptrolle spielt. Der Aktivtourismus in Platja d&#8217;Aro ist ebenso vielf\u00e4ltig wie&hellip;&nbsp;","og_url":"https:\/\/www.hplatjadaro.com\/de\/sie-werden-nicht-aufhoren-sich-zu-bewegen-aktivtourismus-in-platja-daro\/","og_site_name":"Hotel Platja d&#039;Aro","article_published_time":"2026-07-02T08:35:24+00:00","og_image":[{"width":1200,"height":675,"url":"https:\/\/www.hplatjadaro.com\/wp-content\/uploads\/2024\/04\/Aromar.jpg","type":"image\/jpeg"}],"author":"Comunicaci\u00f3 Integral Neorg","twitter_card":"summary_large_image","twitter_misc":{"Verfasst von":"Comunicaci\u00f3 Integral Neorg","Gesch\u00e4tzte Lesezeit":"1\u00a0Minute"},"schema":{"@context":"https:\/\/schema.org","@graph":[{"@type":"Article","@id":"https:\/\/www.hplatjadaro.com\/de\/sie-werden-nicht-aufhoren-sich-zu-bewegen-aktivtourismus-in-platja-daro\/#article","isPartOf":{"@id":"https:\/\/www.hplatjadaro.com\/de\/sie-werden-nicht-aufhoren-sich-zu-bewegen-aktivtourismus-in-platja-daro\/"},"author":{"name":"Comunicaci\u00f3 Integral Neorg","@id":"https:\/\/www.hplatjadaro.com\/de\/#\/schema\/person\/3b4dad233a49ff0bc5b42d830b3f7e53"},"headline":"Sie werden nicht aufh\u00f6ren, sich zu bewegen: Aktivtourismus in Platja d&#8217;Aro","datePublished":"2026-07-02T08:35:24+00:00","mainEntityOfPage":{"@id":"https:\/\/www.hplatjadaro.com\/de\/sie-werden-nicht-aufhoren-sich-zu-bewegen-aktivtourismus-in-platja-daro\/"},"wordCount":308,"publisher":{"@id":"https:\/\/www.hplatjadaro.com\/de\/#organization"},"image":{"@id":"https:\/\/www.hplatjadaro.com\/de\/sie-werden-nicht-aufhoren-sich-zu-bewegen-aktivtourismus-in-platja-daro\/#primaryimage"},"thumbnailUrl":"https:\/\/www.hplatjadaro.com\/wp-content\/uploads\/2026\/07\/turismo_activo.jpg","articleSection":["Neuigkeiten"],"inLanguage":"de"},{"@type":"WebPage","@id":"https:\/\/www.hplatjadaro.com\/de\/sie-werden-nicht-aufhoren-sich-zu-bewegen-aktivtourismus-in-platja-daro\/","url":"https:\/\/www.hplatjadaro.com\/de\/sie-werden-nicht-aufhoren-sich-zu-bewegen-aktivtourismus-in-platja-daro\/","name":"Sie werden nicht aufh\u00f6ren, sich zu bewegen: Aktivtourismus in Platja d'Aro | Hotel Platja d&#039;Aro","isPartOf":{"@id":"https:\/\/www.hplatjadaro.com\/de\/#website"},"primaryImageOfPage":{"@id":"https:\/\/www.hplatjadaro.com\/de\/sie-werden-nicht-aufhoren-sich-zu-bewegen-aktivtourismus-in-platja-daro\/#primaryimage"},"image":{"@id":"https:\/\/www.hplatjadaro.com\/de\/sie-werden-nicht-aufhoren-sich-zu-bewegen-aktivtourismus-in-platja-daro\/#primaryimage"},"thumbnailUrl":"https:\/\/www.hplatjadaro.com\/wp-content\/uploads\/2026\/07\/turismo_activo.jpg","datePublished":"2026-07-02T08:35:24+00:00","breadcrumb":{"@id":"https:\/\/www.hplatjadaro.com\/de\/sie-werden-nicht-aufhoren-sich-zu-bewegen-aktivtourismus-in-platja-daro\/#breadcrumb"},"inLanguage":"de","potentialAction":[{"@type":"ReadAction","target":["https:\/\/www.hplatjadaro.com\/de\/sie-werden-nicht-aufhoren-sich-zu-bewegen-aktivtourismus-in-platja-daro\/"]}]},{"@type":"ImageObject","inLanguage":"de","@id":"https:\/\/www.hplatjadaro.com\/de\/sie-werden-nicht-aufhoren-sich-zu-bewegen-aktivtourismus-in-platja-daro\/#primaryimage","url":"https:\/\/www.hplatjadaro.com\/wp-content\/uploads\/2026\/07\/turismo_activo.jpg","contentUrl":"https:\/\/www.hplatjadaro.com\/wp-content\/uploads\/2026\/07\/turismo_activo.jpg","width":2500,"height":1593},{"@type":"BreadcrumbList","@id":"https:\/\/www.hplatjadaro.com\/de\/sie-werden-nicht-aufhoren-sich-zu-bewegen-aktivtourismus-in-platja-daro\/#breadcrumb","itemListElement":[{"@type":"ListItem","position":1,"name":"Portada","item":"https:\/\/www.hplatjadaro.com\/de\/"},{"@type":"ListItem","position":2,"name":"Sie werden nicht aufh\u00f6ren, sich zu bewegen: Aktivtourismus in Platja d&#8217;Aro"}]},{"@type":"WebSite","@id":"https:\/\/www.hplatjadaro.com\/de\/#website","url":"https:\/\/www.hplatjadaro.com\/de\/","name":"Aromar Hotels & Restaurants","description":"Hotel familiar a Platja d&#039;Aro, Costa Brava","publisher":{"@id":"https:\/\/www.hplatjadaro.com\/de\/#organization"},"alternateName":"Aromar Hotels & Restaurants","potentialAction":[{"@type":"SearchAction","target":{"@type":"EntryPoint","urlTemplate":"https:\/\/www.hplatjadaro.com\/de\/?s={search_term_string}"},"query-input":{"@type":"PropertyValueSpecification","valueRequired":true,"valueName":"search_term_string"}}],"inLanguage":"de"},{"@type":"Organization","@id":"https:\/\/www.hplatjadaro.com\/de\/#organization","name":"Hotel Platja d'Aro","alternateName":"Aromar Hotels","url":"https:\/\/www.hplatjadaro.com\/de\/","logo":{"@type":"ImageObject","inLanguage":"de","@id":"https:\/\/www.hplatjadaro.com\/de\/#\/schema\/logo\/image\/","url":"https:\/\/www.hplatjadaro.com\/wp-content\/uploads\/2024\/04\/Aromar-2.jpg","contentUrl":"https:\/\/www.hplatjadaro.com\/wp-content\/uploads\/2024\/04\/Aromar-2.jpg","width":696,"height":696,"caption":"Hotel Platja d'Aro"},"image":{"@id":"https:\/\/www.hplatjadaro.com\/de\/#\/schema\/logo\/image\/"}},{"@type":"Person","@id":"https:\/\/www.hplatjadaro.com\/de\/#\/schema\/person\/3b4dad233a49ff0bc5b42d830b3f7e53","name":"Comunicaci\u00f3 Integral Neorg","image":{"@type":"ImageObject","inLanguage":"de","@id":"https:\/\/secure.gravatar.com\/avatar\/709d3d8015183afa7401c02e2291a538cbfd4ffe62f4d86ce5f4871f22e86b09?s=96&d=mm&r=g","url":"https:\/\/secure.gravatar.com\/avatar\/709d3d8015183afa7401c02e2291a538cbfd4ffe62f4d86ce5f4871f22e86b09?s=96&d=mm&r=g","contentUrl":"https:\/\/secure.gravatar.com\/avatar\/709d3d8015183afa7401c02e2291a538cbfd4ffe62f4d86ce5f4871f22e86b09?s=96&d=mm&r=g","caption":"Comunicaci\u00f3 Integral Neorg"},"sameAs":["https:\/\/www.hplatjadaro.com"]}]}},"_links":{"self":[{"href":"https:\/\/www.hplatjadaro.com\/de\/wp-json\/wp\/v2\/posts\/8889","targetHints":{"allow":["GET"]}}],"collection":[{"href":"https:\/\/www.hplatjadaro.com\/de\/wp-json\/wp\/v2\/posts"}],"about":[{"href":"https:\/\/www.hplatjadaro.com\/de\/wp-json\/wp\/v2\/types\/post"}],"author":[{"embeddable":true,"href":"https:\/\/www.hplatjadaro.com\/de\/wp-json\/wp\/v2\/users\/1"}],"replies":[{"embeddable":true,"href":"https:\/\/www.hplatjadaro.com\/de\/wp-json\/wp\/v2\/comments?post=8889"}],"version-history":[{"count":0,"href":"https:\/\/www.hplatjadaro.com\/de\/wp-json\/wp\/v2\/posts\/8889\/revisions"}],"wp:featuredmedia":[{"embeddable":true,"href":"https:\/\/www.hplatjadaro.com\/de\/wp-json\/wp\/v2\/media\/8246"}],"wp:attachment":[{"href":"https:\/\/www.hplatjadaro.com\/de\/wp-json\/wp\/v2\/media?parent=8889"}],"wp:term":[{"taxonomy":"category","embeddable":true,"href":"https:\/\/www.hplatjadaro.com\/de\/wp-json\/wp\/v2\/categories?post=8889"},{"taxonomy":"post_tag","embeddable":true,"href":"https:\/\/www.hplatjadaro.com\/de\/wp-json\/wp\/v2\/tags?post=8889"}],"curies":[{"name":"wp","href":"https:\/\/api.w.org\/{rel}","templated":true}]}}