{"id":8897,"date":"2026-07-02T10:35:24","date_gmt":"2026-07-02T08:35:24","guid":{"rendered":"https:\/\/www.hplatjadaro.com\/das-hotel-platja-daro-zwischen-traumbuchten\/"},"modified":"2026-07-02T10:35:24","modified_gmt":"2026-07-02T08:35:24","slug":"das-hotel-platja-daro-zwischen-traumbuchten","status":"publish","type":"post","link":"https:\/\/www.hplatjadaro.com\/de\/das-hotel-platja-daro-zwischen-traumbuchten\/","title":{"rendered":"Das Hotel Platja d&#8217;Aro, zwischen Traumbuchten"},"content":{"rendered":"<p class=\"p1\"><em>Cala del Pi, Cala Sa Cova und Cala Rovira liegen in sehr kurzer Entfernung vom Hotel Platja d&#8217;Aro<\/em><\/p>\n<p class=\"p1\">Platja d&#8217;Aro ist eines der touristischen Epizentren der Costa Brava. Und das ist kein Zufall. Alles, was es bietet, um Spa\u00df und Qualit\u00e4t der Wochenendausfl\u00fcge oder des lang ersehnten Urlaubs zu gew\u00e4hrleisten, hat diese Gemeinde zu einem echten Besuchermagneten gemacht.<\/p>\n<p class=\"p1\">Die Str\u00e4nde sind einer ihrer Hauptvorz\u00fcge. Es gibt sie f\u00fcr jeden Geschmack: felsig, mit feinem Sand, endlos, schmal, weit, winzig\u2026 Diese gro\u00dfe Vielfalt an Optionen erm\u00f6glicht es uns nicht nur, den zu finden, der am besten zu dem passt, was wir suchen, sondern er\u00f6ffnet uns auch ein breites Spektrum an M\u00f6glichkeiten, die Costa Brava zu erkunden.<\/p>\n<p class=\"p1\"><strong>Welche Buchten k\u00f6nnen wir w\u00e4hrend unseres Aufenthalts im Hotel Platja d&#8217;Aro besuchen?<\/strong><\/p>\n<p class=\"p1\">Die Lage des Hotel Platja d&#8217;Aro ist erhaben. Es ist nicht nur 5 Minuten vom Strand und 3 von der Einkaufsachse entfernt, sondern auch in unbedeutender Entfernung (weniger als 10 Autominuten) von drei Buchten mit gro\u00dfem Ruf: Cala del Pi, Cala Sa Cova und Cala Rovira.<\/p>\n<h2 class=\"p1\">Cala del Pi<\/h2>\n<p class=\"p1\">Als Kuriosit\u00e4t: Ihr Name r\u00fchrt von der gro\u00dfen Anzahl an Pinien in der Gegend her. Besonders gibt es zwei sehr alte. Es ist eine kleine Bucht, die mit den Fischern der Gegend verbunden ist. Sie ist ideal f\u00fcr die Kleinsten, da sie nicht tief ist und man eine gro\u00dfe Menge Felsen erkunden kann. Der Zugang ist begrenzt, weil man eine gute Anzahl von Treppen hinabsteigen muss, aber ihr sauberes, klares und kristallines Wasser ist es sehr wert.<\/p>\n<h2 class=\"p1\">Cala Rovira<\/h2>\n<p class=\"p1\">Die Ausma\u00dfe von Cala Rovira sind so gro\u00df, dass sie eher wie ein Strand als eine Bucht wirkt. Der Sand ist grob, der Einstieg ins Wasser hat ein ziemlich starkes Gef\u00e4lle und ihre Umgebung hat gro\u00dfen touristischen Reiz. Die Felszonen, die den Strand begrenzen, verleihen ihm gro\u00dfen \u00e4sthetischen Wert. Erw\u00e4hnenswert ist, dass Cala Rovira mit der Blauen Flagge ausgezeichnet wurde.<\/p>\n<h2 class=\"p1\">Cala Sa Cova<\/h2>\n<p class=\"p1\">Vegetation umgibt Cala Sa Cova, die unter einer Klippe liegt. Man erreicht sie \u00fcber den K\u00fcstenweg, der an Cala Rovira beginnt. Es ist eine kleinere, gesch\u00fctzte Bucht. Sie ist daf\u00fcr bekannt, der Ort zu sein, an dem die Fischer von l&#8217;Escala ihre Boote lie\u00dfen, w\u00e4hrend sie ihre Handelsgesch\u00e4fte abwickelten. Heute ist sie eine reizende Bucht, um einen Familientag zu verbringen.<\/p>\n<p class=\"p1\">Buchen Sie ein Zimmer im Hotel Platja d&#8217;Aro und entdecken Sie die Costa Brava durch ihre sch\u00f6nsten Buchten!<\/p>\n","protected":false},"excerpt":{"rendered":"<p>Cala del Pi, Cala Sa Cova und Cala Rovira liegen in sehr kurzer Entfernung vom Hotel Platja d&#8217;Aro Platja d&#8217;Aro ist eines der touristischen Epizentren der Costa Brava. Und das ist kein Zufall. Alles, was es bietet, um Spa\u00df und Qualit\u00e4t der Wochenendausfl\u00fcge oder des lang ersehnten Urlaubs zu gew\u00e4hrleisten, hat diese Gemeinde zu einem&hellip;&nbsp;<\/p>\n","protected":false},"author":1,"featured_media":8249,"comment_status":"","ping_status":"closed","sticky":false,"template":"","format":"standard","meta":{"_acf_changed":false,"neve_meta_sidebar":"","neve_meta_container":"","neve_meta_enable_content_width":"","neve_meta_content_width":0,"neve_meta_title_alignment":"","neve_meta_author_avatar":"","neve_post_elements_order":"","neve_meta_disable_header":"","neve_meta_disable_footer":"","neve_meta_disable_title":"","neve_meta_reading_time":"","footnotes":""},"categories":[81],"tags":[],"class_list":["post-8897","post","type-post","status-publish","format-standard","has-post-thumbnail","hentry","category-neuigkeiten"],"acf":[],"yoast_head":"<!-- This site is optimized with the Yoast SEO plugin v28.4 - https:\/\/yoast.com\/product\/yoast-seo-wordpress\/ -->\n<title>Das Hotel Platja d&#039;Aro, zwischen Traumbuchten | Hotel Platja d&#039;Aro<\/title>\n<meta name=\"robots\" content=\"index, follow, max-snippet:-1, max-image-preview:large, max-video-preview:-1\" \/>\n<link rel=\"canonical\" href=\"https:\/\/www.hplatjadaro.com\/de\/das-hotel-platja-daro-zwischen-traumbuchten\/\" \/>\n<meta property=\"og:locale\" content=\"de_DE\" \/>\n<meta property=\"og:type\" content=\"article\" \/>\n<meta property=\"og:title\" content=\"Das Hotel Platja d&#039;Aro, zwischen Traumbuchten | Hotel Platja d&#039;Aro\" \/>\n<meta property=\"og:description\" content=\"Cala del Pi, Cala Sa Cova und Cala Rovira liegen in sehr kurzer Entfernung vom Hotel Platja d&#8217;Aro Platja d&#8217;Aro ist eines der touristischen Epizentren der Costa Brava. Und das ist kein Zufall. Alles, was es bietet, um Spa\u00df und Qualit\u00e4t der Wochenendausfl\u00fcge oder des lang ersehnten Urlaubs zu gew\u00e4hrleisten, hat diese Gemeinde zu einem&hellip;&nbsp;\" \/>\n<meta property=\"og:url\" content=\"https:\/\/www.hplatjadaro.com\/de\/das-hotel-platja-daro-zwischen-traumbuchten\/\" \/>\n<meta property=\"og:site_name\" content=\"Hotel Platja d&#039;Aro\" \/>\n<meta property=\"article:published_time\" content=\"2026-07-02T08:35:24+00:00\" \/>\n<meta property=\"og:image\" content=\"https:\/\/www.hplatjadaro.com\/wp-content\/uploads\/2024\/04\/Aromar.jpg\" \/>\n\t<meta property=\"og:image:width\" content=\"1200\" \/>\n\t<meta property=\"og:image:height\" content=\"675\" \/>\n\t<meta property=\"og:image:type\" content=\"image\/jpeg\" \/>\n<meta name=\"author\" content=\"Comunicaci\u00f3 Integral Neorg\" \/>\n<meta name=\"twitter:card\" content=\"summary_large_image\" \/>\n<meta name=\"twitter:label1\" content=\"Verfasst von\" \/>\n\t<meta name=\"twitter:data1\" content=\"Comunicaci\u00f3 Integral Neorg\" \/>\n\t<meta name=\"twitter:label2\" content=\"Gesch\u00e4tzte Lesezeit\" \/>\n\t<meta name=\"twitter:data2\" content=\"2\u00a0Minuten\" \/>\n<script type=\"application\/ld+json\" class=\"yoast-schema-graph\">{\"@context\":\"https:\\\/\\\/schema.org\",\"@graph\":[{\"@type\":\"Article\",\"@id\":\"https:\\\/\\\/www.hplatjadaro.com\\\/de\\\/das-hotel-platja-daro-zwischen-traumbuchten\\\/#article\",\"isPartOf\":{\"@id\":\"https:\\\/\\\/www.hplatjadaro.com\\\/de\\\/das-hotel-platja-daro-zwischen-traumbuchten\\\/\"},\"author\":{\"name\":\"Comunicaci\u00f3 Integral Neorg\",\"@id\":\"https:\\\/\\\/www.hplatjadaro.com\\\/de\\\/#\\\/schema\\\/person\\\/3b4dad233a49ff0bc5b42d830b3f7e53\"},\"headline\":\"Das Hotel Platja d&#8217;Aro, zwischen Traumbuchten\",\"datePublished\":\"2026-07-02T08:35:24+00:00\",\"mainEntityOfPage\":{\"@id\":\"https:\\\/\\\/www.hplatjadaro.com\\\/de\\\/das-hotel-platja-daro-zwischen-traumbuchten\\\/\"},\"wordCount\":435,\"publisher\":{\"@id\":\"https:\\\/\\\/www.hplatjadaro.com\\\/de\\\/#organization\"},\"image\":{\"@id\":\"https:\\\/\\\/www.hplatjadaro.com\\\/de\\\/das-hotel-platja-daro-zwischen-traumbuchten\\\/#primaryimage\"},\"thumbnailUrl\":\"https:\\\/\\\/www.hplatjadaro.com\\\/wp-content\\\/uploads\\\/2026\\\/07\\\/FILES_ITEMS_571_CALES_W_1900_Q_100.jpg\",\"articleSection\":[\"Neuigkeiten\"],\"inLanguage\":\"de\"},{\"@type\":\"WebPage\",\"@id\":\"https:\\\/\\\/www.hplatjadaro.com\\\/de\\\/das-hotel-platja-daro-zwischen-traumbuchten\\\/\",\"url\":\"https:\\\/\\\/www.hplatjadaro.com\\\/de\\\/das-hotel-platja-daro-zwischen-traumbuchten\\\/\",\"name\":\"Das Hotel Platja d'Aro, zwischen Traumbuchten | Hotel Platja d&#039;Aro\",\"isPartOf\":{\"@id\":\"https:\\\/\\\/www.hplatjadaro.com\\\/de\\\/#website\"},\"primaryImageOfPage\":{\"@id\":\"https:\\\/\\\/www.hplatjadaro.com\\\/de\\\/das-hotel-platja-daro-zwischen-traumbuchten\\\/#primaryimage\"},\"image\":{\"@id\":\"https:\\\/\\\/www.hplatjadaro.com\\\/de\\\/das-hotel-platja-daro-zwischen-traumbuchten\\\/#primaryimage\"},\"thumbnailUrl\":\"https:\\\/\\\/www.hplatjadaro.com\\\/wp-content\\\/uploads\\\/2026\\\/07\\\/FILES_ITEMS_571_CALES_W_1900_Q_100.jpg\",\"datePublished\":\"2026-07-02T08:35:24+00:00\",\"breadcrumb\":{\"@id\":\"https:\\\/\\\/www.hplatjadaro.com\\\/de\\\/das-hotel-platja-daro-zwischen-traumbuchten\\\/#breadcrumb\"},\"inLanguage\":\"de\",\"potentialAction\":[{\"@type\":\"ReadAction\",\"target\":[\"https:\\\/\\\/www.hplatjadaro.com\\\/de\\\/das-hotel-platja-daro-zwischen-traumbuchten\\\/\"]}]},{\"@type\":\"ImageObject\",\"inLanguage\":\"de\",\"@id\":\"https:\\\/\\\/www.hplatjadaro.com\\\/de\\\/das-hotel-platja-daro-zwischen-traumbuchten\\\/#primaryimage\",\"url\":\"https:\\\/\\\/www.hplatjadaro.com\\\/wp-content\\\/uploads\\\/2026\\\/07\\\/FILES_ITEMS_571_CALES_W_1900_Q_100.jpg\",\"contentUrl\":\"https:\\\/\\\/www.hplatjadaro.com\\\/wp-content\\\/uploads\\\/2026\\\/07\\\/FILES_ITEMS_571_CALES_W_1900_Q_100.jpg\",\"width\":1000,\"height\":677},{\"@type\":\"BreadcrumbList\",\"@id\":\"https:\\\/\\\/www.hplatjadaro.com\\\/de\\\/das-hotel-platja-daro-zwischen-traumbuchten\\\/#breadcrumb\",\"itemListElement\":[{\"@type\":\"ListItem\",\"position\":1,\"name\":\"Portada\",\"item\":\"https:\\\/\\\/www.hplatjadaro.com\\\/de\\\/\"},{\"@type\":\"ListItem\",\"position\":2,\"name\":\"Das Hotel Platja d&#8217;Aro, zwischen Traumbuchten\"}]},{\"@type\":\"WebSite\",\"@id\":\"https:\\\/\\\/www.hplatjadaro.com\\\/de\\\/#website\",\"url\":\"https:\\\/\\\/www.hplatjadaro.com\\\/de\\\/\",\"name\":\"Aromar Hotels & Restaurants\",\"description\":\"Hotel familiar a Platja d&#039;Aro, Costa Brava\",\"publisher\":{\"@id\":\"https:\\\/\\\/www.hplatjadaro.com\\\/de\\\/#organization\"},\"alternateName\":\"Aromar Hotels & Restaurants\",\"potentialAction\":[{\"@type\":\"SearchAction\",\"target\":{\"@type\":\"EntryPoint\",\"urlTemplate\":\"https:\\\/\\\/www.hplatjadaro.com\\\/de\\\/?s={search_term_string}\"},\"query-input\":{\"@type\":\"PropertyValueSpecification\",\"valueRequired\":true,\"valueName\":\"search_term_string\"}}],\"inLanguage\":\"de\"},{\"@type\":\"Organization\",\"@id\":\"https:\\\/\\\/www.hplatjadaro.com\\\/de\\\/#organization\",\"name\":\"Hotel Platja d'Aro\",\"alternateName\":\"Aromar Hotels\",\"url\":\"https:\\\/\\\/www.hplatjadaro.com\\\/de\\\/\",\"logo\":{\"@type\":\"ImageObject\",\"inLanguage\":\"de\",\"@id\":\"https:\\\/\\\/www.hplatjadaro.com\\\/de\\\/#\\\/schema\\\/logo\\\/image\\\/\",\"url\":\"https:\\\/\\\/www.hplatjadaro.com\\\/wp-content\\\/uploads\\\/2024\\\/04\\\/Aromar-2.jpg\",\"contentUrl\":\"https:\\\/\\\/www.hplatjadaro.com\\\/wp-content\\\/uploads\\\/2024\\\/04\\\/Aromar-2.jpg\",\"width\":696,\"height\":696,\"caption\":\"Hotel Platja d'Aro\"},\"image\":{\"@id\":\"https:\\\/\\\/www.hplatjadaro.com\\\/de\\\/#\\\/schema\\\/logo\\\/image\\\/\"}},{\"@type\":\"Person\",\"@id\":\"https:\\\/\\\/www.hplatjadaro.com\\\/de\\\/#\\\/schema\\\/person\\\/3b4dad233a49ff0bc5b42d830b3f7e53\",\"name\":\"Comunicaci\u00f3 Integral Neorg\",\"image\":{\"@type\":\"ImageObject\",\"inLanguage\":\"de\",\"@id\":\"https:\\\/\\\/secure.gravatar.com\\\/avatar\\\/709d3d8015183afa7401c02e2291a538cbfd4ffe62f4d86ce5f4871f22e86b09?s=96&d=mm&r=g\",\"url\":\"https:\\\/\\\/secure.gravatar.com\\\/avatar\\\/709d3d8015183afa7401c02e2291a538cbfd4ffe62f4d86ce5f4871f22e86b09?s=96&d=mm&r=g\",\"contentUrl\":\"https:\\\/\\\/secure.gravatar.com\\\/avatar\\\/709d3d8015183afa7401c02e2291a538cbfd4ffe62f4d86ce5f4871f22e86b09?s=96&d=mm&r=g\",\"caption\":\"Comunicaci\u00f3 Integral Neorg\"},\"sameAs\":[\"https:\\\/\\\/www.hplatjadaro.com\"]}]}<\/script>\n<!-- \/ Yoast SEO plugin. -->","yoast_head_json":{"title":"Das Hotel Platja d'Aro, zwischen Traumbuchten | Hotel Platja d&#039;Aro","robots":{"index":"index","follow":"follow","max-snippet":"max-snippet:-1","max-image-preview":"max-image-preview:large","max-video-preview":"max-video-preview:-1"},"canonical":"https:\/\/www.hplatjadaro.com\/de\/das-hotel-platja-daro-zwischen-traumbuchten\/","og_locale":"de_DE","og_type":"article","og_title":"Das Hotel Platja d'Aro, zwischen Traumbuchten | Hotel Platja d&#039;Aro","og_description":"Cala del Pi, Cala Sa Cova und Cala Rovira liegen in sehr kurzer Entfernung vom Hotel Platja d&#8217;Aro Platja d&#8217;Aro ist eines der touristischen Epizentren der Costa Brava. Und das ist kein Zufall. Alles, was es bietet, um Spa\u00df und Qualit\u00e4t der Wochenendausfl\u00fcge oder des lang ersehnten Urlaubs zu gew\u00e4hrleisten, hat diese Gemeinde zu einem&hellip;&nbsp;","og_url":"https:\/\/www.hplatjadaro.com\/de\/das-hotel-platja-daro-zwischen-traumbuchten\/","og_site_name":"Hotel Platja d&#039;Aro","article_published_time":"2026-07-02T08:35:24+00:00","og_image":[{"width":1200,"height":675,"url":"https:\/\/www.hplatjadaro.com\/wp-content\/uploads\/2024\/04\/Aromar.jpg","type":"image\/jpeg"}],"author":"Comunicaci\u00f3 Integral Neorg","twitter_card":"summary_large_image","twitter_misc":{"Verfasst von":"Comunicaci\u00f3 Integral Neorg","Gesch\u00e4tzte Lesezeit":"2\u00a0Minuten"},"schema":{"@context":"https:\/\/schema.org","@graph":[{"@type":"Article","@id":"https:\/\/www.hplatjadaro.com\/de\/das-hotel-platja-daro-zwischen-traumbuchten\/#article","isPartOf":{"@id":"https:\/\/www.hplatjadaro.com\/de\/das-hotel-platja-daro-zwischen-traumbuchten\/"},"author":{"name":"Comunicaci\u00f3 Integral Neorg","@id":"https:\/\/www.hplatjadaro.com\/de\/#\/schema\/person\/3b4dad233a49ff0bc5b42d830b3f7e53"},"headline":"Das Hotel Platja d&#8217;Aro, zwischen Traumbuchten","datePublished":"2026-07-02T08:35:24+00:00","mainEntityOfPage":{"@id":"https:\/\/www.hplatjadaro.com\/de\/das-hotel-platja-daro-zwischen-traumbuchten\/"},"wordCount":435,"publisher":{"@id":"https:\/\/www.hplatjadaro.com\/de\/#organization"},"image":{"@id":"https:\/\/www.hplatjadaro.com\/de\/das-hotel-platja-daro-zwischen-traumbuchten\/#primaryimage"},"thumbnailUrl":"https:\/\/www.hplatjadaro.com\/wp-content\/uploads\/2026\/07\/FILES_ITEMS_571_CALES_W_1900_Q_100.jpg","articleSection":["Neuigkeiten"],"inLanguage":"de"},{"@type":"WebPage","@id":"https:\/\/www.hplatjadaro.com\/de\/das-hotel-platja-daro-zwischen-traumbuchten\/","url":"https:\/\/www.hplatjadaro.com\/de\/das-hotel-platja-daro-zwischen-traumbuchten\/","name":"Das Hotel Platja d'Aro, zwischen Traumbuchten | Hotel Platja d&#039;Aro","isPartOf":{"@id":"https:\/\/www.hplatjadaro.com\/de\/#website"},"primaryImageOfPage":{"@id":"https:\/\/www.hplatjadaro.com\/de\/das-hotel-platja-daro-zwischen-traumbuchten\/#primaryimage"},"image":{"@id":"https:\/\/www.hplatjadaro.com\/de\/das-hotel-platja-daro-zwischen-traumbuchten\/#primaryimage"},"thumbnailUrl":"https:\/\/www.hplatjadaro.com\/wp-content\/uploads\/2026\/07\/FILES_ITEMS_571_CALES_W_1900_Q_100.jpg","datePublished":"2026-07-02T08:35:24+00:00","breadcrumb":{"@id":"https:\/\/www.hplatjadaro.com\/de\/das-hotel-platja-daro-zwischen-traumbuchten\/#breadcrumb"},"inLanguage":"de","potentialAction":[{"@type":"ReadAction","target":["https:\/\/www.hplatjadaro.com\/de\/das-hotel-platja-daro-zwischen-traumbuchten\/"]}]},{"@type":"ImageObject","inLanguage":"de","@id":"https:\/\/www.hplatjadaro.com\/de\/das-hotel-platja-daro-zwischen-traumbuchten\/#primaryimage","url":"https:\/\/www.hplatjadaro.com\/wp-content\/uploads\/2026\/07\/FILES_ITEMS_571_CALES_W_1900_Q_100.jpg","contentUrl":"https:\/\/www.hplatjadaro.com\/wp-content\/uploads\/2026\/07\/FILES_ITEMS_571_CALES_W_1900_Q_100.jpg","width":1000,"height":677},{"@type":"BreadcrumbList","@id":"https:\/\/www.hplatjadaro.com\/de\/das-hotel-platja-daro-zwischen-traumbuchten\/#breadcrumb","itemListElement":[{"@type":"ListItem","position":1,"name":"Portada","item":"https:\/\/www.hplatjadaro.com\/de\/"},{"@type":"ListItem","position":2,"name":"Das Hotel Platja d&#8217;Aro, zwischen Traumbuchten"}]},{"@type":"WebSite","@id":"https:\/\/www.hplatjadaro.com\/de\/#website","url":"https:\/\/www.hplatjadaro.com\/de\/","name":"Aromar Hotels & Restaurants","description":"Hotel familiar a Platja d&#039;Aro, Costa Brava","publisher":{"@id":"https:\/\/www.hplatjadaro.com\/de\/#organization"},"alternateName":"Aromar Hotels & Restaurants","potentialAction":[{"@type":"SearchAction","target":{"@type":"EntryPoint","urlTemplate":"https:\/\/www.hplatjadaro.com\/de\/?s={search_term_string}"},"query-input":{"@type":"PropertyValueSpecification","valueRequired":true,"valueName":"search_term_string"}}],"inLanguage":"de"},{"@type":"Organization","@id":"https:\/\/www.hplatjadaro.com\/de\/#organization","name":"Hotel Platja d'Aro","alternateName":"Aromar Hotels","url":"https:\/\/www.hplatjadaro.com\/de\/","logo":{"@type":"ImageObject","inLanguage":"de","@id":"https:\/\/www.hplatjadaro.com\/de\/#\/schema\/logo\/image\/","url":"https:\/\/www.hplatjadaro.com\/wp-content\/uploads\/2024\/04\/Aromar-2.jpg","contentUrl":"https:\/\/www.hplatjadaro.com\/wp-content\/uploads\/2024\/04\/Aromar-2.jpg","width":696,"height":696,"caption":"Hotel Platja d'Aro"},"image":{"@id":"https:\/\/www.hplatjadaro.com\/de\/#\/schema\/logo\/image\/"}},{"@type":"Person","@id":"https:\/\/www.hplatjadaro.com\/de\/#\/schema\/person\/3b4dad233a49ff0bc5b42d830b3f7e53","name":"Comunicaci\u00f3 Integral Neorg","image":{"@type":"ImageObject","inLanguage":"de","@id":"https:\/\/secure.gravatar.com\/avatar\/709d3d8015183afa7401c02e2291a538cbfd4ffe62f4d86ce5f4871f22e86b09?s=96&d=mm&r=g","url":"https:\/\/secure.gravatar.com\/avatar\/709d3d8015183afa7401c02e2291a538cbfd4ffe62f4d86ce5f4871f22e86b09?s=96&d=mm&r=g","contentUrl":"https:\/\/secure.gravatar.com\/avatar\/709d3d8015183afa7401c02e2291a538cbfd4ffe62f4d86ce5f4871f22e86b09?s=96&d=mm&r=g","caption":"Comunicaci\u00f3 Integral Neorg"},"sameAs":["https:\/\/www.hplatjadaro.com"]}]}},"_links":{"self":[{"href":"https:\/\/www.hplatjadaro.com\/de\/wp-json\/wp\/v2\/posts\/8897","targetHints":{"allow":["GET"]}}],"collection":[{"href":"https:\/\/www.hplatjadaro.com\/de\/wp-json\/wp\/v2\/posts"}],"about":[{"href":"https:\/\/www.hplatjadaro.com\/de\/wp-json\/wp\/v2\/types\/post"}],"author":[{"embeddable":true,"href":"https:\/\/www.hplatjadaro.com\/de\/wp-json\/wp\/v2\/users\/1"}],"replies":[{"embeddable":true,"href":"https:\/\/www.hplatjadaro.com\/de\/wp-json\/wp\/v2\/comments?post=8897"}],"version-history":[{"count":0,"href":"https:\/\/www.hplatjadaro.com\/de\/wp-json\/wp\/v2\/posts\/8897\/revisions"}],"wp:featuredmedia":[{"embeddable":true,"href":"https:\/\/www.hplatjadaro.com\/de\/wp-json\/wp\/v2\/media\/8249"}],"wp:attachment":[{"href":"https:\/\/www.hplatjadaro.com\/de\/wp-json\/wp\/v2\/media?parent=8897"}],"wp:term":[{"taxonomy":"category","embeddable":true,"href":"https:\/\/www.hplatjadaro.com\/de\/wp-json\/wp\/v2\/categories?post=8897"},{"taxonomy":"post_tag","embeddable":true,"href":"https:\/\/www.hplatjadaro.com\/de\/wp-json\/wp\/v2\/tags?post=8897"}],"curies":[{"name":"wp","href":"https:\/\/api.w.org\/{rel}","templated":true}]}}