{"id":8271,"date":"2026-07-02T10:35:24","date_gmt":"2026-07-02T08:35:24","guid":{"rendered":"https:\/\/www.hplatjadaro.com\/cycle-tourism-in-platja-daro-the-greenways-of-the-costa-brava\/"},"modified":"2026-07-14T11:19:36","modified_gmt":"2026-07-14T09:19:36","slug":"cycle-tourism-in-platja-daro-the-greenways-of-the-costa-brava","status":"publish","type":"post","link":"https:\/\/www.hplatjadaro.com\/en\/cycle-tourism-in-platja-daro-the-greenways-of-the-costa-brava\/","title":{"rendered":"Cycle tourism in Platja d&#8217;Aro: the greenways of the Costa Brava"},"content":{"rendered":"<p class=\"p1\"><em>At Hotel Platja d&#8217;Aro you can rent your bike<\/em><\/p>\n<p class=\"p1\">The Costa Brava has a unique scenic, recreational, sporting, cultural and gastronomic offer. Contrary to what many people may think, the northern Catalan coast is much more than beautiful beaches. There are hidden places, unspoilt spaces and a historical richness that captivate any visitor.<\/p>\n<p class=\"p1\">That is why, during your stay at Hotel Platja d&#8217;Aro, we encourage you to get to know the Costa Brava: Begur, Palafrugell, Cadaqu\u00e9s, Tossa de Mar, Calella de Palafrugell, L&#8217;Estartit, Roses, Sant Antoni de Calonge\u2026 The list of interesting towns for an excursion is endless, as are the natural parks, botanical gardens, festivals or activities that may be of interest to you.<\/p>\n<p class=\"p1\">The greenways connecting the deep Girona Pyrenees and the Costa Brava are a magnificent option for discovering a diversity of landscapes, towns and even people by bike. We are talking about more than 120 kilometres that cross five regions of the province (Baix Empord\u00e0, Giron\u00e8s, La Selva, Garrotxa and Ripoll\u00e8s) and are divided into four sections:<\/p>\n<ol class=\"p1\">\n<li>Iron and Coal Route Ripoll-Sant Joan de les Abadesses-Ogassa<\/li>\n<li>Carrilet Route Olot-Girona<\/li>\n<li>Carrilet Route Girona-Sant Feliu de Gu\u00edxols<\/li>\n<li>Little Train Route Palam\u00f3s-Palafrugell<\/li>\n<\/ol>\n<p class=\"p1\">Greenways are communication infrastructures that are no longer used and have been adapted to turn them into routes for cyclists and hikers. Most are old railway lines that preserve their heritage elements, such as tunnels, bridges or stations, and constitute a proposal for quiet, sustainable and alternative tourism, since motor vehicles cannot circulate.<\/p>\n<p class=\"p1\">Cycling lets you get to know the territory without rushing. It is an ideal active tourism alternative that adds to the wide offer Platja d&#8217;Aro has: hiking, water activities, sports, adventure sports, aerial activities\u2026<\/p>\n<p class=\"p1\">That said, if you want to head out on your bike for a major ride, follow these recommendations:<\/p>\n<ul class=\"p1\">\n<li>Check the general condition of the bike<\/li>\n<li>Take spare parts and the necessary tools with you in case of punctures<\/li>\n<li>Calculate the time of the route and bear in mind your physical condition<\/li>\n<li>Locate yourself at all times with a map or GPS<\/li>\n<li>Gear up well with all the accessories you need<\/li>\n<li>Don&#8217;t let the weather catch you out: check the forecast<\/li>\n<\/ul>\n<p class=\"p1\">Remember that at Hotel Platja d&#8217;Aro you can rent equipment. If you need a bike, we will arrange the rental for you so you don&#8217;t have to worry about anything.<\/p>\n","protected":false},"excerpt":{"rendered":"<p>At Hotel Platja d&#8217;Aro you can rent your bike The Costa Brava has a unique scenic, recreational, sporting, cultural and gastronomic offer. Contrary to what many people may think, the northern Catalan coast is much more than beautiful beaches. There are hidden places, unspoilt spaces and a historical richness that captivate any visitor. That is&hellip;&nbsp;<\/p>\n","protected":false},"author":1,"featured_media":8250,"comment_status":"closed","ping_status":"closed","sticky":false,"template":"","format":"standard","meta":{"_acf_changed":false,"neve_meta_sidebar":"","neve_meta_container":"","neve_meta_enable_content_width":"","neve_meta_content_width":0,"neve_meta_title_alignment":"","neve_meta_author_avatar":"","neve_post_elements_order":"","neve_meta_disable_header":"","neve_meta_disable_footer":"","neve_meta_disable_title":"","neve_meta_reading_time":"","footnotes":""},"categories":[79],"tags":[],"class_list":["post-8271","post","type-post","status-publish","format-standard","has-post-thumbnail","hentry","category-news"],"acf":[],"yoast_head":"<!-- This site is optimized with the Yoast SEO plugin v28.4 - https:\/\/yoast.com\/product\/yoast-seo-wordpress\/ -->\n<title>Cycle tourism in Platja d&#039;Aro: the greenways of the Costa Brava | Hotel Platja d&#039;Aro<\/title>\n<meta name=\"robots\" content=\"index, follow, max-snippet:-1, max-image-preview:large, max-video-preview:-1\" \/>\n<link rel=\"canonical\" href=\"https:\/\/www.hplatjadaro.com\/en\/cycle-tourism-in-platja-daro-the-greenways-of-the-costa-brava\/\" \/>\n<meta property=\"og:locale\" content=\"en_US\" \/>\n<meta property=\"og:type\" content=\"article\" \/>\n<meta property=\"og:title\" content=\"Cycle tourism in Platja d&#039;Aro: the greenways of the Costa Brava | Hotel Platja d&#039;Aro\" \/>\n<meta property=\"og:description\" content=\"At Hotel Platja d&#8217;Aro you can rent your bike The Costa Brava has a unique scenic, recreational, sporting, cultural and gastronomic offer. Contrary to what many people may think, the northern Catalan coast is much more than beautiful beaches. There are hidden places, unspoilt spaces and a historical richness that captivate any visitor. That is&hellip;&nbsp;\" \/>\n<meta property=\"og:url\" content=\"https:\/\/www.hplatjadaro.com\/en\/cycle-tourism-in-platja-daro-the-greenways-of-the-costa-brava\/\" \/>\n<meta property=\"og:site_name\" content=\"Hotel Platja d&#039;Aro\" \/>\n<meta property=\"article:published_time\" content=\"2026-07-02T08:35:24+00:00\" \/>\n<meta property=\"article:modified_time\" content=\"2026-07-14T09:19:36+00:00\" \/>\n<meta property=\"og:image\" content=\"https:\/\/www.hplatjadaro.com\/wp-content\/uploads\/2026\/07\/vias_verdes.jpg\" \/>\n\t<meta property=\"og:image:width\" content=\"2500\" \/>\n\t<meta property=\"og:image:height\" content=\"1667\" \/>\n\t<meta property=\"og:image:type\" content=\"image\/jpeg\" \/>\n<meta name=\"author\" content=\"Comunicaci\u00f3 Integral Neorg\" \/>\n<meta name=\"twitter:card\" content=\"summary_large_image\" \/>\n<meta name=\"twitter:label1\" content=\"Written by\" \/>\n\t<meta name=\"twitter:data1\" content=\"Comunicaci\u00f3 Integral Neorg\" \/>\n\t<meta name=\"twitter:label2\" content=\"Est. reading time\" \/>\n\t<meta name=\"twitter:data2\" content=\"2 minutes\" \/>\n<script type=\"application\/ld+json\" class=\"yoast-schema-graph\">{\"@context\":\"https:\\\/\\\/schema.org\",\"@graph\":[{\"@type\":\"Article\",\"@id\":\"https:\\\/\\\/www.hplatjadaro.com\\\/en\\\/cycle-tourism-in-platja-daro-the-greenways-of-the-costa-brava\\\/#article\",\"isPartOf\":{\"@id\":\"https:\\\/\\\/www.hplatjadaro.com\\\/en\\\/cycle-tourism-in-platja-daro-the-greenways-of-the-costa-brava\\\/\"},\"author\":{\"name\":\"Comunicaci\u00f3 Integral Neorg\",\"@id\":\"https:\\\/\\\/www.hplatjadaro.com\\\/en\\\/#\\\/schema\\\/person\\\/3b4dad233a49ff0bc5b42d830b3f7e53\"},\"headline\":\"Cycle tourism in Platja d&#8217;Aro: the greenways of the Costa Brava\",\"datePublished\":\"2026-07-02T08:35:24+00:00\",\"dateModified\":\"2026-07-14T09:19:36+00:00\",\"mainEntityOfPage\":{\"@id\":\"https:\\\/\\\/www.hplatjadaro.com\\\/en\\\/cycle-tourism-in-platja-daro-the-greenways-of-the-costa-brava\\\/\"},\"wordCount\":413,\"publisher\":{\"@id\":\"https:\\\/\\\/www.hplatjadaro.com\\\/en\\\/#organization\"},\"image\":{\"@id\":\"https:\\\/\\\/www.hplatjadaro.com\\\/en\\\/cycle-tourism-in-platja-daro-the-greenways-of-the-costa-brava\\\/#primaryimage\"},\"thumbnailUrl\":\"https:\\\/\\\/www.hplatjadaro.com\\\/wp-content\\\/uploads\\\/2026\\\/07\\\/vias_verdes.jpg\",\"articleSection\":[\"News\"],\"inLanguage\":\"en-US\"},{\"@type\":\"WebPage\",\"@id\":\"https:\\\/\\\/www.hplatjadaro.com\\\/en\\\/cycle-tourism-in-platja-daro-the-greenways-of-the-costa-brava\\\/\",\"url\":\"https:\\\/\\\/www.hplatjadaro.com\\\/en\\\/cycle-tourism-in-platja-daro-the-greenways-of-the-costa-brava\\\/\",\"name\":\"Cycle tourism in Platja d'Aro: the greenways of the Costa Brava | Hotel Platja d&#039;Aro\",\"isPartOf\":{\"@id\":\"https:\\\/\\\/www.hplatjadaro.com\\\/en\\\/#website\"},\"primaryImageOfPage\":{\"@id\":\"https:\\\/\\\/www.hplatjadaro.com\\\/en\\\/cycle-tourism-in-platja-daro-the-greenways-of-the-costa-brava\\\/#primaryimage\"},\"image\":{\"@id\":\"https:\\\/\\\/www.hplatjadaro.com\\\/en\\\/cycle-tourism-in-platja-daro-the-greenways-of-the-costa-brava\\\/#primaryimage\"},\"thumbnailUrl\":\"https:\\\/\\\/www.hplatjadaro.com\\\/wp-content\\\/uploads\\\/2026\\\/07\\\/vias_verdes.jpg\",\"datePublished\":\"2026-07-02T08:35:24+00:00\",\"dateModified\":\"2026-07-14T09:19:36+00:00\",\"breadcrumb\":{\"@id\":\"https:\\\/\\\/www.hplatjadaro.com\\\/en\\\/cycle-tourism-in-platja-daro-the-greenways-of-the-costa-brava\\\/#breadcrumb\"},\"inLanguage\":\"en-US\",\"potentialAction\":[{\"@type\":\"ReadAction\",\"target\":[\"https:\\\/\\\/www.hplatjadaro.com\\\/en\\\/cycle-tourism-in-platja-daro-the-greenways-of-the-costa-brava\\\/\"]}]},{\"@type\":\"ImageObject\",\"inLanguage\":\"en-US\",\"@id\":\"https:\\\/\\\/www.hplatjadaro.com\\\/en\\\/cycle-tourism-in-platja-daro-the-greenways-of-the-costa-brava\\\/#primaryimage\",\"url\":\"https:\\\/\\\/www.hplatjadaro.com\\\/wp-content\\\/uploads\\\/2026\\\/07\\\/vias_verdes.jpg\",\"contentUrl\":\"https:\\\/\\\/www.hplatjadaro.com\\\/wp-content\\\/uploads\\\/2026\\\/07\\\/vias_verdes.jpg\",\"width\":2500,\"height\":1667},{\"@type\":\"BreadcrumbList\",\"@id\":\"https:\\\/\\\/www.hplatjadaro.com\\\/en\\\/cycle-tourism-in-platja-daro-the-greenways-of-the-costa-brava\\\/#breadcrumb\",\"itemListElement\":[{\"@type\":\"ListItem\",\"position\":1,\"name\":\"Portada\",\"item\":\"https:\\\/\\\/www.hplatjadaro.com\\\/en\\\/\"},{\"@type\":\"ListItem\",\"position\":2,\"name\":\"Cycle tourism in Platja d&#8217;Aro: the greenways of the Costa Brava\"}]},{\"@type\":\"WebSite\",\"@id\":\"https:\\\/\\\/www.hplatjadaro.com\\\/en\\\/#website\",\"url\":\"https:\\\/\\\/www.hplatjadaro.com\\\/en\\\/\",\"name\":\"Aromar Hotels & Restaurants\",\"description\":\"Hotel familiar a Platja d&#039;Aro, Costa Brava\",\"publisher\":{\"@id\":\"https:\\\/\\\/www.hplatjadaro.com\\\/en\\\/#organization\"},\"alternateName\":\"Aromar Hotels & Restaurants\",\"potentialAction\":[{\"@type\":\"SearchAction\",\"target\":{\"@type\":\"EntryPoint\",\"urlTemplate\":\"https:\\\/\\\/www.hplatjadaro.com\\\/en\\\/?s={search_term_string}\"},\"query-input\":{\"@type\":\"PropertyValueSpecification\",\"valueRequired\":true,\"valueName\":\"search_term_string\"}}],\"inLanguage\":\"en-US\"},{\"@type\":\"Organization\",\"@id\":\"https:\\\/\\\/www.hplatjadaro.com\\\/en\\\/#organization\",\"name\":\"Hotel Platja d'Aro\",\"alternateName\":\"Aromar Hotels\",\"url\":\"https:\\\/\\\/www.hplatjadaro.com\\\/en\\\/\",\"logo\":{\"@type\":\"ImageObject\",\"inLanguage\":\"en-US\",\"@id\":\"https:\\\/\\\/www.hplatjadaro.com\\\/en\\\/#\\\/schema\\\/logo\\\/image\\\/\",\"url\":\"https:\\\/\\\/www.hplatjadaro.com\\\/wp-content\\\/uploads\\\/2024\\\/04\\\/Aromar-2.jpg\",\"contentUrl\":\"https:\\\/\\\/www.hplatjadaro.com\\\/wp-content\\\/uploads\\\/2024\\\/04\\\/Aromar-2.jpg\",\"width\":696,\"height\":696,\"caption\":\"Hotel Platja d'Aro\"},\"image\":{\"@id\":\"https:\\\/\\\/www.hplatjadaro.com\\\/en\\\/#\\\/schema\\\/logo\\\/image\\\/\"}},{\"@type\":\"Person\",\"@id\":\"https:\\\/\\\/www.hplatjadaro.com\\\/en\\\/#\\\/schema\\\/person\\\/3b4dad233a49ff0bc5b42d830b3f7e53\",\"name\":\"Comunicaci\u00f3 Integral Neorg\",\"image\":{\"@type\":\"ImageObject\",\"inLanguage\":\"en-US\",\"@id\":\"https:\\\/\\\/secure.gravatar.com\\\/avatar\\\/709d3d8015183afa7401c02e2291a538cbfd4ffe62f4d86ce5f4871f22e86b09?s=96&d=mm&r=g\",\"url\":\"https:\\\/\\\/secure.gravatar.com\\\/avatar\\\/709d3d8015183afa7401c02e2291a538cbfd4ffe62f4d86ce5f4871f22e86b09?s=96&d=mm&r=g\",\"contentUrl\":\"https:\\\/\\\/secure.gravatar.com\\\/avatar\\\/709d3d8015183afa7401c02e2291a538cbfd4ffe62f4d86ce5f4871f22e86b09?s=96&d=mm&r=g\",\"caption\":\"Comunicaci\u00f3 Integral Neorg\"},\"sameAs\":[\"https:\\\/\\\/www.hplatjadaro.com\"]}]}<\/script>\n<!-- \/ Yoast SEO plugin. -->","yoast_head_json":{"title":"Cycle tourism in Platja d'Aro: the greenways of the Costa Brava | Hotel Platja d&#039;Aro","robots":{"index":"index","follow":"follow","max-snippet":"max-snippet:-1","max-image-preview":"max-image-preview:large","max-video-preview":"max-video-preview:-1"},"canonical":"https:\/\/www.hplatjadaro.com\/en\/cycle-tourism-in-platja-daro-the-greenways-of-the-costa-brava\/","og_locale":"en_US","og_type":"article","og_title":"Cycle tourism in Platja d'Aro: the greenways of the Costa Brava | Hotel Platja d&#039;Aro","og_description":"At Hotel Platja d&#8217;Aro you can rent your bike The Costa Brava has a unique scenic, recreational, sporting, cultural and gastronomic offer. Contrary to what many people may think, the northern Catalan coast is much more than beautiful beaches. There are hidden places, unspoilt spaces and a historical richness that captivate any visitor. That is&hellip;&nbsp;","og_url":"https:\/\/www.hplatjadaro.com\/en\/cycle-tourism-in-platja-daro-the-greenways-of-the-costa-brava\/","og_site_name":"Hotel Platja d&#039;Aro","article_published_time":"2026-07-02T08:35:24+00:00","article_modified_time":"2026-07-14T09:19:36+00:00","og_image":[{"width":2500,"height":1667,"url":"https:\/\/www.hplatjadaro.com\/wp-content\/uploads\/2026\/07\/vias_verdes.jpg","type":"image\/jpeg"}],"author":"Comunicaci\u00f3 Integral Neorg","twitter_card":"summary_large_image","twitter_misc":{"Written by":"Comunicaci\u00f3 Integral Neorg","Est. reading time":"2 minutes"},"schema":{"@context":"https:\/\/schema.org","@graph":[{"@type":"Article","@id":"https:\/\/www.hplatjadaro.com\/en\/cycle-tourism-in-platja-daro-the-greenways-of-the-costa-brava\/#article","isPartOf":{"@id":"https:\/\/www.hplatjadaro.com\/en\/cycle-tourism-in-platja-daro-the-greenways-of-the-costa-brava\/"},"author":{"name":"Comunicaci\u00f3 Integral Neorg","@id":"https:\/\/www.hplatjadaro.com\/en\/#\/schema\/person\/3b4dad233a49ff0bc5b42d830b3f7e53"},"headline":"Cycle tourism in Platja d&#8217;Aro: the greenways of the Costa Brava","datePublished":"2026-07-02T08:35:24+00:00","dateModified":"2026-07-14T09:19:36+00:00","mainEntityOfPage":{"@id":"https:\/\/www.hplatjadaro.com\/en\/cycle-tourism-in-platja-daro-the-greenways-of-the-costa-brava\/"},"wordCount":413,"publisher":{"@id":"https:\/\/www.hplatjadaro.com\/en\/#organization"},"image":{"@id":"https:\/\/www.hplatjadaro.com\/en\/cycle-tourism-in-platja-daro-the-greenways-of-the-costa-brava\/#primaryimage"},"thumbnailUrl":"https:\/\/www.hplatjadaro.com\/wp-content\/uploads\/2026\/07\/vias_verdes.jpg","articleSection":["News"],"inLanguage":"en-US"},{"@type":"WebPage","@id":"https:\/\/www.hplatjadaro.com\/en\/cycle-tourism-in-platja-daro-the-greenways-of-the-costa-brava\/","url":"https:\/\/www.hplatjadaro.com\/en\/cycle-tourism-in-platja-daro-the-greenways-of-the-costa-brava\/","name":"Cycle tourism in Platja d'Aro: the greenways of the Costa Brava | Hotel Platja d&#039;Aro","isPartOf":{"@id":"https:\/\/www.hplatjadaro.com\/en\/#website"},"primaryImageOfPage":{"@id":"https:\/\/www.hplatjadaro.com\/en\/cycle-tourism-in-platja-daro-the-greenways-of-the-costa-brava\/#primaryimage"},"image":{"@id":"https:\/\/www.hplatjadaro.com\/en\/cycle-tourism-in-platja-daro-the-greenways-of-the-costa-brava\/#primaryimage"},"thumbnailUrl":"https:\/\/www.hplatjadaro.com\/wp-content\/uploads\/2026\/07\/vias_verdes.jpg","datePublished":"2026-07-02T08:35:24+00:00","dateModified":"2026-07-14T09:19:36+00:00","breadcrumb":{"@id":"https:\/\/www.hplatjadaro.com\/en\/cycle-tourism-in-platja-daro-the-greenways-of-the-costa-brava\/#breadcrumb"},"inLanguage":"en-US","potentialAction":[{"@type":"ReadAction","target":["https:\/\/www.hplatjadaro.com\/en\/cycle-tourism-in-platja-daro-the-greenways-of-the-costa-brava\/"]}]},{"@type":"ImageObject","inLanguage":"en-US","@id":"https:\/\/www.hplatjadaro.com\/en\/cycle-tourism-in-platja-daro-the-greenways-of-the-costa-brava\/#primaryimage","url":"https:\/\/www.hplatjadaro.com\/wp-content\/uploads\/2026\/07\/vias_verdes.jpg","contentUrl":"https:\/\/www.hplatjadaro.com\/wp-content\/uploads\/2026\/07\/vias_verdes.jpg","width":2500,"height":1667},{"@type":"BreadcrumbList","@id":"https:\/\/www.hplatjadaro.com\/en\/cycle-tourism-in-platja-daro-the-greenways-of-the-costa-brava\/#breadcrumb","itemListElement":[{"@type":"ListItem","position":1,"name":"Portada","item":"https:\/\/www.hplatjadaro.com\/en\/"},{"@type":"ListItem","position":2,"name":"Cycle tourism in Platja d&#8217;Aro: the greenways of the Costa Brava"}]},{"@type":"WebSite","@id":"https:\/\/www.hplatjadaro.com\/en\/#website","url":"https:\/\/www.hplatjadaro.com\/en\/","name":"Aromar Hotels & Restaurants","description":"Hotel familiar a Platja d&#039;Aro, Costa Brava","publisher":{"@id":"https:\/\/www.hplatjadaro.com\/en\/#organization"},"alternateName":"Aromar Hotels & Restaurants","potentialAction":[{"@type":"SearchAction","target":{"@type":"EntryPoint","urlTemplate":"https:\/\/www.hplatjadaro.com\/en\/?s={search_term_string}"},"query-input":{"@type":"PropertyValueSpecification","valueRequired":true,"valueName":"search_term_string"}}],"inLanguage":"en-US"},{"@type":"Organization","@id":"https:\/\/www.hplatjadaro.com\/en\/#organization","name":"Hotel Platja d'Aro","alternateName":"Aromar Hotels","url":"https:\/\/www.hplatjadaro.com\/en\/","logo":{"@type":"ImageObject","inLanguage":"en-US","@id":"https:\/\/www.hplatjadaro.com\/en\/#\/schema\/logo\/image\/","url":"https:\/\/www.hplatjadaro.com\/wp-content\/uploads\/2024\/04\/Aromar-2.jpg","contentUrl":"https:\/\/www.hplatjadaro.com\/wp-content\/uploads\/2024\/04\/Aromar-2.jpg","width":696,"height":696,"caption":"Hotel Platja d'Aro"},"image":{"@id":"https:\/\/www.hplatjadaro.com\/en\/#\/schema\/logo\/image\/"}},{"@type":"Person","@id":"https:\/\/www.hplatjadaro.com\/en\/#\/schema\/person\/3b4dad233a49ff0bc5b42d830b3f7e53","name":"Comunicaci\u00f3 Integral Neorg","image":{"@type":"ImageObject","inLanguage":"en-US","@id":"https:\/\/secure.gravatar.com\/avatar\/709d3d8015183afa7401c02e2291a538cbfd4ffe62f4d86ce5f4871f22e86b09?s=96&d=mm&r=g","url":"https:\/\/secure.gravatar.com\/avatar\/709d3d8015183afa7401c02e2291a538cbfd4ffe62f4d86ce5f4871f22e86b09?s=96&d=mm&r=g","contentUrl":"https:\/\/secure.gravatar.com\/avatar\/709d3d8015183afa7401c02e2291a538cbfd4ffe62f4d86ce5f4871f22e86b09?s=96&d=mm&r=g","caption":"Comunicaci\u00f3 Integral Neorg"},"sameAs":["https:\/\/www.hplatjadaro.com"]}]}},"_links":{"self":[{"href":"https:\/\/www.hplatjadaro.com\/en\/wp-json\/wp\/v2\/posts\/8271","targetHints":{"allow":["GET"]}}],"collection":[{"href":"https:\/\/www.hplatjadaro.com\/en\/wp-json\/wp\/v2\/posts"}],"about":[{"href":"https:\/\/www.hplatjadaro.com\/en\/wp-json\/wp\/v2\/types\/post"}],"author":[{"embeddable":true,"href":"https:\/\/www.hplatjadaro.com\/en\/wp-json\/wp\/v2\/users\/1"}],"replies":[{"embeddable":true,"href":"https:\/\/www.hplatjadaro.com\/en\/wp-json\/wp\/v2\/comments?post=8271"}],"version-history":[{"count":1,"href":"https:\/\/www.hplatjadaro.com\/en\/wp-json\/wp\/v2\/posts\/8271\/revisions"}],"predecessor-version":[{"id":8899,"href":"https:\/\/www.hplatjadaro.com\/en\/wp-json\/wp\/v2\/posts\/8271\/revisions\/8899"}],"wp:featuredmedia":[{"embeddable":true,"href":"https:\/\/www.hplatjadaro.com\/en\/wp-json\/wp\/v2\/media\/8250"}],"wp:attachment":[{"href":"https:\/\/www.hplatjadaro.com\/en\/wp-json\/wp\/v2\/media?parent=8271"}],"wp:term":[{"taxonomy":"category","embeddable":true,"href":"https:\/\/www.hplatjadaro.com\/en\/wp-json\/wp\/v2\/categories?post=8271"},{"taxonomy":"post_tag","embeddable":true,"href":"https:\/\/www.hplatjadaro.com\/en\/wp-json\/wp\/v2\/tags?post=8271"}],"curies":[{"name":"wp","href":"https:\/\/api.w.org\/{rel}","templated":true}]}}