{"id":8262,"date":"2026-07-02T10:35:24","date_gmt":"2026-07-02T08:35:24","guid":{"rendered":"https:\/\/www.hplatjadaro.com\/no-pararas-de-mouret-turisme-actiu-a-platja-daro-2\/"},"modified":"2026-07-14T11:11:38","modified_gmt":"2026-07-14T09:11:38","slug":"no-pararas-de-mouret-turisme-actiu-a-platja-daro-2","status":"publish","type":"post","link":"https:\/\/www.hplatjadaro.com\/es\/no-pararas-de-mouret-turisme-actiu-a-platja-daro-2\/","title":{"rendered":"No parar\u00e1s de moverte: turismo activo en Platja d&#8217;Aro"},"content":{"rendered":"<p class=\"p1\"><em>El turismo activo, cada vez m\u00e1s demandado por los visitantes de la Costa Brava<\/em><\/p>\n<p class=\"p1\">En los \u00faltimos a\u00f1os, el turismo activo se ha convertido en uno de los m\u00e1s demandados, seg\u00fan los portales de referencia del sector turismo y viajes. Cada vez m\u00e1s grupos de amigos, familias e incluso parejas buscan vacaciones donde la actividad f\u00edsica sea la aut\u00e9ntica protagonista.<\/p>\n<p class=\"p1\">El turismo activo en Platja d&#8217;Aro es tan diverso como extraordinario. Cualquier actividad que implique moverse, correr, saltar, trepar, escalar, nadar, caminar, subir o bajar tiene cabida en este peque\u00f1o municipio costero. Aun as\u00ed, \u00bfqu\u00e9 actividades esperan en Platja d&#8217;Aro a los visitantes que llegan con ganas de ejercicio f\u00edsico?<\/p>\n<h2 class=\"p1\">5 actividades de turismo activo en Platja d&#8217;Aro<\/h2>\n<h3 class=\"p1\">Cicloturismo, v\u00edas verdes y BTT<\/h3>\n<p class=\"p1\">Si eres de los turistas a los que les gusta descubrir lugares encima de una bicicleta, la Costa Brava es para ti. Puedes pedalear kil\u00f3metros y kil\u00f3metros por rutas de antiguos trazados ferroviarios mientras disfrutas de los paisajes que se abren a tu paso.<\/p>\n<h3 class=\"p1\">Senderismo<\/h3>\n<p class=\"p1\">Los Caminos de Ronda recorren calas y playas de la Costa Brava. \u00bfQuieres recorrerlos? Prepara tu calzado m\u00e1s c\u00f3modo, equ\u00edpate bien y empieza a caminar por lugares que te encantar\u00e1 conocer.<\/p>\n<h3 class=\"p1\">Multiaventura<\/h3>\n<p class=\"p1\">\u00bfTe van las emociones un poco m\u00e1s fuertes y la adrenalina? En Platja d&#8217;Aro tambi\u00e9n tienes a tu alcance practicar h\u00edpica, rutas en Segway, parques de aventura, saltos en paraca\u00eddas, v\u00edas ferratas, globos aerost\u00e1ticos, escalada, barranquismo\u2026<\/p>\n<h3 class=\"p1\">Turismo n\u00e1utico y deportivo<\/h3>\n<p class=\"p1\">La gran cantidad de puertos deportivos y centros de submarinismo en la Costa Brava abren todas las posibilidades para realizar cualquier actividad acu\u00e1tica: esqu\u00ed, vela, snorkel, windsurf, kayak, etc. Asimismo, si no eres tan de deportes minoritarios, siempre podr\u00e1s practicar f\u00fatbol, baloncesto, tenis, golf, etc.<\/p>\n<p class=\"p1\">Reserva aqu\u00ed tus vacaciones en Platja d&#8217;Aro: <a href=\"https:\/\/www.hplatjadaro.com\/es\/habitaciones-familiares-para-grupos\/\">reserva ahora<\/a>.<\/p>\n","protected":false},"excerpt":{"rendered":"<p>El turismo activo, cada vez m\u00e1s demandado por los visitantes de la Costa Brava En los \u00faltimos a\u00f1os, el turismo activo se ha convertido en uno de los m\u00e1s demandados, seg\u00fan los portales de referencia del sector turismo y viajes. Cada vez m\u00e1s grupos de amigos, familias e incluso parejas buscan vacaciones donde la actividad&hellip;&nbsp;<\/p>\n","protected":false},"author":1,"featured_media":8246,"comment_status":"closed","ping_status":"closed","sticky":false,"template":"","format":"standard","meta":{"_acf_changed":false,"neve_meta_sidebar":"","neve_meta_container":"","neve_meta_enable_content_width":"","neve_meta_content_width":0,"neve_meta_title_alignment":"","neve_meta_author_avatar":"","neve_post_elements_order":"","neve_meta_disable_header":"","neve_meta_disable_footer":"","neve_meta_disable_title":"","neve_meta_reading_time":"","footnotes":""},"categories":[82],"tags":[],"class_list":["post-8262","post","type-post","status-publish","format-standard","has-post-thumbnail","hentry","category-noticies-es"],"acf":[],"yoast_head":"<!-- This site is optimized with the Yoast SEO plugin v28.4 - https:\/\/yoast.com\/product\/yoast-seo-wordpress\/ -->\n<title>No parar\u00e1s de moverte: turismo activo en Platja d&#039;Aro | Hotel Platja d&#039;Aro<\/title>\n<meta name=\"robots\" content=\"index, follow, max-snippet:-1, max-image-preview:large, max-video-preview:-1\" \/>\n<link rel=\"canonical\" href=\"https:\/\/www.hplatjadaro.com\/es\/no-pararas-de-mouret-turisme-actiu-a-platja-daro-2\/\" \/>\n<meta property=\"og:locale\" content=\"es_ES\" \/>\n<meta property=\"og:type\" content=\"article\" \/>\n<meta property=\"og:title\" content=\"No parar\u00e1s de moverte: turismo activo en Platja d&#039;Aro | Hotel Platja d&#039;Aro\" \/>\n<meta property=\"og:description\" content=\"El turismo activo, cada vez m\u00e1s demandado por los visitantes de la Costa Brava En los \u00faltimos a\u00f1os, el turismo activo se ha convertido en uno de los m\u00e1s demandados, seg\u00fan los portales de referencia del sector turismo y viajes. Cada vez m\u00e1s grupos de amigos, familias e incluso parejas buscan vacaciones donde la actividad&hellip;&nbsp;\" \/>\n<meta property=\"og:url\" content=\"https:\/\/www.hplatjadaro.com\/es\/no-pararas-de-mouret-turisme-actiu-a-platja-daro-2\/\" \/>\n<meta property=\"og:site_name\" content=\"Hotel Platja d&#039;Aro\" \/>\n<meta property=\"article:published_time\" content=\"2026-07-02T08:35:24+00:00\" \/>\n<meta property=\"article:modified_time\" content=\"2026-07-14T09:11:38+00:00\" \/>\n<meta property=\"og:image\" content=\"https:\/\/www.hplatjadaro.com\/wp-content\/uploads\/2026\/07\/turismo_activo.jpg\" \/>\n\t<meta property=\"og:image:width\" content=\"2500\" \/>\n\t<meta property=\"og:image:height\" content=\"1593\" \/>\n\t<meta property=\"og:image:type\" content=\"image\/jpeg\" \/>\n<meta name=\"author\" content=\"Comunicaci\u00f3 Integral Neorg\" \/>\n<meta name=\"twitter:card\" content=\"summary_large_image\" \/>\n<meta name=\"twitter:label1\" content=\"Escrito por\" \/>\n\t<meta name=\"twitter:data1\" content=\"Comunicaci\u00f3 Integral Neorg\" \/>\n\t<meta name=\"twitter:label2\" content=\"Tiempo de lectura\" \/>\n\t<meta name=\"twitter:data2\" content=\"2 minutos\" \/>\n<script type=\"application\/ld+json\" class=\"yoast-schema-graph\">{\"@context\":\"https:\\\/\\\/schema.org\",\"@graph\":[{\"@type\":\"Article\",\"@id\":\"https:\\\/\\\/www.hplatjadaro.com\\\/es\\\/no-pararas-de-mouret-turisme-actiu-a-platja-daro-2\\\/#article\",\"isPartOf\":{\"@id\":\"https:\\\/\\\/www.hplatjadaro.com\\\/es\\\/no-pararas-de-mouret-turisme-actiu-a-platja-daro-2\\\/\"},\"author\":{\"name\":\"Comunicaci\u00f3 Integral Neorg\",\"@id\":\"https:\\\/\\\/www.hplatjadaro.com\\\/es\\\/#\\\/schema\\\/person\\\/3b4dad233a49ff0bc5b42d830b3f7e53\"},\"headline\":\"No parar\u00e1s de moverte: turismo activo en Platja d&#8217;Aro\",\"datePublished\":\"2026-07-02T08:35:24+00:00\",\"dateModified\":\"2026-07-14T09:11:38+00:00\",\"mainEntityOfPage\":{\"@id\":\"https:\\\/\\\/www.hplatjadaro.com\\\/es\\\/no-pararas-de-mouret-turisme-actiu-a-platja-daro-2\\\/\"},\"wordCount\":334,\"publisher\":{\"@id\":\"https:\\\/\\\/www.hplatjadaro.com\\\/es\\\/#organization\"},\"image\":{\"@id\":\"https:\\\/\\\/www.hplatjadaro.com\\\/es\\\/no-pararas-de-mouret-turisme-actiu-a-platja-daro-2\\\/#primaryimage\"},\"thumbnailUrl\":\"https:\\\/\\\/www.hplatjadaro.com\\\/wp-content\\\/uploads\\\/2026\\\/07\\\/turismo_activo.jpg\",\"articleSection\":[\"Not\u00edcies\"],\"inLanguage\":\"es\"},{\"@type\":\"WebPage\",\"@id\":\"https:\\\/\\\/www.hplatjadaro.com\\\/es\\\/no-pararas-de-mouret-turisme-actiu-a-platja-daro-2\\\/\",\"url\":\"https:\\\/\\\/www.hplatjadaro.com\\\/es\\\/no-pararas-de-mouret-turisme-actiu-a-platja-daro-2\\\/\",\"name\":\"No parar\u00e1s de moverte: turismo activo en Platja d'Aro | Hotel Platja d&#039;Aro\",\"isPartOf\":{\"@id\":\"https:\\\/\\\/www.hplatjadaro.com\\\/es\\\/#website\"},\"primaryImageOfPage\":{\"@id\":\"https:\\\/\\\/www.hplatjadaro.com\\\/es\\\/no-pararas-de-mouret-turisme-actiu-a-platja-daro-2\\\/#primaryimage\"},\"image\":{\"@id\":\"https:\\\/\\\/www.hplatjadaro.com\\\/es\\\/no-pararas-de-mouret-turisme-actiu-a-platja-daro-2\\\/#primaryimage\"},\"thumbnailUrl\":\"https:\\\/\\\/www.hplatjadaro.com\\\/wp-content\\\/uploads\\\/2026\\\/07\\\/turismo_activo.jpg\",\"datePublished\":\"2026-07-02T08:35:24+00:00\",\"dateModified\":\"2026-07-14T09:11:38+00:00\",\"breadcrumb\":{\"@id\":\"https:\\\/\\\/www.hplatjadaro.com\\\/es\\\/no-pararas-de-mouret-turisme-actiu-a-platja-daro-2\\\/#breadcrumb\"},\"inLanguage\":\"es\",\"potentialAction\":[{\"@type\":\"ReadAction\",\"target\":[\"https:\\\/\\\/www.hplatjadaro.com\\\/es\\\/no-pararas-de-mouret-turisme-actiu-a-platja-daro-2\\\/\"]}]},{\"@type\":\"ImageObject\",\"inLanguage\":\"es\",\"@id\":\"https:\\\/\\\/www.hplatjadaro.com\\\/es\\\/no-pararas-de-mouret-turisme-actiu-a-platja-daro-2\\\/#primaryimage\",\"url\":\"https:\\\/\\\/www.hplatjadaro.com\\\/wp-content\\\/uploads\\\/2026\\\/07\\\/turismo_activo.jpg\",\"contentUrl\":\"https:\\\/\\\/www.hplatjadaro.com\\\/wp-content\\\/uploads\\\/2026\\\/07\\\/turismo_activo.jpg\",\"width\":2500,\"height\":1593},{\"@type\":\"BreadcrumbList\",\"@id\":\"https:\\\/\\\/www.hplatjadaro.com\\\/es\\\/no-pararas-de-mouret-turisme-actiu-a-platja-daro-2\\\/#breadcrumb\",\"itemListElement\":[{\"@type\":\"ListItem\",\"position\":1,\"name\":\"Portada\",\"item\":\"https:\\\/\\\/www.hplatjadaro.com\\\/es\\\/\"},{\"@type\":\"ListItem\",\"position\":2,\"name\":\"No parar\u00e1s de moverte: turismo activo en Platja d&#8217;Aro\"}]},{\"@type\":\"WebSite\",\"@id\":\"https:\\\/\\\/www.hplatjadaro.com\\\/es\\\/#website\",\"url\":\"https:\\\/\\\/www.hplatjadaro.com\\\/es\\\/\",\"name\":\"Aromar Hotels & Restaurants\",\"description\":\"Hotel familiar a Platja d&#039;Aro, Costa Brava\",\"publisher\":{\"@id\":\"https:\\\/\\\/www.hplatjadaro.com\\\/es\\\/#organization\"},\"alternateName\":\"Aromar Hotels & Restaurants\",\"potentialAction\":[{\"@type\":\"SearchAction\",\"target\":{\"@type\":\"EntryPoint\",\"urlTemplate\":\"https:\\\/\\\/www.hplatjadaro.com\\\/es\\\/?s={search_term_string}\"},\"query-input\":{\"@type\":\"PropertyValueSpecification\",\"valueRequired\":true,\"valueName\":\"search_term_string\"}}],\"inLanguage\":\"es\"},{\"@type\":\"Organization\",\"@id\":\"https:\\\/\\\/www.hplatjadaro.com\\\/es\\\/#organization\",\"name\":\"Hotel Platja d'Aro\",\"alternateName\":\"Aromar Hotels\",\"url\":\"https:\\\/\\\/www.hplatjadaro.com\\\/es\\\/\",\"logo\":{\"@type\":\"ImageObject\",\"inLanguage\":\"es\",\"@id\":\"https:\\\/\\\/www.hplatjadaro.com\\\/es\\\/#\\\/schema\\\/logo\\\/image\\\/\",\"url\":\"https:\\\/\\\/www.hplatjadaro.com\\\/wp-content\\\/uploads\\\/2024\\\/04\\\/Aromar-2.jpg\",\"contentUrl\":\"https:\\\/\\\/www.hplatjadaro.com\\\/wp-content\\\/uploads\\\/2024\\\/04\\\/Aromar-2.jpg\",\"width\":696,\"height\":696,\"caption\":\"Hotel Platja d'Aro\"},\"image\":{\"@id\":\"https:\\\/\\\/www.hplatjadaro.com\\\/es\\\/#\\\/schema\\\/logo\\\/image\\\/\"}},{\"@type\":\"Person\",\"@id\":\"https:\\\/\\\/www.hplatjadaro.com\\\/es\\\/#\\\/schema\\\/person\\\/3b4dad233a49ff0bc5b42d830b3f7e53\",\"name\":\"Comunicaci\u00f3 Integral Neorg\",\"image\":{\"@type\":\"ImageObject\",\"inLanguage\":\"es\",\"@id\":\"https:\\\/\\\/secure.gravatar.com\\\/avatar\\\/709d3d8015183afa7401c02e2291a538cbfd4ffe62f4d86ce5f4871f22e86b09?s=96&d=mm&r=g\",\"url\":\"https:\\\/\\\/secure.gravatar.com\\\/avatar\\\/709d3d8015183afa7401c02e2291a538cbfd4ffe62f4d86ce5f4871f22e86b09?s=96&d=mm&r=g\",\"contentUrl\":\"https:\\\/\\\/secure.gravatar.com\\\/avatar\\\/709d3d8015183afa7401c02e2291a538cbfd4ffe62f4d86ce5f4871f22e86b09?s=96&d=mm&r=g\",\"caption\":\"Comunicaci\u00f3 Integral Neorg\"},\"sameAs\":[\"https:\\\/\\\/www.hplatjadaro.com\"]}]}<\/script>\n<!-- \/ Yoast SEO plugin. -->","yoast_head_json":{"title":"No parar\u00e1s de moverte: turismo activo en Platja d'Aro | Hotel Platja d&#039;Aro","robots":{"index":"index","follow":"follow","max-snippet":"max-snippet:-1","max-image-preview":"max-image-preview:large","max-video-preview":"max-video-preview:-1"},"canonical":"https:\/\/www.hplatjadaro.com\/es\/no-pararas-de-mouret-turisme-actiu-a-platja-daro-2\/","og_locale":"es_ES","og_type":"article","og_title":"No parar\u00e1s de moverte: turismo activo en Platja d'Aro | Hotel Platja d&#039;Aro","og_description":"El turismo activo, cada vez m\u00e1s demandado por los visitantes de la Costa Brava En los \u00faltimos a\u00f1os, el turismo activo se ha convertido en uno de los m\u00e1s demandados, seg\u00fan los portales de referencia del sector turismo y viajes. Cada vez m\u00e1s grupos de amigos, familias e incluso parejas buscan vacaciones donde la actividad&hellip;&nbsp;","og_url":"https:\/\/www.hplatjadaro.com\/es\/no-pararas-de-mouret-turisme-actiu-a-platja-daro-2\/","og_site_name":"Hotel Platja d&#039;Aro","article_published_time":"2026-07-02T08:35:24+00:00","article_modified_time":"2026-07-14T09:11:38+00:00","og_image":[{"width":2500,"height":1593,"url":"https:\/\/www.hplatjadaro.com\/wp-content\/uploads\/2026\/07\/turismo_activo.jpg","type":"image\/jpeg"}],"author":"Comunicaci\u00f3 Integral Neorg","twitter_card":"summary_large_image","twitter_misc":{"Escrito por":"Comunicaci\u00f3 Integral Neorg","Tiempo de lectura":"2 minutos"},"schema":{"@context":"https:\/\/schema.org","@graph":[{"@type":"Article","@id":"https:\/\/www.hplatjadaro.com\/es\/no-pararas-de-mouret-turisme-actiu-a-platja-daro-2\/#article","isPartOf":{"@id":"https:\/\/www.hplatjadaro.com\/es\/no-pararas-de-mouret-turisme-actiu-a-platja-daro-2\/"},"author":{"name":"Comunicaci\u00f3 Integral Neorg","@id":"https:\/\/www.hplatjadaro.com\/es\/#\/schema\/person\/3b4dad233a49ff0bc5b42d830b3f7e53"},"headline":"No parar\u00e1s de moverte: turismo activo en Platja d&#8217;Aro","datePublished":"2026-07-02T08:35:24+00:00","dateModified":"2026-07-14T09:11:38+00:00","mainEntityOfPage":{"@id":"https:\/\/www.hplatjadaro.com\/es\/no-pararas-de-mouret-turisme-actiu-a-platja-daro-2\/"},"wordCount":334,"publisher":{"@id":"https:\/\/www.hplatjadaro.com\/es\/#organization"},"image":{"@id":"https:\/\/www.hplatjadaro.com\/es\/no-pararas-de-mouret-turisme-actiu-a-platja-daro-2\/#primaryimage"},"thumbnailUrl":"https:\/\/www.hplatjadaro.com\/wp-content\/uploads\/2026\/07\/turismo_activo.jpg","articleSection":["Not\u00edcies"],"inLanguage":"es"},{"@type":"WebPage","@id":"https:\/\/www.hplatjadaro.com\/es\/no-pararas-de-mouret-turisme-actiu-a-platja-daro-2\/","url":"https:\/\/www.hplatjadaro.com\/es\/no-pararas-de-mouret-turisme-actiu-a-platja-daro-2\/","name":"No parar\u00e1s de moverte: turismo activo en Platja d'Aro | Hotel Platja d&#039;Aro","isPartOf":{"@id":"https:\/\/www.hplatjadaro.com\/es\/#website"},"primaryImageOfPage":{"@id":"https:\/\/www.hplatjadaro.com\/es\/no-pararas-de-mouret-turisme-actiu-a-platja-daro-2\/#primaryimage"},"image":{"@id":"https:\/\/www.hplatjadaro.com\/es\/no-pararas-de-mouret-turisme-actiu-a-platja-daro-2\/#primaryimage"},"thumbnailUrl":"https:\/\/www.hplatjadaro.com\/wp-content\/uploads\/2026\/07\/turismo_activo.jpg","datePublished":"2026-07-02T08:35:24+00:00","dateModified":"2026-07-14T09:11:38+00:00","breadcrumb":{"@id":"https:\/\/www.hplatjadaro.com\/es\/no-pararas-de-mouret-turisme-actiu-a-platja-daro-2\/#breadcrumb"},"inLanguage":"es","potentialAction":[{"@type":"ReadAction","target":["https:\/\/www.hplatjadaro.com\/es\/no-pararas-de-mouret-turisme-actiu-a-platja-daro-2\/"]}]},{"@type":"ImageObject","inLanguage":"es","@id":"https:\/\/www.hplatjadaro.com\/es\/no-pararas-de-mouret-turisme-actiu-a-platja-daro-2\/#primaryimage","url":"https:\/\/www.hplatjadaro.com\/wp-content\/uploads\/2026\/07\/turismo_activo.jpg","contentUrl":"https:\/\/www.hplatjadaro.com\/wp-content\/uploads\/2026\/07\/turismo_activo.jpg","width":2500,"height":1593},{"@type":"BreadcrumbList","@id":"https:\/\/www.hplatjadaro.com\/es\/no-pararas-de-mouret-turisme-actiu-a-platja-daro-2\/#breadcrumb","itemListElement":[{"@type":"ListItem","position":1,"name":"Portada","item":"https:\/\/www.hplatjadaro.com\/es\/"},{"@type":"ListItem","position":2,"name":"No parar\u00e1s de moverte: turismo activo en Platja d&#8217;Aro"}]},{"@type":"WebSite","@id":"https:\/\/www.hplatjadaro.com\/es\/#website","url":"https:\/\/www.hplatjadaro.com\/es\/","name":"Aromar Hotels & Restaurants","description":"Hotel familiar a Platja d&#039;Aro, Costa Brava","publisher":{"@id":"https:\/\/www.hplatjadaro.com\/es\/#organization"},"alternateName":"Aromar Hotels & Restaurants","potentialAction":[{"@type":"SearchAction","target":{"@type":"EntryPoint","urlTemplate":"https:\/\/www.hplatjadaro.com\/es\/?s={search_term_string}"},"query-input":{"@type":"PropertyValueSpecification","valueRequired":true,"valueName":"search_term_string"}}],"inLanguage":"es"},{"@type":"Organization","@id":"https:\/\/www.hplatjadaro.com\/es\/#organization","name":"Hotel Platja d'Aro","alternateName":"Aromar Hotels","url":"https:\/\/www.hplatjadaro.com\/es\/","logo":{"@type":"ImageObject","inLanguage":"es","@id":"https:\/\/www.hplatjadaro.com\/es\/#\/schema\/logo\/image\/","url":"https:\/\/www.hplatjadaro.com\/wp-content\/uploads\/2024\/04\/Aromar-2.jpg","contentUrl":"https:\/\/www.hplatjadaro.com\/wp-content\/uploads\/2024\/04\/Aromar-2.jpg","width":696,"height":696,"caption":"Hotel Platja d'Aro"},"image":{"@id":"https:\/\/www.hplatjadaro.com\/es\/#\/schema\/logo\/image\/"}},{"@type":"Person","@id":"https:\/\/www.hplatjadaro.com\/es\/#\/schema\/person\/3b4dad233a49ff0bc5b42d830b3f7e53","name":"Comunicaci\u00f3 Integral Neorg","image":{"@type":"ImageObject","inLanguage":"es","@id":"https:\/\/secure.gravatar.com\/avatar\/709d3d8015183afa7401c02e2291a538cbfd4ffe62f4d86ce5f4871f22e86b09?s=96&d=mm&r=g","url":"https:\/\/secure.gravatar.com\/avatar\/709d3d8015183afa7401c02e2291a538cbfd4ffe62f4d86ce5f4871f22e86b09?s=96&d=mm&r=g","contentUrl":"https:\/\/secure.gravatar.com\/avatar\/709d3d8015183afa7401c02e2291a538cbfd4ffe62f4d86ce5f4871f22e86b09?s=96&d=mm&r=g","caption":"Comunicaci\u00f3 Integral Neorg"},"sameAs":["https:\/\/www.hplatjadaro.com"]}]}},"_links":{"self":[{"href":"https:\/\/www.hplatjadaro.com\/es\/wp-json\/wp\/v2\/posts\/8262","targetHints":{"allow":["GET"]}}],"collection":[{"href":"https:\/\/www.hplatjadaro.com\/es\/wp-json\/wp\/v2\/posts"}],"about":[{"href":"https:\/\/www.hplatjadaro.com\/es\/wp-json\/wp\/v2\/types\/post"}],"author":[{"embeddable":true,"href":"https:\/\/www.hplatjadaro.com\/es\/wp-json\/wp\/v2\/users\/1"}],"replies":[{"embeddable":true,"href":"https:\/\/www.hplatjadaro.com\/es\/wp-json\/wp\/v2\/comments?post=8262"}],"version-history":[{"count":1,"href":"https:\/\/www.hplatjadaro.com\/es\/wp-json\/wp\/v2\/posts\/8262\/revisions"}],"predecessor-version":[{"id":8886,"href":"https:\/\/www.hplatjadaro.com\/es\/wp-json\/wp\/v2\/posts\/8262\/revisions\/8886"}],"wp:featuredmedia":[{"embeddable":true,"href":"https:\/\/www.hplatjadaro.com\/es\/wp-json\/wp\/v2\/media\/8246"}],"wp:attachment":[{"href":"https:\/\/www.hplatjadaro.com\/es\/wp-json\/wp\/v2\/media?parent=8262"}],"wp:term":[{"taxonomy":"category","embeddable":true,"href":"https:\/\/www.hplatjadaro.com\/es\/wp-json\/wp\/v2\/categories?post=8262"},{"taxonomy":"post_tag","embeddable":true,"href":"https:\/\/www.hplatjadaro.com\/es\/wp-json\/wp\/v2\/tags?post=8262"}],"curies":[{"name":"wp","href":"https:\/\/api.w.org\/{rel}","templated":true}]}}