{"id":8269,"date":"2026-07-02T10:35:24","date_gmt":"2026-07-02T08:35:24","guid":{"rendered":"https:\/\/www.hplatjadaro.com\/lhotel-platja-daro-entre-cales-densomni-2\/"},"modified":"2026-07-14T11:16:54","modified_gmt":"2026-07-14T09:16:54","slug":"lhotel-platja-daro-entre-cales-densomni-2","status":"publish","type":"post","link":"https:\/\/www.hplatjadaro.com\/es\/lhotel-platja-daro-entre-cales-densomni-2\/","title":{"rendered":"El Hotel Platja d&#8217;Aro, entre calas de ensue\u00f1o"},"content":{"rendered":"<p class=\"p1\"><em>Cala del Pi, Cala Sa Cova y Cala Rovira se encuentran a muy poca distancia del Hotel Platja d&#8217;Aro<\/em><\/p>\n<p class=\"p1\">Platja d&#8217;Aro es uno de los epicentros tur\u00edsticos de la Costa Brava. Y no es por casualidad. Todo lo que ofrece para garantizar la diversi\u00f3n y la calidad de las escapadas de fin de semana o de las tan anheladas vacaciones han convertido a este municipio en un aut\u00e9ntico im\u00e1n de visitantes.<\/p>\n<p class=\"p1\">Las playas son uno de sus principales atributos. Las hay para todos los gustos: rocosas, de arena fina, infinitas, estrechas, amplias, min\u00fasculas\u2026 Esta gran diversidad de opciones no solo nos ofrece encontrar la que m\u00e1s puede encajar con lo que buscamos, sino que tambi\u00e9n nos abre un gran abanico de posibilidades para recorrer la Costa Brava.<\/p>\n<p class=\"p1\"><strong>\u00bfQu\u00e9 calas podemos visitar durante nuestra estancia en el Hotel Platja d&#8217;Aro?<\/strong><\/p>\n<p class=\"p1\">La ubicaci\u00f3n del Hotel Platja d&#8217;Aro es sublime. No solo est\u00e1 a 5 minutos de la playa y a 3 del eje comercial, sino que tambi\u00e9n se encuentra a una distancia insignificante (menos de 10 minutos en coche) de tres calas con gran reputaci\u00f3n: Cala del Pi, Cala Sa Cova y Cala Rovira.<\/p>\n<h2 class=\"p1\">Cala del Pi<\/h2>\n<p class=\"p1\">Como curiosidad, su nombre se debe a la gran cantidad de pinos que se encuentran por la zona. Especialmente, hay dos muy antiguos. Es una peque\u00f1a cala ligada a los pescadores de la zona. Es ideal para los m\u00e1s peque\u00f1os, ya que no es profunda y se pueden explorar gran cantidad de rocas. El acceso es limitado, porque hay que bajar un buen n\u00famero de escaleras, pero su agua limpia, clara y cristalina vale mucho la pena.<\/p>\n<h2 class=\"p1\">Cala Rovira<\/h2>\n<p class=\"p1\">Las dimensiones de Cala Rovira son tan grandes que parece m\u00e1s una playa que una cala. La arena es gruesa, la entrada al agua tiene una pendiente bastante acentuada y sus alrededores cuentan con un gran atractivo tur\u00edstico. Las zonas rocosas que delimitan la playa a\u00f1aden un gran valor est\u00e9tico. Cabe mencionar que Cala Rovira ha sido reconocida con bandera azul.<\/p>\n<h2 class=\"p1\">Cala Sa Cova<\/h2>\n<p class=\"p1\">La vegetaci\u00f3n rodea Cala Sa Cova, que se encuentra bajo un acantilado. Se accede por el camino de Ronda que empieza en Cala Rovira. Es una cala m\u00e1s peque\u00f1a y protegida. Es conocida por ser el lugar donde los pescadores de l&#8217;Escala dejaban sus embarcaciones mientras realizaban sus operaciones comerciales. Ahora, es una cala encantadora para pasar un d\u00eda en familia.<\/p>\n<p class=\"p1\">\u00a1Reserva una habitaci\u00f3n en el Hotel Platja d&#8217;Aro y descubre la Costa Brava a trav\u00e9s de sus calas m\u00e1s preciosas!<\/p>\n","protected":false},"excerpt":{"rendered":"<p>Cala del Pi, Cala Sa Cova y Cala Rovira se encuentran a muy poca distancia del Hotel Platja d&#8217;Aro Platja d&#8217;Aro es uno de los epicentros tur\u00edsticos de la Costa Brava. Y no es por casualidad. Todo lo que ofrece para garantizar la diversi\u00f3n y la calidad de las escapadas de fin de semana o&hellip;&nbsp;<\/p>\n","protected":false},"author":1,"featured_media":8249,"comment_status":"closed","ping_status":"closed","sticky":false,"template":"","format":"standard","meta":{"_acf_changed":false,"neve_meta_sidebar":"","neve_meta_container":"","neve_meta_enable_content_width":"","neve_meta_content_width":0,"neve_meta_title_alignment":"","neve_meta_author_avatar":"","neve_post_elements_order":"","neve_meta_disable_header":"","neve_meta_disable_footer":"","neve_meta_disable_title":"","neve_meta_reading_time":"","footnotes":""},"categories":[82],"tags":[],"class_list":["post-8269","post","type-post","status-publish","format-standard","has-post-thumbnail","hentry","category-noticies-es"],"acf":[],"yoast_head":"<!-- This site is optimized with the Yoast SEO plugin v28.4 - https:\/\/yoast.com\/product\/yoast-seo-wordpress\/ -->\n<title>El Hotel Platja d&#039;Aro, entre calas de ensue\u00f1o | Hotel Platja d&#039;Aro<\/title>\n<meta name=\"robots\" content=\"index, follow, max-snippet:-1, max-image-preview:large, max-video-preview:-1\" \/>\n<link rel=\"canonical\" href=\"https:\/\/www.hplatjadaro.com\/es\/lhotel-platja-daro-entre-cales-densomni-2\/\" \/>\n<meta property=\"og:locale\" content=\"es_ES\" \/>\n<meta property=\"og:type\" content=\"article\" \/>\n<meta property=\"og:title\" content=\"El Hotel Platja d&#039;Aro, entre calas de ensue\u00f1o | Hotel Platja d&#039;Aro\" \/>\n<meta property=\"og:description\" content=\"Cala del Pi, Cala Sa Cova y Cala Rovira se encuentran a muy poca distancia del Hotel Platja d&#8217;Aro Platja d&#8217;Aro es uno de los epicentros tur\u00edsticos de la Costa Brava. Y no es por casualidad. Todo lo que ofrece para garantizar la diversi\u00f3n y la calidad de las escapadas de fin de semana o&hellip;&nbsp;\" \/>\n<meta property=\"og:url\" content=\"https:\/\/www.hplatjadaro.com\/es\/lhotel-platja-daro-entre-cales-densomni-2\/\" \/>\n<meta property=\"og:site_name\" content=\"Hotel Platja d&#039;Aro\" \/>\n<meta property=\"article:published_time\" content=\"2026-07-02T08:35:24+00:00\" \/>\n<meta property=\"article:modified_time\" content=\"2026-07-14T09:16:54+00:00\" \/>\n<meta property=\"og:image\" content=\"https:\/\/www.hplatjadaro.com\/wp-content\/uploads\/2026\/07\/FILES_ITEMS_571_CALES_W_1900_Q_100.jpg\" \/>\n\t<meta property=\"og:image:width\" content=\"1000\" \/>\n\t<meta property=\"og:image:height\" content=\"677\" \/>\n\t<meta property=\"og:image:type\" content=\"image\/jpeg\" \/>\n<meta name=\"author\" content=\"Comunicaci\u00f3 Integral Neorg\" \/>\n<meta name=\"twitter:card\" content=\"summary_large_image\" \/>\n<meta name=\"twitter:label1\" content=\"Escrito por\" \/>\n\t<meta name=\"twitter:data1\" content=\"Comunicaci\u00f3 Integral Neorg\" \/>\n\t<meta name=\"twitter:label2\" content=\"Tiempo de lectura\" \/>\n\t<meta name=\"twitter:data2\" content=\"2 minutos\" \/>\n<script type=\"application\/ld+json\" class=\"yoast-schema-graph\">{\"@context\":\"https:\\\/\\\/schema.org\",\"@graph\":[{\"@type\":\"Article\",\"@id\":\"https:\\\/\\\/www.hplatjadaro.com\\\/es\\\/lhotel-platja-daro-entre-cales-densomni-2\\\/#article\",\"isPartOf\":{\"@id\":\"https:\\\/\\\/www.hplatjadaro.com\\\/es\\\/lhotel-platja-daro-entre-cales-densomni-2\\\/\"},\"author\":{\"name\":\"Comunicaci\u00f3 Integral Neorg\",\"@id\":\"https:\\\/\\\/www.hplatjadaro.com\\\/es\\\/#\\\/schema\\\/person\\\/3b4dad233a49ff0bc5b42d830b3f7e53\"},\"headline\":\"El Hotel Platja d&#8217;Aro, entre calas de ensue\u00f1o\",\"datePublished\":\"2026-07-02T08:35:24+00:00\",\"dateModified\":\"2026-07-14T09:16:54+00:00\",\"mainEntityOfPage\":{\"@id\":\"https:\\\/\\\/www.hplatjadaro.com\\\/es\\\/lhotel-platja-daro-entre-cales-densomni-2\\\/\"},\"wordCount\":457,\"publisher\":{\"@id\":\"https:\\\/\\\/www.hplatjadaro.com\\\/es\\\/#organization\"},\"image\":{\"@id\":\"https:\\\/\\\/www.hplatjadaro.com\\\/es\\\/lhotel-platja-daro-entre-cales-densomni-2\\\/#primaryimage\"},\"thumbnailUrl\":\"https:\\\/\\\/www.hplatjadaro.com\\\/wp-content\\\/uploads\\\/2026\\\/07\\\/FILES_ITEMS_571_CALES_W_1900_Q_100.jpg\",\"articleSection\":[\"Not\u00edcies\"],\"inLanguage\":\"es\"},{\"@type\":\"WebPage\",\"@id\":\"https:\\\/\\\/www.hplatjadaro.com\\\/es\\\/lhotel-platja-daro-entre-cales-densomni-2\\\/\",\"url\":\"https:\\\/\\\/www.hplatjadaro.com\\\/es\\\/lhotel-platja-daro-entre-cales-densomni-2\\\/\",\"name\":\"El Hotel Platja d'Aro, entre calas de ensue\u00f1o | Hotel Platja d&#039;Aro\",\"isPartOf\":{\"@id\":\"https:\\\/\\\/www.hplatjadaro.com\\\/es\\\/#website\"},\"primaryImageOfPage\":{\"@id\":\"https:\\\/\\\/www.hplatjadaro.com\\\/es\\\/lhotel-platja-daro-entre-cales-densomni-2\\\/#primaryimage\"},\"image\":{\"@id\":\"https:\\\/\\\/www.hplatjadaro.com\\\/es\\\/lhotel-platja-daro-entre-cales-densomni-2\\\/#primaryimage\"},\"thumbnailUrl\":\"https:\\\/\\\/www.hplatjadaro.com\\\/wp-content\\\/uploads\\\/2026\\\/07\\\/FILES_ITEMS_571_CALES_W_1900_Q_100.jpg\",\"datePublished\":\"2026-07-02T08:35:24+00:00\",\"dateModified\":\"2026-07-14T09:16:54+00:00\",\"breadcrumb\":{\"@id\":\"https:\\\/\\\/www.hplatjadaro.com\\\/es\\\/lhotel-platja-daro-entre-cales-densomni-2\\\/#breadcrumb\"},\"inLanguage\":\"es\",\"potentialAction\":[{\"@type\":\"ReadAction\",\"target\":[\"https:\\\/\\\/www.hplatjadaro.com\\\/es\\\/lhotel-platja-daro-entre-cales-densomni-2\\\/\"]}]},{\"@type\":\"ImageObject\",\"inLanguage\":\"es\",\"@id\":\"https:\\\/\\\/www.hplatjadaro.com\\\/es\\\/lhotel-platja-daro-entre-cales-densomni-2\\\/#primaryimage\",\"url\":\"https:\\\/\\\/www.hplatjadaro.com\\\/wp-content\\\/uploads\\\/2026\\\/07\\\/FILES_ITEMS_571_CALES_W_1900_Q_100.jpg\",\"contentUrl\":\"https:\\\/\\\/www.hplatjadaro.com\\\/wp-content\\\/uploads\\\/2026\\\/07\\\/FILES_ITEMS_571_CALES_W_1900_Q_100.jpg\",\"width\":1000,\"height\":677},{\"@type\":\"BreadcrumbList\",\"@id\":\"https:\\\/\\\/www.hplatjadaro.com\\\/es\\\/lhotel-platja-daro-entre-cales-densomni-2\\\/#breadcrumb\",\"itemListElement\":[{\"@type\":\"ListItem\",\"position\":1,\"name\":\"Portada\",\"item\":\"https:\\\/\\\/www.hplatjadaro.com\\\/es\\\/\"},{\"@type\":\"ListItem\",\"position\":2,\"name\":\"El Hotel Platja d&#8217;Aro, entre calas de ensue\u00f1o\"}]},{\"@type\":\"WebSite\",\"@id\":\"https:\\\/\\\/www.hplatjadaro.com\\\/es\\\/#website\",\"url\":\"https:\\\/\\\/www.hplatjadaro.com\\\/es\\\/\",\"name\":\"Aromar Hotels & Restaurants\",\"description\":\"Hotel familiar a Platja d&#039;Aro, Costa Brava\",\"publisher\":{\"@id\":\"https:\\\/\\\/www.hplatjadaro.com\\\/es\\\/#organization\"},\"alternateName\":\"Aromar Hotels & Restaurants\",\"potentialAction\":[{\"@type\":\"SearchAction\",\"target\":{\"@type\":\"EntryPoint\",\"urlTemplate\":\"https:\\\/\\\/www.hplatjadaro.com\\\/es\\\/?s={search_term_string}\"},\"query-input\":{\"@type\":\"PropertyValueSpecification\",\"valueRequired\":true,\"valueName\":\"search_term_string\"}}],\"inLanguage\":\"es\"},{\"@type\":\"Organization\",\"@id\":\"https:\\\/\\\/www.hplatjadaro.com\\\/es\\\/#organization\",\"name\":\"Hotel Platja d'Aro\",\"alternateName\":\"Aromar Hotels\",\"url\":\"https:\\\/\\\/www.hplatjadaro.com\\\/es\\\/\",\"logo\":{\"@type\":\"ImageObject\",\"inLanguage\":\"es\",\"@id\":\"https:\\\/\\\/www.hplatjadaro.com\\\/es\\\/#\\\/schema\\\/logo\\\/image\\\/\",\"url\":\"https:\\\/\\\/www.hplatjadaro.com\\\/wp-content\\\/uploads\\\/2024\\\/04\\\/Aromar-2.jpg\",\"contentUrl\":\"https:\\\/\\\/www.hplatjadaro.com\\\/wp-content\\\/uploads\\\/2024\\\/04\\\/Aromar-2.jpg\",\"width\":696,\"height\":696,\"caption\":\"Hotel Platja d'Aro\"},\"image\":{\"@id\":\"https:\\\/\\\/www.hplatjadaro.com\\\/es\\\/#\\\/schema\\\/logo\\\/image\\\/\"}},{\"@type\":\"Person\",\"@id\":\"https:\\\/\\\/www.hplatjadaro.com\\\/es\\\/#\\\/schema\\\/person\\\/3b4dad233a49ff0bc5b42d830b3f7e53\",\"name\":\"Comunicaci\u00f3 Integral Neorg\",\"image\":{\"@type\":\"ImageObject\",\"inLanguage\":\"es\",\"@id\":\"https:\\\/\\\/secure.gravatar.com\\\/avatar\\\/709d3d8015183afa7401c02e2291a538cbfd4ffe62f4d86ce5f4871f22e86b09?s=96&d=mm&r=g\",\"url\":\"https:\\\/\\\/secure.gravatar.com\\\/avatar\\\/709d3d8015183afa7401c02e2291a538cbfd4ffe62f4d86ce5f4871f22e86b09?s=96&d=mm&r=g\",\"contentUrl\":\"https:\\\/\\\/secure.gravatar.com\\\/avatar\\\/709d3d8015183afa7401c02e2291a538cbfd4ffe62f4d86ce5f4871f22e86b09?s=96&d=mm&r=g\",\"caption\":\"Comunicaci\u00f3 Integral Neorg\"},\"sameAs\":[\"https:\\\/\\\/www.hplatjadaro.com\"]}]}<\/script>\n<!-- \/ Yoast SEO plugin. -->","yoast_head_json":{"title":"El Hotel Platja d'Aro, entre calas de ensue\u00f1o | Hotel Platja d&#039;Aro","robots":{"index":"index","follow":"follow","max-snippet":"max-snippet:-1","max-image-preview":"max-image-preview:large","max-video-preview":"max-video-preview:-1"},"canonical":"https:\/\/www.hplatjadaro.com\/es\/lhotel-platja-daro-entre-cales-densomni-2\/","og_locale":"es_ES","og_type":"article","og_title":"El Hotel Platja d'Aro, entre calas de ensue\u00f1o | Hotel Platja d&#039;Aro","og_description":"Cala del Pi, Cala Sa Cova y Cala Rovira se encuentran a muy poca distancia del Hotel Platja d&#8217;Aro Platja d&#8217;Aro es uno de los epicentros tur\u00edsticos de la Costa Brava. Y no es por casualidad. Todo lo que ofrece para garantizar la diversi\u00f3n y la calidad de las escapadas de fin de semana o&hellip;&nbsp;","og_url":"https:\/\/www.hplatjadaro.com\/es\/lhotel-platja-daro-entre-cales-densomni-2\/","og_site_name":"Hotel Platja d&#039;Aro","article_published_time":"2026-07-02T08:35:24+00:00","article_modified_time":"2026-07-14T09:16:54+00:00","og_image":[{"width":1000,"height":677,"url":"https:\/\/www.hplatjadaro.com\/wp-content\/uploads\/2026\/07\/FILES_ITEMS_571_CALES_W_1900_Q_100.jpg","type":"image\/jpeg"}],"author":"Comunicaci\u00f3 Integral Neorg","twitter_card":"summary_large_image","twitter_misc":{"Escrito por":"Comunicaci\u00f3 Integral Neorg","Tiempo de lectura":"2 minutos"},"schema":{"@context":"https:\/\/schema.org","@graph":[{"@type":"Article","@id":"https:\/\/www.hplatjadaro.com\/es\/lhotel-platja-daro-entre-cales-densomni-2\/#article","isPartOf":{"@id":"https:\/\/www.hplatjadaro.com\/es\/lhotel-platja-daro-entre-cales-densomni-2\/"},"author":{"name":"Comunicaci\u00f3 Integral Neorg","@id":"https:\/\/www.hplatjadaro.com\/es\/#\/schema\/person\/3b4dad233a49ff0bc5b42d830b3f7e53"},"headline":"El Hotel Platja d&#8217;Aro, entre calas de ensue\u00f1o","datePublished":"2026-07-02T08:35:24+00:00","dateModified":"2026-07-14T09:16:54+00:00","mainEntityOfPage":{"@id":"https:\/\/www.hplatjadaro.com\/es\/lhotel-platja-daro-entre-cales-densomni-2\/"},"wordCount":457,"publisher":{"@id":"https:\/\/www.hplatjadaro.com\/es\/#organization"},"image":{"@id":"https:\/\/www.hplatjadaro.com\/es\/lhotel-platja-daro-entre-cales-densomni-2\/#primaryimage"},"thumbnailUrl":"https:\/\/www.hplatjadaro.com\/wp-content\/uploads\/2026\/07\/FILES_ITEMS_571_CALES_W_1900_Q_100.jpg","articleSection":["Not\u00edcies"],"inLanguage":"es"},{"@type":"WebPage","@id":"https:\/\/www.hplatjadaro.com\/es\/lhotel-platja-daro-entre-cales-densomni-2\/","url":"https:\/\/www.hplatjadaro.com\/es\/lhotel-platja-daro-entre-cales-densomni-2\/","name":"El Hotel Platja d'Aro, entre calas de ensue\u00f1o | Hotel Platja d&#039;Aro","isPartOf":{"@id":"https:\/\/www.hplatjadaro.com\/es\/#website"},"primaryImageOfPage":{"@id":"https:\/\/www.hplatjadaro.com\/es\/lhotel-platja-daro-entre-cales-densomni-2\/#primaryimage"},"image":{"@id":"https:\/\/www.hplatjadaro.com\/es\/lhotel-platja-daro-entre-cales-densomni-2\/#primaryimage"},"thumbnailUrl":"https:\/\/www.hplatjadaro.com\/wp-content\/uploads\/2026\/07\/FILES_ITEMS_571_CALES_W_1900_Q_100.jpg","datePublished":"2026-07-02T08:35:24+00:00","dateModified":"2026-07-14T09:16:54+00:00","breadcrumb":{"@id":"https:\/\/www.hplatjadaro.com\/es\/lhotel-platja-daro-entre-cales-densomni-2\/#breadcrumb"},"inLanguage":"es","potentialAction":[{"@type":"ReadAction","target":["https:\/\/www.hplatjadaro.com\/es\/lhotel-platja-daro-entre-cales-densomni-2\/"]}]},{"@type":"ImageObject","inLanguage":"es","@id":"https:\/\/www.hplatjadaro.com\/es\/lhotel-platja-daro-entre-cales-densomni-2\/#primaryimage","url":"https:\/\/www.hplatjadaro.com\/wp-content\/uploads\/2026\/07\/FILES_ITEMS_571_CALES_W_1900_Q_100.jpg","contentUrl":"https:\/\/www.hplatjadaro.com\/wp-content\/uploads\/2026\/07\/FILES_ITEMS_571_CALES_W_1900_Q_100.jpg","width":1000,"height":677},{"@type":"BreadcrumbList","@id":"https:\/\/www.hplatjadaro.com\/es\/lhotel-platja-daro-entre-cales-densomni-2\/#breadcrumb","itemListElement":[{"@type":"ListItem","position":1,"name":"Portada","item":"https:\/\/www.hplatjadaro.com\/es\/"},{"@type":"ListItem","position":2,"name":"El Hotel Platja d&#8217;Aro, entre calas de ensue\u00f1o"}]},{"@type":"WebSite","@id":"https:\/\/www.hplatjadaro.com\/es\/#website","url":"https:\/\/www.hplatjadaro.com\/es\/","name":"Aromar Hotels & Restaurants","description":"Hotel familiar a Platja d&#039;Aro, Costa Brava","publisher":{"@id":"https:\/\/www.hplatjadaro.com\/es\/#organization"},"alternateName":"Aromar Hotels & Restaurants","potentialAction":[{"@type":"SearchAction","target":{"@type":"EntryPoint","urlTemplate":"https:\/\/www.hplatjadaro.com\/es\/?s={search_term_string}"},"query-input":{"@type":"PropertyValueSpecification","valueRequired":true,"valueName":"search_term_string"}}],"inLanguage":"es"},{"@type":"Organization","@id":"https:\/\/www.hplatjadaro.com\/es\/#organization","name":"Hotel Platja d'Aro","alternateName":"Aromar Hotels","url":"https:\/\/www.hplatjadaro.com\/es\/","logo":{"@type":"ImageObject","inLanguage":"es","@id":"https:\/\/www.hplatjadaro.com\/es\/#\/schema\/logo\/image\/","url":"https:\/\/www.hplatjadaro.com\/wp-content\/uploads\/2024\/04\/Aromar-2.jpg","contentUrl":"https:\/\/www.hplatjadaro.com\/wp-content\/uploads\/2024\/04\/Aromar-2.jpg","width":696,"height":696,"caption":"Hotel Platja d'Aro"},"image":{"@id":"https:\/\/www.hplatjadaro.com\/es\/#\/schema\/logo\/image\/"}},{"@type":"Person","@id":"https:\/\/www.hplatjadaro.com\/es\/#\/schema\/person\/3b4dad233a49ff0bc5b42d830b3f7e53","name":"Comunicaci\u00f3 Integral Neorg","image":{"@type":"ImageObject","inLanguage":"es","@id":"https:\/\/secure.gravatar.com\/avatar\/709d3d8015183afa7401c02e2291a538cbfd4ffe62f4d86ce5f4871f22e86b09?s=96&d=mm&r=g","url":"https:\/\/secure.gravatar.com\/avatar\/709d3d8015183afa7401c02e2291a538cbfd4ffe62f4d86ce5f4871f22e86b09?s=96&d=mm&r=g","contentUrl":"https:\/\/secure.gravatar.com\/avatar\/709d3d8015183afa7401c02e2291a538cbfd4ffe62f4d86ce5f4871f22e86b09?s=96&d=mm&r=g","caption":"Comunicaci\u00f3 Integral Neorg"},"sameAs":["https:\/\/www.hplatjadaro.com"]}]}},"_links":{"self":[{"href":"https:\/\/www.hplatjadaro.com\/es\/wp-json\/wp\/v2\/posts\/8269","targetHints":{"allow":["GET"]}}],"collection":[{"href":"https:\/\/www.hplatjadaro.com\/es\/wp-json\/wp\/v2\/posts"}],"about":[{"href":"https:\/\/www.hplatjadaro.com\/es\/wp-json\/wp\/v2\/types\/post"}],"author":[{"embeddable":true,"href":"https:\/\/www.hplatjadaro.com\/es\/wp-json\/wp\/v2\/users\/1"}],"replies":[{"embeddable":true,"href":"https:\/\/www.hplatjadaro.com\/es\/wp-json\/wp\/v2\/comments?post=8269"}],"version-history":[{"count":1,"href":"https:\/\/www.hplatjadaro.com\/es\/wp-json\/wp\/v2\/posts\/8269\/revisions"}],"predecessor-version":[{"id":8894,"href":"https:\/\/www.hplatjadaro.com\/es\/wp-json\/wp\/v2\/posts\/8269\/revisions\/8894"}],"wp:featuredmedia":[{"embeddable":true,"href":"https:\/\/www.hplatjadaro.com\/es\/wp-json\/wp\/v2\/media\/8249"}],"wp:attachment":[{"href":"https:\/\/www.hplatjadaro.com\/es\/wp-json\/wp\/v2\/media?parent=8269"}],"wp:term":[{"taxonomy":"category","embeddable":true,"href":"https:\/\/www.hplatjadaro.com\/es\/wp-json\/wp\/v2\/categories?post=8269"},{"taxonomy":"post_tag","embeddable":true,"href":"https:\/\/www.hplatjadaro.com\/es\/wp-json\/wp\/v2\/tags?post=8269"}],"curies":[{"name":"wp","href":"https:\/\/api.w.org\/{rel}","templated":true}]}}