{"id":8274,"date":"2026-07-02T10:35:24","date_gmt":"2026-07-02T08:35:24","guid":{"rendered":"https:\/\/www.hplatjadaro.com\/cicloturisme-a-platja-daro-les-vies-verdes-de-la-costa-brava-2\/"},"modified":"2026-07-14T11:19:36","modified_gmt":"2026-07-14T09:19:36","slug":"cicloturisme-a-platja-daro-les-vies-verdes-de-la-costa-brava-2","status":"publish","type":"post","link":"https:\/\/www.hplatjadaro.com\/es\/cicloturisme-a-platja-daro-les-vies-verdes-de-la-costa-brava-2\/","title":{"rendered":"Cicloturismo en Platja d&#8217;Aro: las v\u00edas verdes de la Costa Brava"},"content":{"rendered":"<p class=\"p1\"><em>En el Hotel Platja d&#8217;Aro puedes alquilar tu bicicleta<\/em><\/p>\n<p class=\"p1\">La Costa Brava tiene una oferta paisaj\u00edstica, l\u00fadica, deportiva, cultural y gastron\u00f3mica \u00fanica. Contrariamente a lo que muchas personas pueden pensar, el litoral norte catal\u00e1n es mucho m\u00e1s que playas bonitas. Existen lugares rec\u00f3nditos, espacios v\u00edrgenes y una riqueza hist\u00f3rica que enamoran a cualquier visitante.<\/p>\n<p class=\"p1\">Por eso, durante tu estancia en el Hotel Platja d&#8217;Aro te animamos a conocer la Costa Brava: Begur, Palafrugell, Cadaqu\u00e9s, Tossa de Mar, Calella de Palafrugell, L&#8217;Estartit, Roses, Sant Antoni de Calonge\u2026 La lista de municipios interesantes para realizar una excursi\u00f3n es interminable, as\u00ed como los parques naturales, jardines bot\u00e1nicos, festivales o actividades que pueden ser de tu inter\u00e9s.<\/p>\n<p class=\"p1\">Las v\u00edas verdes que conectan el profundo Pirineo gerundense y la Costa Brava son una magn\u00edfica opci\u00f3n para descubrir en bicicleta diversidad de paisajes, localidades e incluso personas. Estamos hablando de m\u00e1s de 120 kil\u00f3metros que atraviesan cinco comarcas de la provincia (Baix Empord\u00e0, Giron\u00e8s, La Selva, Garrotxa y Ripoll\u00e8s) y que se dividen en cuatro tramos:<\/p>\n<ol class=\"p1\">\n<li>Ruta del Ferro i del Carb\u00f3 Ripoll-Sant Joan de les Abadesses-Ogassa<\/li>\n<li>Ruta del Carrilet Olot-Girona<\/li>\n<li>Ruta del Carrilet Girona-Sant Feliu de Gu\u00edxols<\/li>\n<li>Ruta del Tren Petit Palam\u00f3s-Palafrugell<\/li>\n<\/ol>\n<p class=\"p1\">Las v\u00edas verdes son infraestructuras de comunicaci\u00f3n que ya no se utilizan y que se han adaptado para convertirlas en recorridos para cicloturistas y senderistas. La mayor\u00eda son viejos trazados ferroviarios que conservan sus elementos patrimoniales, como los t\u00faneles, puentes o estaciones, y constituyen una propuesta de turismo tranquilo, sostenible y alternativo, ya que los veh\u00edculos motorizados no pueden circular.<\/p>\n<p class=\"p1\">Ir en bicicleta permite conocer el territorio sin prisas. Es una alternativa de turismo activo ideal que se a\u00f1ade a la amplia oferta que tiene Platja d&#8217;Aro: senderismo, actividades acu\u00e1ticas, deportes, deportes de aventura, actividades a\u00e9reas\u2026<\/p>\n<p class=\"p1\">Eso s\u00ed, si quieres salir con tu bicicleta para hacer un recorrido importante, sigue estas recomendaciones:<\/p>\n<ul class=\"p1\">\n<li>Comprueba el estado general de la bicicleta<\/li>\n<li>Lleva contigo los recambios y las herramientas necesarias en caso de pinchazos<\/li>\n<li>Calcula el tiempo de la ruta y ten en cuenta tu estado f\u00edsico<\/li>\n<li>Ub\u00edcate en todo momento con un mapa o un GPS<\/li>\n<li>Equ\u00edpate bien con todos los accesorios que necesites<\/li>\n<li>Que el tiempo no te sorprenda: consulta la previsi\u00f3n meteorol\u00f3gica<\/li>\n<\/ul>\n<p class=\"p1\">Recuerda que en el Hotel Platja d&#8217;Aro puedes alquilar equipamiento. Si necesitas una bicicleta, nosotros te gestionaremos el alquiler para que no tengas que preocuparte de nada.<\/p>\n","protected":false},"excerpt":{"rendered":"<p>En el Hotel Platja d&#8217;Aro puedes alquilar tu bicicleta La Costa Brava tiene una oferta paisaj\u00edstica, l\u00fadica, deportiva, cultural y gastron\u00f3mica \u00fanica. Contrariamente a lo que muchas personas pueden pensar, el litoral norte catal\u00e1n es mucho m\u00e1s que playas bonitas. Existen lugares rec\u00f3nditos, espacios v\u00edrgenes y una riqueza hist\u00f3rica que enamoran a cualquier visitante. Por&hellip;&nbsp;<\/p>\n","protected":false},"author":1,"featured_media":8250,"comment_status":"closed","ping_status":"closed","sticky":false,"template":"","format":"standard","meta":{"_acf_changed":false,"neve_meta_sidebar":"","neve_meta_container":"","neve_meta_enable_content_width":"","neve_meta_content_width":0,"neve_meta_title_alignment":"","neve_meta_author_avatar":"","neve_post_elements_order":"","neve_meta_disable_header":"","neve_meta_disable_footer":"","neve_meta_disable_title":"","neve_meta_reading_time":"","footnotes":""},"categories":[82],"tags":[],"class_list":["post-8274","post","type-post","status-publish","format-standard","has-post-thumbnail","hentry","category-noticies-es"],"acf":[],"yoast_head":"<!-- This site is optimized with the Yoast SEO plugin v28.4 - https:\/\/yoast.com\/product\/yoast-seo-wordpress\/ -->\n<title>Cicloturismo en Platja d&#039;Aro: las v\u00edas verdes de la Costa Brava | Hotel Platja d&#039;Aro<\/title>\n<meta name=\"robots\" content=\"index, follow, max-snippet:-1, max-image-preview:large, max-video-preview:-1\" \/>\n<link rel=\"canonical\" href=\"https:\/\/www.hplatjadaro.com\/es\/cicloturisme-a-platja-daro-les-vies-verdes-de-la-costa-brava-2\/\" \/>\n<meta property=\"og:locale\" content=\"es_ES\" \/>\n<meta property=\"og:type\" content=\"article\" \/>\n<meta property=\"og:title\" content=\"Cicloturismo en Platja d&#039;Aro: las v\u00edas verdes de la Costa Brava | Hotel Platja d&#039;Aro\" \/>\n<meta property=\"og:description\" content=\"En el Hotel Platja d&#8217;Aro puedes alquilar tu bicicleta La Costa Brava tiene una oferta paisaj\u00edstica, l\u00fadica, deportiva, cultural y gastron\u00f3mica \u00fanica. Contrariamente a lo que muchas personas pueden pensar, el litoral norte catal\u00e1n es mucho m\u00e1s que playas bonitas. Existen lugares rec\u00f3nditos, espacios v\u00edrgenes y una riqueza hist\u00f3rica que enamoran a cualquier visitante. Por&hellip;&nbsp;\" \/>\n<meta property=\"og:url\" content=\"https:\/\/www.hplatjadaro.com\/es\/cicloturisme-a-platja-daro-les-vies-verdes-de-la-costa-brava-2\/\" \/>\n<meta property=\"og:site_name\" content=\"Hotel Platja d&#039;Aro\" \/>\n<meta property=\"article:published_time\" content=\"2026-07-02T08:35:24+00:00\" \/>\n<meta property=\"article:modified_time\" content=\"2026-07-14T09:19:36+00:00\" \/>\n<meta property=\"og:image\" content=\"https:\/\/www.hplatjadaro.com\/wp-content\/uploads\/2026\/07\/vias_verdes.jpg\" \/>\n\t<meta property=\"og:image:width\" content=\"2500\" \/>\n\t<meta property=\"og:image:height\" content=\"1667\" \/>\n\t<meta property=\"og:image:type\" content=\"image\/jpeg\" \/>\n<meta name=\"author\" content=\"Comunicaci\u00f3 Integral Neorg\" \/>\n<meta name=\"twitter:card\" content=\"summary_large_image\" \/>\n<meta name=\"twitter:label1\" content=\"Escrito por\" \/>\n\t<meta name=\"twitter:data1\" content=\"Comunicaci\u00f3 Integral Neorg\" \/>\n\t<meta name=\"twitter:label2\" content=\"Tiempo de lectura\" \/>\n\t<meta name=\"twitter:data2\" content=\"2 minutos\" \/>\n<script type=\"application\/ld+json\" class=\"yoast-schema-graph\">{\"@context\":\"https:\\\/\\\/schema.org\",\"@graph\":[{\"@type\":\"Article\",\"@id\":\"https:\\\/\\\/www.hplatjadaro.com\\\/es\\\/cicloturisme-a-platja-daro-les-vies-verdes-de-la-costa-brava-2\\\/#article\",\"isPartOf\":{\"@id\":\"https:\\\/\\\/www.hplatjadaro.com\\\/es\\\/cicloturisme-a-platja-daro-les-vies-verdes-de-la-costa-brava-2\\\/\"},\"author\":{\"name\":\"Comunicaci\u00f3 Integral Neorg\",\"@id\":\"https:\\\/\\\/www.hplatjadaro.com\\\/es\\\/#\\\/schema\\\/person\\\/3b4dad233a49ff0bc5b42d830b3f7e53\"},\"headline\":\"Cicloturismo en Platja d&#8217;Aro: las v\u00edas verdes de la Costa Brava\",\"datePublished\":\"2026-07-02T08:35:24+00:00\",\"dateModified\":\"2026-07-14T09:19:36+00:00\",\"mainEntityOfPage\":{\"@id\":\"https:\\\/\\\/www.hplatjadaro.com\\\/es\\\/cicloturisme-a-platja-daro-les-vies-verdes-de-la-costa-brava-2\\\/\"},\"wordCount\":447,\"publisher\":{\"@id\":\"https:\\\/\\\/www.hplatjadaro.com\\\/es\\\/#organization\"},\"image\":{\"@id\":\"https:\\\/\\\/www.hplatjadaro.com\\\/es\\\/cicloturisme-a-platja-daro-les-vies-verdes-de-la-costa-brava-2\\\/#primaryimage\"},\"thumbnailUrl\":\"https:\\\/\\\/www.hplatjadaro.com\\\/wp-content\\\/uploads\\\/2026\\\/07\\\/vias_verdes.jpg\",\"articleSection\":[\"Not\u00edcies\"],\"inLanguage\":\"es\"},{\"@type\":\"WebPage\",\"@id\":\"https:\\\/\\\/www.hplatjadaro.com\\\/es\\\/cicloturisme-a-platja-daro-les-vies-verdes-de-la-costa-brava-2\\\/\",\"url\":\"https:\\\/\\\/www.hplatjadaro.com\\\/es\\\/cicloturisme-a-platja-daro-les-vies-verdes-de-la-costa-brava-2\\\/\",\"name\":\"Cicloturismo en Platja d'Aro: las v\u00edas verdes de la Costa Brava | Hotel Platja d&#039;Aro\",\"isPartOf\":{\"@id\":\"https:\\\/\\\/www.hplatjadaro.com\\\/es\\\/#website\"},\"primaryImageOfPage\":{\"@id\":\"https:\\\/\\\/www.hplatjadaro.com\\\/es\\\/cicloturisme-a-platja-daro-les-vies-verdes-de-la-costa-brava-2\\\/#primaryimage\"},\"image\":{\"@id\":\"https:\\\/\\\/www.hplatjadaro.com\\\/es\\\/cicloturisme-a-platja-daro-les-vies-verdes-de-la-costa-brava-2\\\/#primaryimage\"},\"thumbnailUrl\":\"https:\\\/\\\/www.hplatjadaro.com\\\/wp-content\\\/uploads\\\/2026\\\/07\\\/vias_verdes.jpg\",\"datePublished\":\"2026-07-02T08:35:24+00:00\",\"dateModified\":\"2026-07-14T09:19:36+00:00\",\"breadcrumb\":{\"@id\":\"https:\\\/\\\/www.hplatjadaro.com\\\/es\\\/cicloturisme-a-platja-daro-les-vies-verdes-de-la-costa-brava-2\\\/#breadcrumb\"},\"inLanguage\":\"es\",\"potentialAction\":[{\"@type\":\"ReadAction\",\"target\":[\"https:\\\/\\\/www.hplatjadaro.com\\\/es\\\/cicloturisme-a-platja-daro-les-vies-verdes-de-la-costa-brava-2\\\/\"]}]},{\"@type\":\"ImageObject\",\"inLanguage\":\"es\",\"@id\":\"https:\\\/\\\/www.hplatjadaro.com\\\/es\\\/cicloturisme-a-platja-daro-les-vies-verdes-de-la-costa-brava-2\\\/#primaryimage\",\"url\":\"https:\\\/\\\/www.hplatjadaro.com\\\/wp-content\\\/uploads\\\/2026\\\/07\\\/vias_verdes.jpg\",\"contentUrl\":\"https:\\\/\\\/www.hplatjadaro.com\\\/wp-content\\\/uploads\\\/2026\\\/07\\\/vias_verdes.jpg\",\"width\":2500,\"height\":1667},{\"@type\":\"BreadcrumbList\",\"@id\":\"https:\\\/\\\/www.hplatjadaro.com\\\/es\\\/cicloturisme-a-platja-daro-les-vies-verdes-de-la-costa-brava-2\\\/#breadcrumb\",\"itemListElement\":[{\"@type\":\"ListItem\",\"position\":1,\"name\":\"Portada\",\"item\":\"https:\\\/\\\/www.hplatjadaro.com\\\/es\\\/\"},{\"@type\":\"ListItem\",\"position\":2,\"name\":\"Cicloturismo en Platja d&#8217;Aro: las v\u00edas verdes de la Costa Brava\"}]},{\"@type\":\"WebSite\",\"@id\":\"https:\\\/\\\/www.hplatjadaro.com\\\/es\\\/#website\",\"url\":\"https:\\\/\\\/www.hplatjadaro.com\\\/es\\\/\",\"name\":\"Aromar Hotels & Restaurants\",\"description\":\"Hotel familiar a Platja d&#039;Aro, Costa Brava\",\"publisher\":{\"@id\":\"https:\\\/\\\/www.hplatjadaro.com\\\/es\\\/#organization\"},\"alternateName\":\"Aromar Hotels & Restaurants\",\"potentialAction\":[{\"@type\":\"SearchAction\",\"target\":{\"@type\":\"EntryPoint\",\"urlTemplate\":\"https:\\\/\\\/www.hplatjadaro.com\\\/es\\\/?s={search_term_string}\"},\"query-input\":{\"@type\":\"PropertyValueSpecification\",\"valueRequired\":true,\"valueName\":\"search_term_string\"}}],\"inLanguage\":\"es\"},{\"@type\":\"Organization\",\"@id\":\"https:\\\/\\\/www.hplatjadaro.com\\\/es\\\/#organization\",\"name\":\"Hotel Platja d'Aro\",\"alternateName\":\"Aromar Hotels\",\"url\":\"https:\\\/\\\/www.hplatjadaro.com\\\/es\\\/\",\"logo\":{\"@type\":\"ImageObject\",\"inLanguage\":\"es\",\"@id\":\"https:\\\/\\\/www.hplatjadaro.com\\\/es\\\/#\\\/schema\\\/logo\\\/image\\\/\",\"url\":\"https:\\\/\\\/www.hplatjadaro.com\\\/wp-content\\\/uploads\\\/2024\\\/04\\\/Aromar-2.jpg\",\"contentUrl\":\"https:\\\/\\\/www.hplatjadaro.com\\\/wp-content\\\/uploads\\\/2024\\\/04\\\/Aromar-2.jpg\",\"width\":696,\"height\":696,\"caption\":\"Hotel Platja d'Aro\"},\"image\":{\"@id\":\"https:\\\/\\\/www.hplatjadaro.com\\\/es\\\/#\\\/schema\\\/logo\\\/image\\\/\"}},{\"@type\":\"Person\",\"@id\":\"https:\\\/\\\/www.hplatjadaro.com\\\/es\\\/#\\\/schema\\\/person\\\/3b4dad233a49ff0bc5b42d830b3f7e53\",\"name\":\"Comunicaci\u00f3 Integral Neorg\",\"image\":{\"@type\":\"ImageObject\",\"inLanguage\":\"es\",\"@id\":\"https:\\\/\\\/secure.gravatar.com\\\/avatar\\\/709d3d8015183afa7401c02e2291a538cbfd4ffe62f4d86ce5f4871f22e86b09?s=96&d=mm&r=g\",\"url\":\"https:\\\/\\\/secure.gravatar.com\\\/avatar\\\/709d3d8015183afa7401c02e2291a538cbfd4ffe62f4d86ce5f4871f22e86b09?s=96&d=mm&r=g\",\"contentUrl\":\"https:\\\/\\\/secure.gravatar.com\\\/avatar\\\/709d3d8015183afa7401c02e2291a538cbfd4ffe62f4d86ce5f4871f22e86b09?s=96&d=mm&r=g\",\"caption\":\"Comunicaci\u00f3 Integral Neorg\"},\"sameAs\":[\"https:\\\/\\\/www.hplatjadaro.com\"]}]}<\/script>\n<!-- \/ Yoast SEO plugin. -->","yoast_head_json":{"title":"Cicloturismo en Platja d'Aro: las v\u00edas verdes de la Costa Brava | Hotel Platja d&#039;Aro","robots":{"index":"index","follow":"follow","max-snippet":"max-snippet:-1","max-image-preview":"max-image-preview:large","max-video-preview":"max-video-preview:-1"},"canonical":"https:\/\/www.hplatjadaro.com\/es\/cicloturisme-a-platja-daro-les-vies-verdes-de-la-costa-brava-2\/","og_locale":"es_ES","og_type":"article","og_title":"Cicloturismo en Platja d'Aro: las v\u00edas verdes de la Costa Brava | Hotel Platja d&#039;Aro","og_description":"En el Hotel Platja d&#8217;Aro puedes alquilar tu bicicleta La Costa Brava tiene una oferta paisaj\u00edstica, l\u00fadica, deportiva, cultural y gastron\u00f3mica \u00fanica. Contrariamente a lo que muchas personas pueden pensar, el litoral norte catal\u00e1n es mucho m\u00e1s que playas bonitas. Existen lugares rec\u00f3nditos, espacios v\u00edrgenes y una riqueza hist\u00f3rica que enamoran a cualquier visitante. Por&hellip;&nbsp;","og_url":"https:\/\/www.hplatjadaro.com\/es\/cicloturisme-a-platja-daro-les-vies-verdes-de-la-costa-brava-2\/","og_site_name":"Hotel Platja d&#039;Aro","article_published_time":"2026-07-02T08:35:24+00:00","article_modified_time":"2026-07-14T09:19:36+00:00","og_image":[{"width":2500,"height":1667,"url":"https:\/\/www.hplatjadaro.com\/wp-content\/uploads\/2026\/07\/vias_verdes.jpg","type":"image\/jpeg"}],"author":"Comunicaci\u00f3 Integral Neorg","twitter_card":"summary_large_image","twitter_misc":{"Escrito por":"Comunicaci\u00f3 Integral Neorg","Tiempo de lectura":"2 minutos"},"schema":{"@context":"https:\/\/schema.org","@graph":[{"@type":"Article","@id":"https:\/\/www.hplatjadaro.com\/es\/cicloturisme-a-platja-daro-les-vies-verdes-de-la-costa-brava-2\/#article","isPartOf":{"@id":"https:\/\/www.hplatjadaro.com\/es\/cicloturisme-a-platja-daro-les-vies-verdes-de-la-costa-brava-2\/"},"author":{"name":"Comunicaci\u00f3 Integral Neorg","@id":"https:\/\/www.hplatjadaro.com\/es\/#\/schema\/person\/3b4dad233a49ff0bc5b42d830b3f7e53"},"headline":"Cicloturismo en Platja d&#8217;Aro: las v\u00edas verdes de la Costa Brava","datePublished":"2026-07-02T08:35:24+00:00","dateModified":"2026-07-14T09:19:36+00:00","mainEntityOfPage":{"@id":"https:\/\/www.hplatjadaro.com\/es\/cicloturisme-a-platja-daro-les-vies-verdes-de-la-costa-brava-2\/"},"wordCount":447,"publisher":{"@id":"https:\/\/www.hplatjadaro.com\/es\/#organization"},"image":{"@id":"https:\/\/www.hplatjadaro.com\/es\/cicloturisme-a-platja-daro-les-vies-verdes-de-la-costa-brava-2\/#primaryimage"},"thumbnailUrl":"https:\/\/www.hplatjadaro.com\/wp-content\/uploads\/2026\/07\/vias_verdes.jpg","articleSection":["Not\u00edcies"],"inLanguage":"es"},{"@type":"WebPage","@id":"https:\/\/www.hplatjadaro.com\/es\/cicloturisme-a-platja-daro-les-vies-verdes-de-la-costa-brava-2\/","url":"https:\/\/www.hplatjadaro.com\/es\/cicloturisme-a-platja-daro-les-vies-verdes-de-la-costa-brava-2\/","name":"Cicloturismo en Platja d'Aro: las v\u00edas verdes de la Costa Brava | Hotel Platja d&#039;Aro","isPartOf":{"@id":"https:\/\/www.hplatjadaro.com\/es\/#website"},"primaryImageOfPage":{"@id":"https:\/\/www.hplatjadaro.com\/es\/cicloturisme-a-platja-daro-les-vies-verdes-de-la-costa-brava-2\/#primaryimage"},"image":{"@id":"https:\/\/www.hplatjadaro.com\/es\/cicloturisme-a-platja-daro-les-vies-verdes-de-la-costa-brava-2\/#primaryimage"},"thumbnailUrl":"https:\/\/www.hplatjadaro.com\/wp-content\/uploads\/2026\/07\/vias_verdes.jpg","datePublished":"2026-07-02T08:35:24+00:00","dateModified":"2026-07-14T09:19:36+00:00","breadcrumb":{"@id":"https:\/\/www.hplatjadaro.com\/es\/cicloturisme-a-platja-daro-les-vies-verdes-de-la-costa-brava-2\/#breadcrumb"},"inLanguage":"es","potentialAction":[{"@type":"ReadAction","target":["https:\/\/www.hplatjadaro.com\/es\/cicloturisme-a-platja-daro-les-vies-verdes-de-la-costa-brava-2\/"]}]},{"@type":"ImageObject","inLanguage":"es","@id":"https:\/\/www.hplatjadaro.com\/es\/cicloturisme-a-platja-daro-les-vies-verdes-de-la-costa-brava-2\/#primaryimage","url":"https:\/\/www.hplatjadaro.com\/wp-content\/uploads\/2026\/07\/vias_verdes.jpg","contentUrl":"https:\/\/www.hplatjadaro.com\/wp-content\/uploads\/2026\/07\/vias_verdes.jpg","width":2500,"height":1667},{"@type":"BreadcrumbList","@id":"https:\/\/www.hplatjadaro.com\/es\/cicloturisme-a-platja-daro-les-vies-verdes-de-la-costa-brava-2\/#breadcrumb","itemListElement":[{"@type":"ListItem","position":1,"name":"Portada","item":"https:\/\/www.hplatjadaro.com\/es\/"},{"@type":"ListItem","position":2,"name":"Cicloturismo en Platja d&#8217;Aro: las v\u00edas verdes de la Costa Brava"}]},{"@type":"WebSite","@id":"https:\/\/www.hplatjadaro.com\/es\/#website","url":"https:\/\/www.hplatjadaro.com\/es\/","name":"Aromar Hotels & Restaurants","description":"Hotel familiar a Platja d&#039;Aro, Costa Brava","publisher":{"@id":"https:\/\/www.hplatjadaro.com\/es\/#organization"},"alternateName":"Aromar Hotels & Restaurants","potentialAction":[{"@type":"SearchAction","target":{"@type":"EntryPoint","urlTemplate":"https:\/\/www.hplatjadaro.com\/es\/?s={search_term_string}"},"query-input":{"@type":"PropertyValueSpecification","valueRequired":true,"valueName":"search_term_string"}}],"inLanguage":"es"},{"@type":"Organization","@id":"https:\/\/www.hplatjadaro.com\/es\/#organization","name":"Hotel Platja d'Aro","alternateName":"Aromar Hotels","url":"https:\/\/www.hplatjadaro.com\/es\/","logo":{"@type":"ImageObject","inLanguage":"es","@id":"https:\/\/www.hplatjadaro.com\/es\/#\/schema\/logo\/image\/","url":"https:\/\/www.hplatjadaro.com\/wp-content\/uploads\/2024\/04\/Aromar-2.jpg","contentUrl":"https:\/\/www.hplatjadaro.com\/wp-content\/uploads\/2024\/04\/Aromar-2.jpg","width":696,"height":696,"caption":"Hotel Platja d'Aro"},"image":{"@id":"https:\/\/www.hplatjadaro.com\/es\/#\/schema\/logo\/image\/"}},{"@type":"Person","@id":"https:\/\/www.hplatjadaro.com\/es\/#\/schema\/person\/3b4dad233a49ff0bc5b42d830b3f7e53","name":"Comunicaci\u00f3 Integral Neorg","image":{"@type":"ImageObject","inLanguage":"es","@id":"https:\/\/secure.gravatar.com\/avatar\/709d3d8015183afa7401c02e2291a538cbfd4ffe62f4d86ce5f4871f22e86b09?s=96&d=mm&r=g","url":"https:\/\/secure.gravatar.com\/avatar\/709d3d8015183afa7401c02e2291a538cbfd4ffe62f4d86ce5f4871f22e86b09?s=96&d=mm&r=g","contentUrl":"https:\/\/secure.gravatar.com\/avatar\/709d3d8015183afa7401c02e2291a538cbfd4ffe62f4d86ce5f4871f22e86b09?s=96&d=mm&r=g","caption":"Comunicaci\u00f3 Integral Neorg"},"sameAs":["https:\/\/www.hplatjadaro.com"]}]}},"_links":{"self":[{"href":"https:\/\/www.hplatjadaro.com\/es\/wp-json\/wp\/v2\/posts\/8274","targetHints":{"allow":["GET"]}}],"collection":[{"href":"https:\/\/www.hplatjadaro.com\/es\/wp-json\/wp\/v2\/posts"}],"about":[{"href":"https:\/\/www.hplatjadaro.com\/es\/wp-json\/wp\/v2\/types\/post"}],"author":[{"embeddable":true,"href":"https:\/\/www.hplatjadaro.com\/es\/wp-json\/wp\/v2\/users\/1"}],"replies":[{"embeddable":true,"href":"https:\/\/www.hplatjadaro.com\/es\/wp-json\/wp\/v2\/comments?post=8274"}],"version-history":[{"count":1,"href":"https:\/\/www.hplatjadaro.com\/es\/wp-json\/wp\/v2\/posts\/8274\/revisions"}],"predecessor-version":[{"id":8898,"href":"https:\/\/www.hplatjadaro.com\/es\/wp-json\/wp\/v2\/posts\/8274\/revisions\/8898"}],"wp:featuredmedia":[{"embeddable":true,"href":"https:\/\/www.hplatjadaro.com\/es\/wp-json\/wp\/v2\/media\/8250"}],"wp:attachment":[{"href":"https:\/\/www.hplatjadaro.com\/es\/wp-json\/wp\/v2\/media?parent=8274"}],"wp:term":[{"taxonomy":"category","embeddable":true,"href":"https:\/\/www.hplatjadaro.com\/es\/wp-json\/wp\/v2\/categories?post=8274"},{"taxonomy":"post_tag","embeddable":true,"href":"https:\/\/www.hplatjadaro.com\/es\/wp-json\/wp\/v2\/tags?post=8274"}],"curies":[{"name":"wp","href":"https:\/\/api.w.org\/{rel}","templated":true}]}}