{"id":8288,"date":"2026-07-02T10:35:25","date_gmt":"2026-07-02T08:35:25","guid":{"rendered":"https:\/\/www.hplatjadaro.com\/fes-senderisme-i-allotjat-a-lhotel-platja-daro-2\/"},"modified":"2026-07-14T11:04:46","modified_gmt":"2026-07-14T09:04:46","slug":"fes-senderisme-i-allotjat-a-lhotel-platja-daro-2","status":"publish","type":"post","link":"https:\/\/www.hplatjadaro.com\/es\/fes-senderisme-i-allotjat-a-lhotel-platja-daro-2\/","title":{"rendered":"Haz senderismo y al\u00f3jate en el Hotel Platja d&#8217;Aro"},"content":{"rendered":"<p class=\"p1\">\u00bfTe gusta caminar? En el Empord\u00e0 hay m\u00faltiples rutas de senderismo y Platja d&#8217;Aro es el campo base perfecto. Puedes ir a Palam\u00f3s, S&#8217;Agar\u00f3, Sant Feliu de Gu\u00edxols, Sant Antoni de Calonge\u2026 o a la ermita o hacer el camino de ronda. Las opciones son inagotables.<\/p>\n<p class=\"p1\">En el Hotel Platja d&#8217;Aro sabemos que es importante salir bien temprano para aprovechar al m\u00e1ximo el d\u00eda y por eso te preparamos el desayuno a la hora que t\u00fa quieras.<\/p>\n<p class=\"p1\">Todo ello con la mejor relaci\u00f3n calidad\/precio y la hospitalidad de un hotel de dos estrellas situado en el centro de ocio de Platja d&#8217;Aro y junto a la playa. 40 habitaciones y 1 apartamento que ofrecen confort al mejor precio.<\/p>\n<p class=\"p1\">\u00a1Ya puedes reservar ahora!<\/p>\n","protected":false},"excerpt":{"rendered":"<p>\u00bfTe gusta caminar? En el Empord\u00e0 hay m\u00faltiples rutas de senderismo y Platja d&#8217;Aro es el campo base perfecto. Puedes ir a Palam\u00f3s, S&#8217;Agar\u00f3, Sant Feliu de Gu\u00edxols, Sant Antoni de Calonge\u2026 o a la ermita o hacer el camino de ronda. Las opciones son inagotables. En el Hotel Platja d&#8217;Aro sabemos que es importante&hellip;&nbsp;<\/p>\n","protected":false},"author":1,"featured_media":8256,"comment_status":"closed","ping_status":"closed","sticky":false,"template":"","format":"standard","meta":{"_acf_changed":false,"neve_meta_sidebar":"","neve_meta_container":"","neve_meta_enable_content_width":"","neve_meta_content_width":0,"neve_meta_title_alignment":"","neve_meta_author_avatar":"","neve_post_elements_order":"","neve_meta_disable_header":"","neve_meta_disable_footer":"","neve_meta_disable_title":"","neve_meta_reading_time":"","footnotes":""},"categories":[82],"tags":[],"class_list":["post-8288","post","type-post","status-publish","format-standard","has-post-thumbnail","hentry","category-noticies-es"],"acf":[],"yoast_head":"<!-- This site is optimized with the Yoast SEO plugin v28.4 - https:\/\/yoast.com\/product\/yoast-seo-wordpress\/ -->\n<title>Haz senderismo y al\u00f3jate en el Hotel Platja d&#039;Aro | Hotel Platja d&#039;Aro<\/title>\n<meta name=\"robots\" content=\"index, follow, max-snippet:-1, max-image-preview:large, max-video-preview:-1\" \/>\n<link rel=\"canonical\" href=\"https:\/\/www.hplatjadaro.com\/es\/fes-senderisme-i-allotjat-a-lhotel-platja-daro-2\/\" \/>\n<meta property=\"og:locale\" content=\"es_ES\" \/>\n<meta property=\"og:type\" content=\"article\" \/>\n<meta property=\"og:title\" content=\"Haz senderismo y al\u00f3jate en el Hotel Platja d&#039;Aro | Hotel Platja d&#039;Aro\" \/>\n<meta property=\"og:description\" content=\"\u00bfTe gusta caminar? En el Empord\u00e0 hay m\u00faltiples rutas de senderismo y Platja d&#8217;Aro es el campo base perfecto. Puedes ir a Palam\u00f3s, S&#8217;Agar\u00f3, Sant Feliu de Gu\u00edxols, Sant Antoni de Calonge\u2026 o a la ermita o hacer el camino de ronda. Las opciones son inagotables. En el Hotel Platja d&#8217;Aro sabemos que es importante&hellip;&nbsp;\" \/>\n<meta property=\"og:url\" content=\"https:\/\/www.hplatjadaro.com\/es\/fes-senderisme-i-allotjat-a-lhotel-platja-daro-2\/\" \/>\n<meta property=\"og:site_name\" content=\"Hotel Platja d&#039;Aro\" \/>\n<meta property=\"article:published_time\" content=\"2026-07-02T08:35:25+00:00\" \/>\n<meta property=\"article:modified_time\" content=\"2026-07-14T09:04:46+00:00\" \/>\n<meta property=\"og:image\" content=\"https:\/\/www.hplatjadaro.com\/wp-content\/uploads\/2026\/07\/TERRASSA_01-scaled.jpg\" \/>\n\t<meta property=\"og:image:width\" content=\"2560\" \/>\n\t<meta property=\"og:image:height\" content=\"1606\" \/>\n\t<meta property=\"og:image:type\" content=\"image\/jpeg\" \/>\n<meta name=\"author\" content=\"Comunicaci\u00f3 Integral Neorg\" \/>\n<meta name=\"twitter:card\" content=\"summary_large_image\" \/>\n<meta name=\"twitter:label1\" content=\"Escrito por\" \/>\n\t<meta name=\"twitter:data1\" content=\"Comunicaci\u00f3 Integral Neorg\" \/>\n\t<meta name=\"twitter:label2\" content=\"Tiempo de lectura\" \/>\n\t<meta name=\"twitter:data2\" content=\"1 minuto\" \/>\n<script type=\"application\/ld+json\" class=\"yoast-schema-graph\">{\"@context\":\"https:\\\/\\\/schema.org\",\"@graph\":[{\"@type\":\"Article\",\"@id\":\"https:\\\/\\\/www.hplatjadaro.com\\\/es\\\/fes-senderisme-i-allotjat-a-lhotel-platja-daro-2\\\/#article\",\"isPartOf\":{\"@id\":\"https:\\\/\\\/www.hplatjadaro.com\\\/es\\\/fes-senderisme-i-allotjat-a-lhotel-platja-daro-2\\\/\"},\"author\":{\"name\":\"Comunicaci\u00f3 Integral Neorg\",\"@id\":\"https:\\\/\\\/www.hplatjadaro.com\\\/es\\\/#\\\/schema\\\/person\\\/3b4dad233a49ff0bc5b42d830b3f7e53\"},\"headline\":\"Haz senderismo y al\u00f3jate en el Hotel Platja d&#8217;Aro\",\"datePublished\":\"2026-07-02T08:35:25+00:00\",\"dateModified\":\"2026-07-14T09:04:46+00:00\",\"mainEntityOfPage\":{\"@id\":\"https:\\\/\\\/www.hplatjadaro.com\\\/es\\\/fes-senderisme-i-allotjat-a-lhotel-platja-daro-2\\\/\"},\"wordCount\":142,\"publisher\":{\"@id\":\"https:\\\/\\\/www.hplatjadaro.com\\\/es\\\/#organization\"},\"image\":{\"@id\":\"https:\\\/\\\/www.hplatjadaro.com\\\/es\\\/fes-senderisme-i-allotjat-a-lhotel-platja-daro-2\\\/#primaryimage\"},\"thumbnailUrl\":\"https:\\\/\\\/www.hplatjadaro.com\\\/wp-content\\\/uploads\\\/2026\\\/07\\\/TERRASSA_01-scaled.jpg\",\"articleSection\":[\"Not\u00edcies\"],\"inLanguage\":\"es\"},{\"@type\":\"WebPage\",\"@id\":\"https:\\\/\\\/www.hplatjadaro.com\\\/es\\\/fes-senderisme-i-allotjat-a-lhotel-platja-daro-2\\\/\",\"url\":\"https:\\\/\\\/www.hplatjadaro.com\\\/es\\\/fes-senderisme-i-allotjat-a-lhotel-platja-daro-2\\\/\",\"name\":\"Haz senderismo y al\u00f3jate en el Hotel Platja d'Aro | Hotel Platja d&#039;Aro\",\"isPartOf\":{\"@id\":\"https:\\\/\\\/www.hplatjadaro.com\\\/es\\\/#website\"},\"primaryImageOfPage\":{\"@id\":\"https:\\\/\\\/www.hplatjadaro.com\\\/es\\\/fes-senderisme-i-allotjat-a-lhotel-platja-daro-2\\\/#primaryimage\"},\"image\":{\"@id\":\"https:\\\/\\\/www.hplatjadaro.com\\\/es\\\/fes-senderisme-i-allotjat-a-lhotel-platja-daro-2\\\/#primaryimage\"},\"thumbnailUrl\":\"https:\\\/\\\/www.hplatjadaro.com\\\/wp-content\\\/uploads\\\/2026\\\/07\\\/TERRASSA_01-scaled.jpg\",\"datePublished\":\"2026-07-02T08:35:25+00:00\",\"dateModified\":\"2026-07-14T09:04:46+00:00\",\"breadcrumb\":{\"@id\":\"https:\\\/\\\/www.hplatjadaro.com\\\/es\\\/fes-senderisme-i-allotjat-a-lhotel-platja-daro-2\\\/#breadcrumb\"},\"inLanguage\":\"es\",\"potentialAction\":[{\"@type\":\"ReadAction\",\"target\":[\"https:\\\/\\\/www.hplatjadaro.com\\\/es\\\/fes-senderisme-i-allotjat-a-lhotel-platja-daro-2\\\/\"]}]},{\"@type\":\"ImageObject\",\"inLanguage\":\"es\",\"@id\":\"https:\\\/\\\/www.hplatjadaro.com\\\/es\\\/fes-senderisme-i-allotjat-a-lhotel-platja-daro-2\\\/#primaryimage\",\"url\":\"https:\\\/\\\/www.hplatjadaro.com\\\/wp-content\\\/uploads\\\/2026\\\/07\\\/TERRASSA_01-scaled.jpg\",\"contentUrl\":\"https:\\\/\\\/www.hplatjadaro.com\\\/wp-content\\\/uploads\\\/2026\\\/07\\\/TERRASSA_01-scaled.jpg\",\"width\":2560,\"height\":1606},{\"@type\":\"BreadcrumbList\",\"@id\":\"https:\\\/\\\/www.hplatjadaro.com\\\/es\\\/fes-senderisme-i-allotjat-a-lhotel-platja-daro-2\\\/#breadcrumb\",\"itemListElement\":[{\"@type\":\"ListItem\",\"position\":1,\"name\":\"Portada\",\"item\":\"https:\\\/\\\/www.hplatjadaro.com\\\/es\\\/\"},{\"@type\":\"ListItem\",\"position\":2,\"name\":\"Haz senderismo y al\u00f3jate en el Hotel Platja d&#8217;Aro\"}]},{\"@type\":\"WebSite\",\"@id\":\"https:\\\/\\\/www.hplatjadaro.com\\\/es\\\/#website\",\"url\":\"https:\\\/\\\/www.hplatjadaro.com\\\/es\\\/\",\"name\":\"Aromar Hotels & Restaurants\",\"description\":\"Hotel familiar a Platja d&#039;Aro, Costa Brava\",\"publisher\":{\"@id\":\"https:\\\/\\\/www.hplatjadaro.com\\\/es\\\/#organization\"},\"alternateName\":\"Aromar Hotels & Restaurants\",\"potentialAction\":[{\"@type\":\"SearchAction\",\"target\":{\"@type\":\"EntryPoint\",\"urlTemplate\":\"https:\\\/\\\/www.hplatjadaro.com\\\/es\\\/?s={search_term_string}\"},\"query-input\":{\"@type\":\"PropertyValueSpecification\",\"valueRequired\":true,\"valueName\":\"search_term_string\"}}],\"inLanguage\":\"es\"},{\"@type\":\"Organization\",\"@id\":\"https:\\\/\\\/www.hplatjadaro.com\\\/es\\\/#organization\",\"name\":\"Hotel Platja d'Aro\",\"alternateName\":\"Aromar Hotels\",\"url\":\"https:\\\/\\\/www.hplatjadaro.com\\\/es\\\/\",\"logo\":{\"@type\":\"ImageObject\",\"inLanguage\":\"es\",\"@id\":\"https:\\\/\\\/www.hplatjadaro.com\\\/es\\\/#\\\/schema\\\/logo\\\/image\\\/\",\"url\":\"https:\\\/\\\/www.hplatjadaro.com\\\/wp-content\\\/uploads\\\/2024\\\/04\\\/Aromar-2.jpg\",\"contentUrl\":\"https:\\\/\\\/www.hplatjadaro.com\\\/wp-content\\\/uploads\\\/2024\\\/04\\\/Aromar-2.jpg\",\"width\":696,\"height\":696,\"caption\":\"Hotel Platja d'Aro\"},\"image\":{\"@id\":\"https:\\\/\\\/www.hplatjadaro.com\\\/es\\\/#\\\/schema\\\/logo\\\/image\\\/\"}},{\"@type\":\"Person\",\"@id\":\"https:\\\/\\\/www.hplatjadaro.com\\\/es\\\/#\\\/schema\\\/person\\\/3b4dad233a49ff0bc5b42d830b3f7e53\",\"name\":\"Comunicaci\u00f3 Integral Neorg\",\"image\":{\"@type\":\"ImageObject\",\"inLanguage\":\"es\",\"@id\":\"https:\\\/\\\/secure.gravatar.com\\\/avatar\\\/709d3d8015183afa7401c02e2291a538cbfd4ffe62f4d86ce5f4871f22e86b09?s=96&d=mm&r=g\",\"url\":\"https:\\\/\\\/secure.gravatar.com\\\/avatar\\\/709d3d8015183afa7401c02e2291a538cbfd4ffe62f4d86ce5f4871f22e86b09?s=96&d=mm&r=g\",\"contentUrl\":\"https:\\\/\\\/secure.gravatar.com\\\/avatar\\\/709d3d8015183afa7401c02e2291a538cbfd4ffe62f4d86ce5f4871f22e86b09?s=96&d=mm&r=g\",\"caption\":\"Comunicaci\u00f3 Integral Neorg\"},\"sameAs\":[\"https:\\\/\\\/www.hplatjadaro.com\"]}]}<\/script>\n<!-- \/ Yoast SEO plugin. -->","yoast_head_json":{"title":"Haz senderismo y al\u00f3jate en el Hotel Platja d'Aro | Hotel Platja d&#039;Aro","robots":{"index":"index","follow":"follow","max-snippet":"max-snippet:-1","max-image-preview":"max-image-preview:large","max-video-preview":"max-video-preview:-1"},"canonical":"https:\/\/www.hplatjadaro.com\/es\/fes-senderisme-i-allotjat-a-lhotel-platja-daro-2\/","og_locale":"es_ES","og_type":"article","og_title":"Haz senderismo y al\u00f3jate en el Hotel Platja d'Aro | Hotel Platja d&#039;Aro","og_description":"\u00bfTe gusta caminar? En el Empord\u00e0 hay m\u00faltiples rutas de senderismo y Platja d&#8217;Aro es el campo base perfecto. Puedes ir a Palam\u00f3s, S&#8217;Agar\u00f3, Sant Feliu de Gu\u00edxols, Sant Antoni de Calonge\u2026 o a la ermita o hacer el camino de ronda. Las opciones son inagotables. En el Hotel Platja d&#8217;Aro sabemos que es importante&hellip;&nbsp;","og_url":"https:\/\/www.hplatjadaro.com\/es\/fes-senderisme-i-allotjat-a-lhotel-platja-daro-2\/","og_site_name":"Hotel Platja d&#039;Aro","article_published_time":"2026-07-02T08:35:25+00:00","article_modified_time":"2026-07-14T09:04:46+00:00","og_image":[{"width":2560,"height":1606,"url":"https:\/\/www.hplatjadaro.com\/wp-content\/uploads\/2026\/07\/TERRASSA_01-scaled.jpg","type":"image\/jpeg"}],"author":"Comunicaci\u00f3 Integral Neorg","twitter_card":"summary_large_image","twitter_misc":{"Escrito por":"Comunicaci\u00f3 Integral Neorg","Tiempo de lectura":"1 minuto"},"schema":{"@context":"https:\/\/schema.org","@graph":[{"@type":"Article","@id":"https:\/\/www.hplatjadaro.com\/es\/fes-senderisme-i-allotjat-a-lhotel-platja-daro-2\/#article","isPartOf":{"@id":"https:\/\/www.hplatjadaro.com\/es\/fes-senderisme-i-allotjat-a-lhotel-platja-daro-2\/"},"author":{"name":"Comunicaci\u00f3 Integral Neorg","@id":"https:\/\/www.hplatjadaro.com\/es\/#\/schema\/person\/3b4dad233a49ff0bc5b42d830b3f7e53"},"headline":"Haz senderismo y al\u00f3jate en el Hotel Platja d&#8217;Aro","datePublished":"2026-07-02T08:35:25+00:00","dateModified":"2026-07-14T09:04:46+00:00","mainEntityOfPage":{"@id":"https:\/\/www.hplatjadaro.com\/es\/fes-senderisme-i-allotjat-a-lhotel-platja-daro-2\/"},"wordCount":142,"publisher":{"@id":"https:\/\/www.hplatjadaro.com\/es\/#organization"},"image":{"@id":"https:\/\/www.hplatjadaro.com\/es\/fes-senderisme-i-allotjat-a-lhotel-platja-daro-2\/#primaryimage"},"thumbnailUrl":"https:\/\/www.hplatjadaro.com\/wp-content\/uploads\/2026\/07\/TERRASSA_01-scaled.jpg","articleSection":["Not\u00edcies"],"inLanguage":"es"},{"@type":"WebPage","@id":"https:\/\/www.hplatjadaro.com\/es\/fes-senderisme-i-allotjat-a-lhotel-platja-daro-2\/","url":"https:\/\/www.hplatjadaro.com\/es\/fes-senderisme-i-allotjat-a-lhotel-platja-daro-2\/","name":"Haz senderismo y al\u00f3jate en el Hotel Platja d'Aro | Hotel Platja d&#039;Aro","isPartOf":{"@id":"https:\/\/www.hplatjadaro.com\/es\/#website"},"primaryImageOfPage":{"@id":"https:\/\/www.hplatjadaro.com\/es\/fes-senderisme-i-allotjat-a-lhotel-platja-daro-2\/#primaryimage"},"image":{"@id":"https:\/\/www.hplatjadaro.com\/es\/fes-senderisme-i-allotjat-a-lhotel-platja-daro-2\/#primaryimage"},"thumbnailUrl":"https:\/\/www.hplatjadaro.com\/wp-content\/uploads\/2026\/07\/TERRASSA_01-scaled.jpg","datePublished":"2026-07-02T08:35:25+00:00","dateModified":"2026-07-14T09:04:46+00:00","breadcrumb":{"@id":"https:\/\/www.hplatjadaro.com\/es\/fes-senderisme-i-allotjat-a-lhotel-platja-daro-2\/#breadcrumb"},"inLanguage":"es","potentialAction":[{"@type":"ReadAction","target":["https:\/\/www.hplatjadaro.com\/es\/fes-senderisme-i-allotjat-a-lhotel-platja-daro-2\/"]}]},{"@type":"ImageObject","inLanguage":"es","@id":"https:\/\/www.hplatjadaro.com\/es\/fes-senderisme-i-allotjat-a-lhotel-platja-daro-2\/#primaryimage","url":"https:\/\/www.hplatjadaro.com\/wp-content\/uploads\/2026\/07\/TERRASSA_01-scaled.jpg","contentUrl":"https:\/\/www.hplatjadaro.com\/wp-content\/uploads\/2026\/07\/TERRASSA_01-scaled.jpg","width":2560,"height":1606},{"@type":"BreadcrumbList","@id":"https:\/\/www.hplatjadaro.com\/es\/fes-senderisme-i-allotjat-a-lhotel-platja-daro-2\/#breadcrumb","itemListElement":[{"@type":"ListItem","position":1,"name":"Portada","item":"https:\/\/www.hplatjadaro.com\/es\/"},{"@type":"ListItem","position":2,"name":"Haz senderismo y al\u00f3jate en el Hotel Platja d&#8217;Aro"}]},{"@type":"WebSite","@id":"https:\/\/www.hplatjadaro.com\/es\/#website","url":"https:\/\/www.hplatjadaro.com\/es\/","name":"Aromar Hotels & Restaurants","description":"Hotel familiar a Platja d&#039;Aro, Costa Brava","publisher":{"@id":"https:\/\/www.hplatjadaro.com\/es\/#organization"},"alternateName":"Aromar Hotels & Restaurants","potentialAction":[{"@type":"SearchAction","target":{"@type":"EntryPoint","urlTemplate":"https:\/\/www.hplatjadaro.com\/es\/?s={search_term_string}"},"query-input":{"@type":"PropertyValueSpecification","valueRequired":true,"valueName":"search_term_string"}}],"inLanguage":"es"},{"@type":"Organization","@id":"https:\/\/www.hplatjadaro.com\/es\/#organization","name":"Hotel Platja d'Aro","alternateName":"Aromar Hotels","url":"https:\/\/www.hplatjadaro.com\/es\/","logo":{"@type":"ImageObject","inLanguage":"es","@id":"https:\/\/www.hplatjadaro.com\/es\/#\/schema\/logo\/image\/","url":"https:\/\/www.hplatjadaro.com\/wp-content\/uploads\/2024\/04\/Aromar-2.jpg","contentUrl":"https:\/\/www.hplatjadaro.com\/wp-content\/uploads\/2024\/04\/Aromar-2.jpg","width":696,"height":696,"caption":"Hotel Platja d'Aro"},"image":{"@id":"https:\/\/www.hplatjadaro.com\/es\/#\/schema\/logo\/image\/"}},{"@type":"Person","@id":"https:\/\/www.hplatjadaro.com\/es\/#\/schema\/person\/3b4dad233a49ff0bc5b42d830b3f7e53","name":"Comunicaci\u00f3 Integral Neorg","image":{"@type":"ImageObject","inLanguage":"es","@id":"https:\/\/secure.gravatar.com\/avatar\/709d3d8015183afa7401c02e2291a538cbfd4ffe62f4d86ce5f4871f22e86b09?s=96&d=mm&r=g","url":"https:\/\/secure.gravatar.com\/avatar\/709d3d8015183afa7401c02e2291a538cbfd4ffe62f4d86ce5f4871f22e86b09?s=96&d=mm&r=g","contentUrl":"https:\/\/secure.gravatar.com\/avatar\/709d3d8015183afa7401c02e2291a538cbfd4ffe62f4d86ce5f4871f22e86b09?s=96&d=mm&r=g","caption":"Comunicaci\u00f3 Integral Neorg"},"sameAs":["https:\/\/www.hplatjadaro.com"]}]}},"_links":{"self":[{"href":"https:\/\/www.hplatjadaro.com\/es\/wp-json\/wp\/v2\/posts\/8288","targetHints":{"allow":["GET"]}}],"collection":[{"href":"https:\/\/www.hplatjadaro.com\/es\/wp-json\/wp\/v2\/posts"}],"about":[{"href":"https:\/\/www.hplatjadaro.com\/es\/wp-json\/wp\/v2\/types\/post"}],"author":[{"embeddable":true,"href":"https:\/\/www.hplatjadaro.com\/es\/wp-json\/wp\/v2\/users\/1"}],"replies":[{"embeddable":true,"href":"https:\/\/www.hplatjadaro.com\/es\/wp-json\/wp\/v2\/comments?post=8288"}],"version-history":[{"count":1,"href":"https:\/\/www.hplatjadaro.com\/es\/wp-json\/wp\/v2\/posts\/8288\/revisions"}],"predecessor-version":[{"id":8870,"href":"https:\/\/www.hplatjadaro.com\/es\/wp-json\/wp\/v2\/posts\/8288\/revisions\/8870"}],"wp:featuredmedia":[{"embeddable":true,"href":"https:\/\/www.hplatjadaro.com\/es\/wp-json\/wp\/v2\/media\/8256"}],"wp:attachment":[{"href":"https:\/\/www.hplatjadaro.com\/es\/wp-json\/wp\/v2\/media?parent=8288"}],"wp:term":[{"taxonomy":"category","embeddable":true,"href":"https:\/\/www.hplatjadaro.com\/es\/wp-json\/wp\/v2\/categories?post=8288"},{"taxonomy":"post_tag","embeddable":true,"href":"https:\/\/www.hplatjadaro.com\/es\/wp-json\/wp\/v2\/tags?post=8288"}],"curies":[{"name":"wp","href":"https:\/\/api.w.org\/{rel}","templated":true}]}}