{"id":8293,"date":"2026-07-02T10:35:25","date_gmt":"2026-07-02T08:35:25","guid":{"rendered":"https:\/\/www.hplatjadaro.com\/com-gaudir-de-lestiu-a-lhotel-platja-daro-2\/"},"modified":"2026-07-14T11:34:54","modified_gmt":"2026-07-14T09:34:54","slug":"com-gaudir-de-lestiu-a-lhotel-platja-daro-2","status":"publish","type":"post","link":"https:\/\/www.hplatjadaro.com\/es\/com-gaudir-de-lestiu-a-lhotel-platja-daro-2\/","title":{"rendered":"C\u00f3mo disfrutar del verano en el Hotel Platja d&#8217;Aro"},"content":{"rendered":"<p class=\"p1\"><em>El Hotel Platja d&#8217;Aro, a 5 minutos del centro del pueblo y de la playa y a 3 minutos de la zona comercial, es una opci\u00f3n inmejorable de alojamiento en la Costa Brava<\/em><\/p>\n<p class=\"p1\">Es f\u00e1cil disfrutar del verano cuando elegimos bien. Platja d&#8217;Aro es un lugar que nunca falla: sol, playa, ocio, compras\u2026 Es un destino que siempre satisface gratamente a familias, grupos y parejas. La ubicaci\u00f3n del Hotel Platja d&#8217;Aro es privilegiada y sus servicios permiten vivir plenamente todo lo que ofrece este pueblo de la Costa Brava.<\/p>\n<p class=\"p1\">Pero, \u00bfpor qu\u00e9 debemos alojarnos en el Hotel Platja d&#8217;Aro? \u00bfQu\u00e9 es lo que lo diferencia de la amplia oferta hotelera de la zona?<\/p>\n<h2 class=\"p1\">Las 6 ventajas del Hotel Platja d&#8217;Aro<\/h2>\n<ol class=\"p1\">\n<li><strong>La mejor calidad-precio<\/strong>. Un alojamiento a un precio competitivo en un lugar c\u00e9ntrico con una gran lista de servicios solo puede ser bueno. Tienes a tu alcance todo lo que necesitas y permite optimizar el presupuesto de tus vacaciones. Todas las estancias del hotel incluyen bufet de desayuno con gran variedad de productos locales y de proximidad, e incluso de aquellos alimentos que las personas con alergias e intolerancias alimentarias necesitan.<\/li>\n<li><strong>Canguro para ni\u00f1os y ni\u00f1as<\/strong>: para garantizar unas vacaciones que contenten a todos por igual, ofrecemos servicios de canguro para ni\u00f1os y ni\u00f1as para liberar a los padres en alg\u00fan momento de su estancia para realizar alguna actividad o cumplir con alguna obligaci\u00f3n.<\/li>\n<li><strong>Pet friendly<\/strong>: somos de los que pensamos que las mascotas no deben ser un problema. Por este motivo, todas nuestras habitaciones admiten animales. Asimismo, ofrecemos el servicio de guarder\u00eda canina para que nuestra mascota no sea un impedimento para cualquier plan.<\/li>\n<li><strong>Servicios e instalaciones para el m\u00e1ximo confort<\/strong>: adem\u00e1s de ser un hotel totalmente climatizado, de contar con una gran piscina exterior y una zona de c\u00e9sped natural para disfrutar del agua y el buen tiempo, los hu\u00e9spedes pueden tener acceso al parking exterior gratuito frente a la recepci\u00f3n del hotel y al parking exclusivo para clientes.<\/li>\n<li><strong>Todo tipo de turismo<\/strong>: vacaciones en familia, vacaciones para hacer deporte, en pareja, con amigos, gastron\u00f3mico\u2026 El Hotel Platja d&#8217;Aro es ideal para cualquier tipo de turismo. La proximidad de los cines, la bolera, la playa o las tiendas y el servicio de alquiler de equipamiento (bicicletas, embarcaciones, autom\u00f3viles, etc.) nos abre todo un mundo de posibilidades.<\/li>\n<li><strong>Excelente atenci\u00f3n al cliente<\/strong>: el personal que compone el Hotel Platja d&#8217;Aro, e incluso la filosof\u00eda de este, tiene como principal objetivo la satisfacci\u00f3n completa del cliente. Por eso, el hotel se esfuerza por ofrecer todo tipo de facilidades que los visitantes puedan pedir. Los clientes y su felicidad en vacaciones, siempre por delante.<\/li>\n<\/ol>\n<p class=\"p1\">\u00a1Reserva tus vacaciones ahora mismo!<\/p>\n","protected":false},"excerpt":{"rendered":"<p>El Hotel Platja d&#8217;Aro, a 5 minutos del centro del pueblo y de la playa y a 3 minutos de la zona comercial, es una opci\u00f3n inmejorable de alojamiento en la Costa Brava Es f\u00e1cil disfrutar del verano cuando elegimos bien. Platja d&#8217;Aro es un lugar que nunca falla: sol, playa, ocio, compras\u2026 Es un&hellip;&nbsp;<\/p>\n","protected":false},"author":1,"featured_media":8258,"comment_status":"closed","ping_status":"closed","sticky":false,"template":"","format":"standard","meta":{"_acf_changed":false,"neve_meta_sidebar":"","neve_meta_container":"","neve_meta_enable_content_width":"","neve_meta_content_width":0,"neve_meta_title_alignment":"","neve_meta_author_avatar":"","neve_post_elements_order":"","neve_meta_disable_header":"","neve_meta_disable_footer":"","neve_meta_disable_title":"","neve_meta_reading_time":"","footnotes":""},"categories":[82],"tags":[],"class_list":["post-8293","post","type-post","status-publish","format-standard","has-post-thumbnail","hentry","category-noticies-es"],"acf":[],"yoast_head":"<!-- This site is optimized with the Yoast SEO plugin v28.4 - https:\/\/yoast.com\/product\/yoast-seo-wordpress\/ -->\n<title>C\u00f3mo disfrutar del verano en el Hotel Platja d&#039;Aro | Hotel Platja d&#039;Aro<\/title>\n<meta name=\"robots\" content=\"index, follow, max-snippet:-1, max-image-preview:large, max-video-preview:-1\" \/>\n<link rel=\"canonical\" href=\"https:\/\/www.hplatjadaro.com\/es\/com-gaudir-de-lestiu-a-lhotel-platja-daro-2\/\" \/>\n<meta property=\"og:locale\" content=\"es_ES\" \/>\n<meta property=\"og:type\" content=\"article\" \/>\n<meta property=\"og:title\" content=\"C\u00f3mo disfrutar del verano en el Hotel Platja d&#039;Aro | Hotel Platja d&#039;Aro\" \/>\n<meta property=\"og:description\" content=\"El Hotel Platja d&#8217;Aro, a 5 minutos del centro del pueblo y de la playa y a 3 minutos de la zona comercial, es una opci\u00f3n inmejorable de alojamiento en la Costa Brava Es f\u00e1cil disfrutar del verano cuando elegimos bien. Platja d&#8217;Aro es un lugar que nunca falla: sol, playa, ocio, compras\u2026 Es un&hellip;&nbsp;\" \/>\n<meta property=\"og:url\" content=\"https:\/\/www.hplatjadaro.com\/es\/com-gaudir-de-lestiu-a-lhotel-platja-daro-2\/\" \/>\n<meta property=\"og:site_name\" content=\"Hotel Platja d&#039;Aro\" \/>\n<meta property=\"article:published_time\" content=\"2026-07-02T08:35:25+00:00\" \/>\n<meta property=\"article:modified_time\" content=\"2026-07-14T09:34:54+00:00\" \/>\n<meta property=\"og:image\" content=\"https:\/\/www.hplatjadaro.com\/wp-content\/uploads\/2026\/07\/gaudir_estiu.jpg\" \/>\n\t<meta property=\"og:image:width\" content=\"2500\" \/>\n\t<meta property=\"og:image:height\" content=\"1600\" \/>\n\t<meta property=\"og:image:type\" content=\"image\/jpeg\" \/>\n<meta name=\"author\" content=\"Comunicaci\u00f3 Integral Neorg\" \/>\n<meta name=\"twitter:card\" content=\"summary_large_image\" \/>\n<meta name=\"twitter:label1\" content=\"Escrito por\" \/>\n\t<meta name=\"twitter:data1\" content=\"Comunicaci\u00f3 Integral Neorg\" \/>\n\t<meta name=\"twitter:label2\" content=\"Tiempo de lectura\" \/>\n\t<meta name=\"twitter:data2\" content=\"2 minutos\" \/>\n<script type=\"application\/ld+json\" class=\"yoast-schema-graph\">{\"@context\":\"https:\\\/\\\/schema.org\",\"@graph\":[{\"@type\":\"Article\",\"@id\":\"https:\\\/\\\/www.hplatjadaro.com\\\/es\\\/com-gaudir-de-lestiu-a-lhotel-platja-daro-2\\\/#article\",\"isPartOf\":{\"@id\":\"https:\\\/\\\/www.hplatjadaro.com\\\/es\\\/com-gaudir-de-lestiu-a-lhotel-platja-daro-2\\\/\"},\"author\":{\"name\":\"Comunicaci\u00f3 Integral Neorg\",\"@id\":\"https:\\\/\\\/www.hplatjadaro.com\\\/es\\\/#\\\/schema\\\/person\\\/3b4dad233a49ff0bc5b42d830b3f7e53\"},\"headline\":\"C\u00f3mo disfrutar del verano en el Hotel Platja d&#8217;Aro\",\"datePublished\":\"2026-07-02T08:35:25+00:00\",\"dateModified\":\"2026-07-14T09:34:54+00:00\",\"mainEntityOfPage\":{\"@id\":\"https:\\\/\\\/www.hplatjadaro.com\\\/es\\\/com-gaudir-de-lestiu-a-lhotel-platja-daro-2\\\/\"},\"wordCount\":483,\"publisher\":{\"@id\":\"https:\\\/\\\/www.hplatjadaro.com\\\/es\\\/#organization\"},\"image\":{\"@id\":\"https:\\\/\\\/www.hplatjadaro.com\\\/es\\\/com-gaudir-de-lestiu-a-lhotel-platja-daro-2\\\/#primaryimage\"},\"thumbnailUrl\":\"https:\\\/\\\/www.hplatjadaro.com\\\/wp-content\\\/uploads\\\/2026\\\/07\\\/gaudir_estiu.jpg\",\"articleSection\":[\"Not\u00edcies\"],\"inLanguage\":\"es\"},{\"@type\":\"WebPage\",\"@id\":\"https:\\\/\\\/www.hplatjadaro.com\\\/es\\\/com-gaudir-de-lestiu-a-lhotel-platja-daro-2\\\/\",\"url\":\"https:\\\/\\\/www.hplatjadaro.com\\\/es\\\/com-gaudir-de-lestiu-a-lhotel-platja-daro-2\\\/\",\"name\":\"C\u00f3mo disfrutar del verano en el Hotel Platja d'Aro | Hotel Platja d&#039;Aro\",\"isPartOf\":{\"@id\":\"https:\\\/\\\/www.hplatjadaro.com\\\/es\\\/#website\"},\"primaryImageOfPage\":{\"@id\":\"https:\\\/\\\/www.hplatjadaro.com\\\/es\\\/com-gaudir-de-lestiu-a-lhotel-platja-daro-2\\\/#primaryimage\"},\"image\":{\"@id\":\"https:\\\/\\\/www.hplatjadaro.com\\\/es\\\/com-gaudir-de-lestiu-a-lhotel-platja-daro-2\\\/#primaryimage\"},\"thumbnailUrl\":\"https:\\\/\\\/www.hplatjadaro.com\\\/wp-content\\\/uploads\\\/2026\\\/07\\\/gaudir_estiu.jpg\",\"datePublished\":\"2026-07-02T08:35:25+00:00\",\"dateModified\":\"2026-07-14T09:34:54+00:00\",\"breadcrumb\":{\"@id\":\"https:\\\/\\\/www.hplatjadaro.com\\\/es\\\/com-gaudir-de-lestiu-a-lhotel-platja-daro-2\\\/#breadcrumb\"},\"inLanguage\":\"es\",\"potentialAction\":[{\"@type\":\"ReadAction\",\"target\":[\"https:\\\/\\\/www.hplatjadaro.com\\\/es\\\/com-gaudir-de-lestiu-a-lhotel-platja-daro-2\\\/\"]}]},{\"@type\":\"ImageObject\",\"inLanguage\":\"es\",\"@id\":\"https:\\\/\\\/www.hplatjadaro.com\\\/es\\\/com-gaudir-de-lestiu-a-lhotel-platja-daro-2\\\/#primaryimage\",\"url\":\"https:\\\/\\\/www.hplatjadaro.com\\\/wp-content\\\/uploads\\\/2026\\\/07\\\/gaudir_estiu.jpg\",\"contentUrl\":\"https:\\\/\\\/www.hplatjadaro.com\\\/wp-content\\\/uploads\\\/2026\\\/07\\\/gaudir_estiu.jpg\",\"width\":2500,\"height\":1600},{\"@type\":\"BreadcrumbList\",\"@id\":\"https:\\\/\\\/www.hplatjadaro.com\\\/es\\\/com-gaudir-de-lestiu-a-lhotel-platja-daro-2\\\/#breadcrumb\",\"itemListElement\":[{\"@type\":\"ListItem\",\"position\":1,\"name\":\"Portada\",\"item\":\"https:\\\/\\\/www.hplatjadaro.com\\\/es\\\/\"},{\"@type\":\"ListItem\",\"position\":2,\"name\":\"C\u00f3mo disfrutar del verano en el Hotel Platja d&#8217;Aro\"}]},{\"@type\":\"WebSite\",\"@id\":\"https:\\\/\\\/www.hplatjadaro.com\\\/es\\\/#website\",\"url\":\"https:\\\/\\\/www.hplatjadaro.com\\\/es\\\/\",\"name\":\"Aromar Hotels & Restaurants\",\"description\":\"Hotel familiar a Platja d&#039;Aro, Costa Brava\",\"publisher\":{\"@id\":\"https:\\\/\\\/www.hplatjadaro.com\\\/es\\\/#organization\"},\"alternateName\":\"Aromar Hotels & Restaurants\",\"potentialAction\":[{\"@type\":\"SearchAction\",\"target\":{\"@type\":\"EntryPoint\",\"urlTemplate\":\"https:\\\/\\\/www.hplatjadaro.com\\\/es\\\/?s={search_term_string}\"},\"query-input\":{\"@type\":\"PropertyValueSpecification\",\"valueRequired\":true,\"valueName\":\"search_term_string\"}}],\"inLanguage\":\"es\"},{\"@type\":\"Organization\",\"@id\":\"https:\\\/\\\/www.hplatjadaro.com\\\/es\\\/#organization\",\"name\":\"Hotel Platja d'Aro\",\"alternateName\":\"Aromar Hotels\",\"url\":\"https:\\\/\\\/www.hplatjadaro.com\\\/es\\\/\",\"logo\":{\"@type\":\"ImageObject\",\"inLanguage\":\"es\",\"@id\":\"https:\\\/\\\/www.hplatjadaro.com\\\/es\\\/#\\\/schema\\\/logo\\\/image\\\/\",\"url\":\"https:\\\/\\\/www.hplatjadaro.com\\\/wp-content\\\/uploads\\\/2024\\\/04\\\/Aromar-2.jpg\",\"contentUrl\":\"https:\\\/\\\/www.hplatjadaro.com\\\/wp-content\\\/uploads\\\/2024\\\/04\\\/Aromar-2.jpg\",\"width\":696,\"height\":696,\"caption\":\"Hotel Platja d'Aro\"},\"image\":{\"@id\":\"https:\\\/\\\/www.hplatjadaro.com\\\/es\\\/#\\\/schema\\\/logo\\\/image\\\/\"}},{\"@type\":\"Person\",\"@id\":\"https:\\\/\\\/www.hplatjadaro.com\\\/es\\\/#\\\/schema\\\/person\\\/3b4dad233a49ff0bc5b42d830b3f7e53\",\"name\":\"Comunicaci\u00f3 Integral Neorg\",\"image\":{\"@type\":\"ImageObject\",\"inLanguage\":\"es\",\"@id\":\"https:\\\/\\\/secure.gravatar.com\\\/avatar\\\/709d3d8015183afa7401c02e2291a538cbfd4ffe62f4d86ce5f4871f22e86b09?s=96&d=mm&r=g\",\"url\":\"https:\\\/\\\/secure.gravatar.com\\\/avatar\\\/709d3d8015183afa7401c02e2291a538cbfd4ffe62f4d86ce5f4871f22e86b09?s=96&d=mm&r=g\",\"contentUrl\":\"https:\\\/\\\/secure.gravatar.com\\\/avatar\\\/709d3d8015183afa7401c02e2291a538cbfd4ffe62f4d86ce5f4871f22e86b09?s=96&d=mm&r=g\",\"caption\":\"Comunicaci\u00f3 Integral Neorg\"},\"sameAs\":[\"https:\\\/\\\/www.hplatjadaro.com\"]}]}<\/script>\n<!-- \/ Yoast SEO plugin. -->","yoast_head_json":{"title":"C\u00f3mo disfrutar del verano en el Hotel Platja d'Aro | Hotel Platja d&#039;Aro","robots":{"index":"index","follow":"follow","max-snippet":"max-snippet:-1","max-image-preview":"max-image-preview:large","max-video-preview":"max-video-preview:-1"},"canonical":"https:\/\/www.hplatjadaro.com\/es\/com-gaudir-de-lestiu-a-lhotel-platja-daro-2\/","og_locale":"es_ES","og_type":"article","og_title":"C\u00f3mo disfrutar del verano en el Hotel Platja d'Aro | Hotel Platja d&#039;Aro","og_description":"El Hotel Platja d&#8217;Aro, a 5 minutos del centro del pueblo y de la playa y a 3 minutos de la zona comercial, es una opci\u00f3n inmejorable de alojamiento en la Costa Brava Es f\u00e1cil disfrutar del verano cuando elegimos bien. Platja d&#8217;Aro es un lugar que nunca falla: sol, playa, ocio, compras\u2026 Es un&hellip;&nbsp;","og_url":"https:\/\/www.hplatjadaro.com\/es\/com-gaudir-de-lestiu-a-lhotel-platja-daro-2\/","og_site_name":"Hotel Platja d&#039;Aro","article_published_time":"2026-07-02T08:35:25+00:00","article_modified_time":"2026-07-14T09:34:54+00:00","og_image":[{"width":2500,"height":1600,"url":"https:\/\/www.hplatjadaro.com\/wp-content\/uploads\/2026\/07\/gaudir_estiu.jpg","type":"image\/jpeg"}],"author":"Comunicaci\u00f3 Integral Neorg","twitter_card":"summary_large_image","twitter_misc":{"Escrito por":"Comunicaci\u00f3 Integral Neorg","Tiempo de lectura":"2 minutos"},"schema":{"@context":"https:\/\/schema.org","@graph":[{"@type":"Article","@id":"https:\/\/www.hplatjadaro.com\/es\/com-gaudir-de-lestiu-a-lhotel-platja-daro-2\/#article","isPartOf":{"@id":"https:\/\/www.hplatjadaro.com\/es\/com-gaudir-de-lestiu-a-lhotel-platja-daro-2\/"},"author":{"name":"Comunicaci\u00f3 Integral Neorg","@id":"https:\/\/www.hplatjadaro.com\/es\/#\/schema\/person\/3b4dad233a49ff0bc5b42d830b3f7e53"},"headline":"C\u00f3mo disfrutar del verano en el Hotel Platja d&#8217;Aro","datePublished":"2026-07-02T08:35:25+00:00","dateModified":"2026-07-14T09:34:54+00:00","mainEntityOfPage":{"@id":"https:\/\/www.hplatjadaro.com\/es\/com-gaudir-de-lestiu-a-lhotel-platja-daro-2\/"},"wordCount":483,"publisher":{"@id":"https:\/\/www.hplatjadaro.com\/es\/#organization"},"image":{"@id":"https:\/\/www.hplatjadaro.com\/es\/com-gaudir-de-lestiu-a-lhotel-platja-daro-2\/#primaryimage"},"thumbnailUrl":"https:\/\/www.hplatjadaro.com\/wp-content\/uploads\/2026\/07\/gaudir_estiu.jpg","articleSection":["Not\u00edcies"],"inLanguage":"es"},{"@type":"WebPage","@id":"https:\/\/www.hplatjadaro.com\/es\/com-gaudir-de-lestiu-a-lhotel-platja-daro-2\/","url":"https:\/\/www.hplatjadaro.com\/es\/com-gaudir-de-lestiu-a-lhotel-platja-daro-2\/","name":"C\u00f3mo disfrutar del verano en el Hotel Platja d'Aro | Hotel Platja d&#039;Aro","isPartOf":{"@id":"https:\/\/www.hplatjadaro.com\/es\/#website"},"primaryImageOfPage":{"@id":"https:\/\/www.hplatjadaro.com\/es\/com-gaudir-de-lestiu-a-lhotel-platja-daro-2\/#primaryimage"},"image":{"@id":"https:\/\/www.hplatjadaro.com\/es\/com-gaudir-de-lestiu-a-lhotel-platja-daro-2\/#primaryimage"},"thumbnailUrl":"https:\/\/www.hplatjadaro.com\/wp-content\/uploads\/2026\/07\/gaudir_estiu.jpg","datePublished":"2026-07-02T08:35:25+00:00","dateModified":"2026-07-14T09:34:54+00:00","breadcrumb":{"@id":"https:\/\/www.hplatjadaro.com\/es\/com-gaudir-de-lestiu-a-lhotel-platja-daro-2\/#breadcrumb"},"inLanguage":"es","potentialAction":[{"@type":"ReadAction","target":["https:\/\/www.hplatjadaro.com\/es\/com-gaudir-de-lestiu-a-lhotel-platja-daro-2\/"]}]},{"@type":"ImageObject","inLanguage":"es","@id":"https:\/\/www.hplatjadaro.com\/es\/com-gaudir-de-lestiu-a-lhotel-platja-daro-2\/#primaryimage","url":"https:\/\/www.hplatjadaro.com\/wp-content\/uploads\/2026\/07\/gaudir_estiu.jpg","contentUrl":"https:\/\/www.hplatjadaro.com\/wp-content\/uploads\/2026\/07\/gaudir_estiu.jpg","width":2500,"height":1600},{"@type":"BreadcrumbList","@id":"https:\/\/www.hplatjadaro.com\/es\/com-gaudir-de-lestiu-a-lhotel-platja-daro-2\/#breadcrumb","itemListElement":[{"@type":"ListItem","position":1,"name":"Portada","item":"https:\/\/www.hplatjadaro.com\/es\/"},{"@type":"ListItem","position":2,"name":"C\u00f3mo disfrutar del verano en el Hotel Platja d&#8217;Aro"}]},{"@type":"WebSite","@id":"https:\/\/www.hplatjadaro.com\/es\/#website","url":"https:\/\/www.hplatjadaro.com\/es\/","name":"Aromar Hotels & Restaurants","description":"Hotel familiar a Platja d&#039;Aro, Costa Brava","publisher":{"@id":"https:\/\/www.hplatjadaro.com\/es\/#organization"},"alternateName":"Aromar Hotels & Restaurants","potentialAction":[{"@type":"SearchAction","target":{"@type":"EntryPoint","urlTemplate":"https:\/\/www.hplatjadaro.com\/es\/?s={search_term_string}"},"query-input":{"@type":"PropertyValueSpecification","valueRequired":true,"valueName":"search_term_string"}}],"inLanguage":"es"},{"@type":"Organization","@id":"https:\/\/www.hplatjadaro.com\/es\/#organization","name":"Hotel Platja d'Aro","alternateName":"Aromar Hotels","url":"https:\/\/www.hplatjadaro.com\/es\/","logo":{"@type":"ImageObject","inLanguage":"es","@id":"https:\/\/www.hplatjadaro.com\/es\/#\/schema\/logo\/image\/","url":"https:\/\/www.hplatjadaro.com\/wp-content\/uploads\/2024\/04\/Aromar-2.jpg","contentUrl":"https:\/\/www.hplatjadaro.com\/wp-content\/uploads\/2024\/04\/Aromar-2.jpg","width":696,"height":696,"caption":"Hotel Platja d'Aro"},"image":{"@id":"https:\/\/www.hplatjadaro.com\/es\/#\/schema\/logo\/image\/"}},{"@type":"Person","@id":"https:\/\/www.hplatjadaro.com\/es\/#\/schema\/person\/3b4dad233a49ff0bc5b42d830b3f7e53","name":"Comunicaci\u00f3 Integral Neorg","image":{"@type":"ImageObject","inLanguage":"es","@id":"https:\/\/secure.gravatar.com\/avatar\/709d3d8015183afa7401c02e2291a538cbfd4ffe62f4d86ce5f4871f22e86b09?s=96&d=mm&r=g","url":"https:\/\/secure.gravatar.com\/avatar\/709d3d8015183afa7401c02e2291a538cbfd4ffe62f4d86ce5f4871f22e86b09?s=96&d=mm&r=g","contentUrl":"https:\/\/secure.gravatar.com\/avatar\/709d3d8015183afa7401c02e2291a538cbfd4ffe62f4d86ce5f4871f22e86b09?s=96&d=mm&r=g","caption":"Comunicaci\u00f3 Integral Neorg"},"sameAs":["https:\/\/www.hplatjadaro.com"]}]}},"_links":{"self":[{"href":"https:\/\/www.hplatjadaro.com\/es\/wp-json\/wp\/v2\/posts\/8293","targetHints":{"allow":["GET"]}}],"collection":[{"href":"https:\/\/www.hplatjadaro.com\/es\/wp-json\/wp\/v2\/posts"}],"about":[{"href":"https:\/\/www.hplatjadaro.com\/es\/wp-json\/wp\/v2\/types\/post"}],"author":[{"embeddable":true,"href":"https:\/\/www.hplatjadaro.com\/es\/wp-json\/wp\/v2\/users\/1"}],"replies":[{"embeddable":true,"href":"https:\/\/www.hplatjadaro.com\/es\/wp-json\/wp\/v2\/comments?post=8293"}],"version-history":[{"count":1,"href":"https:\/\/www.hplatjadaro.com\/es\/wp-json\/wp\/v2\/posts\/8293\/revisions"}],"predecessor-version":[{"id":8918,"href":"https:\/\/www.hplatjadaro.com\/es\/wp-json\/wp\/v2\/posts\/8293\/revisions\/8918"}],"wp:featuredmedia":[{"embeddable":true,"href":"https:\/\/www.hplatjadaro.com\/es\/wp-json\/wp\/v2\/media\/8258"}],"wp:attachment":[{"href":"https:\/\/www.hplatjadaro.com\/es\/wp-json\/wp\/v2\/media?parent=8293"}],"wp:term":[{"taxonomy":"category","embeddable":true,"href":"https:\/\/www.hplatjadaro.com\/es\/wp-json\/wp\/v2\/categories?post=8293"},{"taxonomy":"post_tag","embeddable":true,"href":"https:\/\/www.hplatjadaro.com\/es\/wp-json\/wp\/v2\/tags?post=8293"}],"curies":[{"name":"wp","href":"https:\/\/api.w.org\/{rel}","templated":true}]}}