{"id":8268,"date":"2026-07-02T10:35:24","date_gmt":"2026-07-02T08:35:24","guid":{"rendered":"https:\/\/www.hplatjadaro.com\/lhotel-platja-daro-parmi-des-criques-de-reve\/"},"modified":"2026-07-14T11:18:15","modified_gmt":"2026-07-14T09:18:15","slug":"lhotel-platja-daro-parmi-des-criques-de-reve","status":"publish","type":"post","link":"https:\/\/www.hplatjadaro.com\/fr\/lhotel-platja-daro-parmi-des-criques-de-reve\/","title":{"rendered":"L&rsquo;Hotel Platja d&rsquo;Aro, parmi des criques de r\u00eave"},"content":{"rendered":"<p class=\"p1\"><em>Cala del Pi, Cala Sa Cova et Cala Rovira se trouvent \u00e0 tr\u00e8s courte distance de l&rsquo;Hotel Platja d&rsquo;Aro<\/em><\/p>\n<p class=\"p1\">Platja d&rsquo;Aro est l&rsquo;un des \u00e9picentres touristiques de la Costa Brava. Et ce n&rsquo;est pas un hasard. Tout ce qu&rsquo;il offre pour garantir l&rsquo;amusement et la qualit\u00e9 des escapades de week-end ou des vacances tant attendues a fait de cette commune un v\u00e9ritable aimant \u00e0 visiteurs.<\/p>\n<p class=\"p1\">Les plages sont l&rsquo;un de ses principaux atouts. Il y en a pour tous les go\u00fbts\u00a0: rocheuses, de sable fin, infinies, \u00e9troites, larges, minuscules\u2026 Cette grande diversit\u00e9 d&rsquo;options nous permet non seulement de trouver celle qui correspond le mieux \u00e0 ce que nous cherchons, mais nous ouvre aussi un large \u00e9ventail de possibilit\u00e9s pour parcourir la Costa Brava.<\/p>\n<p class=\"p1\"><strong>Quelles criques pouvons-nous visiter pendant notre s\u00e9jour \u00e0 l&rsquo;Hotel Platja d&rsquo;Aro\u00a0?<\/strong><\/p>\n<p class=\"p1\">L&#8217;emplacement de l&rsquo;Hotel Platja d&rsquo;Aro est sublime. Non seulement il est \u00e0 5 minutes de la plage et \u00e0 3 de l&rsquo;axe commercial, mais il se trouve aussi \u00e0 une distance insignifiante (moins de 10 minutes en voiture) de trois criques de grande r\u00e9putation\u00a0: Cala del Pi, Cala Sa Cova et Cala Rovira.<\/p>\n<h2 class=\"p1\">Cala del Pi<\/h2>\n<p class=\"p1\">Fait curieux, son nom vient de la grande quantit\u00e9 de pins que l&rsquo;on trouve dans la zone. En particulier, il y en a deux tr\u00e8s anciens. C&rsquo;est une petite crique li\u00e9e aux p\u00eacheurs de la r\u00e9gion. Elle est id\u00e9ale pour les plus petits, car elle n&rsquo;est pas profonde et l&rsquo;on peut explorer une grande quantit\u00e9 de rochers. L&rsquo;acc\u00e8s est limit\u00e9, car il faut descendre un bon nombre de marches, mais son eau propre, claire et cristalline en vaut vraiment la peine.<\/p>\n<h2 class=\"p1\">Cala Rovira<\/h2>\n<p class=\"p1\">Les dimensions de Cala Rovira sont si grandes qu&rsquo;elle ressemble plus \u00e0 une plage qu&rsquo;\u00e0 une crique. Le sable est grossier, l&rsquo;entr\u00e9e dans l&rsquo;eau a une pente assez prononc\u00e9e et ses environs pr\u00e9sentent un grand attrait touristique. Les zones rocheuses qui d\u00e9limitent la plage ajoutent une grande valeur esth\u00e9tique. Il convient de mentionner que Cala Rovira a \u00e9t\u00e9 r\u00e9compens\u00e9e d&rsquo;un pavillon bleu.<\/p>\n<h2 class=\"p1\">Cala Sa Cova<\/h2>\n<p class=\"p1\">La v\u00e9g\u00e9tation entoure Cala Sa Cova, qui se trouve sous une falaise. On y acc\u00e8de par le chemin de ronde qui commence \u00e0 Cala Rovira. C&rsquo;est une crique plus petite et prot\u00e9g\u00e9e. Elle est connue pour \u00eatre l&rsquo;endroit o\u00f9 les p\u00eacheurs de l&rsquo;Escala laissaient leurs embarcations pendant qu&rsquo;ils r\u00e9alisaient leurs op\u00e9rations commerciales. Aujourd&rsquo;hui, c&rsquo;est une crique charmante pour passer une journ\u00e9e en famille.<\/p>\n<p class=\"p1\">R\u00e9servez une chambre \u00e0 l&rsquo;Hotel Platja d&rsquo;Aro et d\u00e9couvrez la Costa Brava \u00e0 travers ses plus belles criques\u00a0!<\/p>\n","protected":false},"excerpt":{"rendered":"<p>Cala del Pi, Cala Sa Cova et Cala Rovira se trouvent \u00e0 tr\u00e8s courte distance de l&rsquo;Hotel Platja d&rsquo;Aro Platja d&rsquo;Aro est l&rsquo;un des \u00e9picentres touristiques de la Costa Brava. Et ce n&rsquo;est pas un hasard. Tout ce qu&rsquo;il offre pour garantir l&rsquo;amusement et la qualit\u00e9 des escapades de week-end ou des vacances tant attendues&hellip;&nbsp;<\/p>\n","protected":false},"author":1,"featured_media":8249,"comment_status":"closed","ping_status":"closed","sticky":false,"template":"","format":"standard","meta":{"_acf_changed":false,"neve_meta_sidebar":"","neve_meta_container":"","neve_meta_enable_content_width":"","neve_meta_content_width":0,"neve_meta_title_alignment":"","neve_meta_author_avatar":"","neve_post_elements_order":"","neve_meta_disable_header":"","neve_meta_disable_footer":"","neve_meta_disable_title":"","neve_meta_reading_time":"","footnotes":""},"categories":[80],"tags":[],"class_list":["post-8268","post","type-post","status-publish","format-standard","has-post-thumbnail","hentry","category-actualites"],"acf":[],"yoast_head":"<!-- This site is optimized with the Yoast SEO plugin v28.4 - https:\/\/yoast.com\/product\/yoast-seo-wordpress\/ -->\n<title>L&#039;Hotel Platja d&#039;Aro, parmi des criques de r\u00eave | Hotel Platja d&#039;Aro<\/title>\n<meta name=\"robots\" content=\"index, follow, max-snippet:-1, max-image-preview:large, max-video-preview:-1\" \/>\n<link rel=\"canonical\" href=\"https:\/\/www.hplatjadaro.com\/fr\/lhotel-platja-daro-parmi-des-criques-de-reve\/\" \/>\n<meta property=\"og:locale\" content=\"fr_FR\" \/>\n<meta property=\"og:type\" content=\"article\" \/>\n<meta property=\"og:title\" content=\"L&#039;Hotel Platja d&#039;Aro, parmi des criques de r\u00eave | Hotel Platja d&#039;Aro\" \/>\n<meta property=\"og:description\" content=\"Cala del Pi, Cala Sa Cova et Cala Rovira se trouvent \u00e0 tr\u00e8s courte distance de l&rsquo;Hotel Platja d&rsquo;Aro Platja d&rsquo;Aro est l&rsquo;un des \u00e9picentres touristiques de la Costa Brava. Et ce n&rsquo;est pas un hasard. Tout ce qu&rsquo;il offre pour garantir l&rsquo;amusement et la qualit\u00e9 des escapades de week-end ou des vacances tant attendues&hellip;&nbsp;\" \/>\n<meta property=\"og:url\" content=\"https:\/\/www.hplatjadaro.com\/fr\/lhotel-platja-daro-parmi-des-criques-de-reve\/\" \/>\n<meta property=\"og:site_name\" content=\"Hotel Platja d&#039;Aro\" \/>\n<meta property=\"article:published_time\" content=\"2026-07-02T08:35:24+00:00\" \/>\n<meta property=\"article:modified_time\" content=\"2026-07-14T09:18:15+00:00\" \/>\n<meta property=\"og:image\" content=\"https:\/\/www.hplatjadaro.com\/wp-content\/uploads\/2026\/07\/FILES_ITEMS_571_CALES_W_1900_Q_100.jpg\" \/>\n\t<meta property=\"og:image:width\" content=\"1000\" \/>\n\t<meta property=\"og:image:height\" content=\"677\" \/>\n\t<meta property=\"og:image:type\" content=\"image\/jpeg\" \/>\n<meta name=\"author\" content=\"Comunicaci\u00f3 Integral Neorg\" \/>\n<meta name=\"twitter:card\" content=\"summary_large_image\" \/>\n<meta name=\"twitter:label1\" content=\"\u00c9crit par\" \/>\n\t<meta name=\"twitter:data1\" content=\"Comunicaci\u00f3 Integral Neorg\" \/>\n\t<meta name=\"twitter:label2\" content=\"Dur\u00e9e de lecture estim\u00e9e\" \/>\n\t<meta name=\"twitter:data2\" content=\"2 minutes\" \/>\n<script type=\"application\/ld+json\" class=\"yoast-schema-graph\">{\"@context\":\"https:\\\/\\\/schema.org\",\"@graph\":[{\"@type\":\"Article\",\"@id\":\"https:\\\/\\\/www.hplatjadaro.com\\\/fr\\\/lhotel-platja-daro-parmi-des-criques-de-reve\\\/#article\",\"isPartOf\":{\"@id\":\"https:\\\/\\\/www.hplatjadaro.com\\\/fr\\\/lhotel-platja-daro-parmi-des-criques-de-reve\\\/\"},\"author\":{\"name\":\"Comunicaci\u00f3 Integral Neorg\",\"@id\":\"https:\\\/\\\/www.hplatjadaro.com\\\/fr\\\/#\\\/schema\\\/person\\\/3b4dad233a49ff0bc5b42d830b3f7e53\"},\"headline\":\"L&rsquo;Hotel Platja d&rsquo;Aro, parmi des criques de r\u00eave\",\"datePublished\":\"2026-07-02T08:35:24+00:00\",\"dateModified\":\"2026-07-14T09:18:15+00:00\",\"mainEntityOfPage\":{\"@id\":\"https:\\\/\\\/www.hplatjadaro.com\\\/fr\\\/lhotel-platja-daro-parmi-des-criques-de-reve\\\/\"},\"wordCount\":478,\"publisher\":{\"@id\":\"https:\\\/\\\/www.hplatjadaro.com\\\/fr\\\/#organization\"},\"image\":{\"@id\":\"https:\\\/\\\/www.hplatjadaro.com\\\/fr\\\/lhotel-platja-daro-parmi-des-criques-de-reve\\\/#primaryimage\"},\"thumbnailUrl\":\"https:\\\/\\\/www.hplatjadaro.com\\\/wp-content\\\/uploads\\\/2026\\\/07\\\/FILES_ITEMS_571_CALES_W_1900_Q_100.jpg\",\"articleSection\":[\"Actualit\u00e9s\"],\"inLanguage\":\"fr-FR\"},{\"@type\":\"WebPage\",\"@id\":\"https:\\\/\\\/www.hplatjadaro.com\\\/fr\\\/lhotel-platja-daro-parmi-des-criques-de-reve\\\/\",\"url\":\"https:\\\/\\\/www.hplatjadaro.com\\\/fr\\\/lhotel-platja-daro-parmi-des-criques-de-reve\\\/\",\"name\":\"L'Hotel Platja d'Aro, parmi des criques de r\u00eave | Hotel Platja d&#039;Aro\",\"isPartOf\":{\"@id\":\"https:\\\/\\\/www.hplatjadaro.com\\\/fr\\\/#website\"},\"primaryImageOfPage\":{\"@id\":\"https:\\\/\\\/www.hplatjadaro.com\\\/fr\\\/lhotel-platja-daro-parmi-des-criques-de-reve\\\/#primaryimage\"},\"image\":{\"@id\":\"https:\\\/\\\/www.hplatjadaro.com\\\/fr\\\/lhotel-platja-daro-parmi-des-criques-de-reve\\\/#primaryimage\"},\"thumbnailUrl\":\"https:\\\/\\\/www.hplatjadaro.com\\\/wp-content\\\/uploads\\\/2026\\\/07\\\/FILES_ITEMS_571_CALES_W_1900_Q_100.jpg\",\"datePublished\":\"2026-07-02T08:35:24+00:00\",\"dateModified\":\"2026-07-14T09:18:15+00:00\",\"breadcrumb\":{\"@id\":\"https:\\\/\\\/www.hplatjadaro.com\\\/fr\\\/lhotel-platja-daro-parmi-des-criques-de-reve\\\/#breadcrumb\"},\"inLanguage\":\"fr-FR\",\"potentialAction\":[{\"@type\":\"ReadAction\",\"target\":[\"https:\\\/\\\/www.hplatjadaro.com\\\/fr\\\/lhotel-platja-daro-parmi-des-criques-de-reve\\\/\"]}]},{\"@type\":\"ImageObject\",\"inLanguage\":\"fr-FR\",\"@id\":\"https:\\\/\\\/www.hplatjadaro.com\\\/fr\\\/lhotel-platja-daro-parmi-des-criques-de-reve\\\/#primaryimage\",\"url\":\"https:\\\/\\\/www.hplatjadaro.com\\\/wp-content\\\/uploads\\\/2026\\\/07\\\/FILES_ITEMS_571_CALES_W_1900_Q_100.jpg\",\"contentUrl\":\"https:\\\/\\\/www.hplatjadaro.com\\\/wp-content\\\/uploads\\\/2026\\\/07\\\/FILES_ITEMS_571_CALES_W_1900_Q_100.jpg\",\"width\":1000,\"height\":677},{\"@type\":\"BreadcrumbList\",\"@id\":\"https:\\\/\\\/www.hplatjadaro.com\\\/fr\\\/lhotel-platja-daro-parmi-des-criques-de-reve\\\/#breadcrumb\",\"itemListElement\":[{\"@type\":\"ListItem\",\"position\":1,\"name\":\"Portada\",\"item\":\"https:\\\/\\\/www.hplatjadaro.com\\\/fr\\\/\"},{\"@type\":\"ListItem\",\"position\":2,\"name\":\"L&#8217;Hotel Platja d&#8217;Aro, parmi des criques de r\u00eave\"}]},{\"@type\":\"WebSite\",\"@id\":\"https:\\\/\\\/www.hplatjadaro.com\\\/fr\\\/#website\",\"url\":\"https:\\\/\\\/www.hplatjadaro.com\\\/fr\\\/\",\"name\":\"Aromar Hotels & Restaurants\",\"description\":\"Hotel familiar a Platja d&#039;Aro, Costa Brava\",\"publisher\":{\"@id\":\"https:\\\/\\\/www.hplatjadaro.com\\\/fr\\\/#organization\"},\"alternateName\":\"Aromar Hotels & Restaurants\",\"potentialAction\":[{\"@type\":\"SearchAction\",\"target\":{\"@type\":\"EntryPoint\",\"urlTemplate\":\"https:\\\/\\\/www.hplatjadaro.com\\\/fr\\\/?s={search_term_string}\"},\"query-input\":{\"@type\":\"PropertyValueSpecification\",\"valueRequired\":true,\"valueName\":\"search_term_string\"}}],\"inLanguage\":\"fr-FR\"},{\"@type\":\"Organization\",\"@id\":\"https:\\\/\\\/www.hplatjadaro.com\\\/fr\\\/#organization\",\"name\":\"Hotel Platja d'Aro\",\"alternateName\":\"Aromar Hotels\",\"url\":\"https:\\\/\\\/www.hplatjadaro.com\\\/fr\\\/\",\"logo\":{\"@type\":\"ImageObject\",\"inLanguage\":\"fr-FR\",\"@id\":\"https:\\\/\\\/www.hplatjadaro.com\\\/fr\\\/#\\\/schema\\\/logo\\\/image\\\/\",\"url\":\"https:\\\/\\\/www.hplatjadaro.com\\\/wp-content\\\/uploads\\\/2024\\\/04\\\/Aromar-2.jpg\",\"contentUrl\":\"https:\\\/\\\/www.hplatjadaro.com\\\/wp-content\\\/uploads\\\/2024\\\/04\\\/Aromar-2.jpg\",\"width\":696,\"height\":696,\"caption\":\"Hotel Platja d'Aro\"},\"image\":{\"@id\":\"https:\\\/\\\/www.hplatjadaro.com\\\/fr\\\/#\\\/schema\\\/logo\\\/image\\\/\"}},{\"@type\":\"Person\",\"@id\":\"https:\\\/\\\/www.hplatjadaro.com\\\/fr\\\/#\\\/schema\\\/person\\\/3b4dad233a49ff0bc5b42d830b3f7e53\",\"name\":\"Comunicaci\u00f3 Integral Neorg\",\"image\":{\"@type\":\"ImageObject\",\"inLanguage\":\"fr-FR\",\"@id\":\"https:\\\/\\\/secure.gravatar.com\\\/avatar\\\/709d3d8015183afa7401c02e2291a538cbfd4ffe62f4d86ce5f4871f22e86b09?s=96&d=mm&r=g\",\"url\":\"https:\\\/\\\/secure.gravatar.com\\\/avatar\\\/709d3d8015183afa7401c02e2291a538cbfd4ffe62f4d86ce5f4871f22e86b09?s=96&d=mm&r=g\",\"contentUrl\":\"https:\\\/\\\/secure.gravatar.com\\\/avatar\\\/709d3d8015183afa7401c02e2291a538cbfd4ffe62f4d86ce5f4871f22e86b09?s=96&d=mm&r=g\",\"caption\":\"Comunicaci\u00f3 Integral Neorg\"},\"sameAs\":[\"https:\\\/\\\/www.hplatjadaro.com\"]}]}<\/script>\n<!-- \/ Yoast SEO plugin. -->","yoast_head_json":{"title":"L'Hotel Platja d'Aro, parmi des criques de r\u00eave | Hotel Platja d&#039;Aro","robots":{"index":"index","follow":"follow","max-snippet":"max-snippet:-1","max-image-preview":"max-image-preview:large","max-video-preview":"max-video-preview:-1"},"canonical":"https:\/\/www.hplatjadaro.com\/fr\/lhotel-platja-daro-parmi-des-criques-de-reve\/","og_locale":"fr_FR","og_type":"article","og_title":"L'Hotel Platja d'Aro, parmi des criques de r\u00eave | Hotel Platja d&#039;Aro","og_description":"Cala del Pi, Cala Sa Cova et Cala Rovira se trouvent \u00e0 tr\u00e8s courte distance de l&rsquo;Hotel Platja d&rsquo;Aro Platja d&rsquo;Aro est l&rsquo;un des \u00e9picentres touristiques de la Costa Brava. Et ce n&rsquo;est pas un hasard. Tout ce qu&rsquo;il offre pour garantir l&rsquo;amusement et la qualit\u00e9 des escapades de week-end ou des vacances tant attendues&hellip;&nbsp;","og_url":"https:\/\/www.hplatjadaro.com\/fr\/lhotel-platja-daro-parmi-des-criques-de-reve\/","og_site_name":"Hotel Platja d&#039;Aro","article_published_time":"2026-07-02T08:35:24+00:00","article_modified_time":"2026-07-14T09:18:15+00:00","og_image":[{"width":1000,"height":677,"url":"https:\/\/www.hplatjadaro.com\/wp-content\/uploads\/2026\/07\/FILES_ITEMS_571_CALES_W_1900_Q_100.jpg","type":"image\/jpeg"}],"author":"Comunicaci\u00f3 Integral Neorg","twitter_card":"summary_large_image","twitter_misc":{"\u00c9crit par":"Comunicaci\u00f3 Integral Neorg","Dur\u00e9e de lecture estim\u00e9e":"2 minutes"},"schema":{"@context":"https:\/\/schema.org","@graph":[{"@type":"Article","@id":"https:\/\/www.hplatjadaro.com\/fr\/lhotel-platja-daro-parmi-des-criques-de-reve\/#article","isPartOf":{"@id":"https:\/\/www.hplatjadaro.com\/fr\/lhotel-platja-daro-parmi-des-criques-de-reve\/"},"author":{"name":"Comunicaci\u00f3 Integral Neorg","@id":"https:\/\/www.hplatjadaro.com\/fr\/#\/schema\/person\/3b4dad233a49ff0bc5b42d830b3f7e53"},"headline":"L&rsquo;Hotel Platja d&rsquo;Aro, parmi des criques de r\u00eave","datePublished":"2026-07-02T08:35:24+00:00","dateModified":"2026-07-14T09:18:15+00:00","mainEntityOfPage":{"@id":"https:\/\/www.hplatjadaro.com\/fr\/lhotel-platja-daro-parmi-des-criques-de-reve\/"},"wordCount":478,"publisher":{"@id":"https:\/\/www.hplatjadaro.com\/fr\/#organization"},"image":{"@id":"https:\/\/www.hplatjadaro.com\/fr\/lhotel-platja-daro-parmi-des-criques-de-reve\/#primaryimage"},"thumbnailUrl":"https:\/\/www.hplatjadaro.com\/wp-content\/uploads\/2026\/07\/FILES_ITEMS_571_CALES_W_1900_Q_100.jpg","articleSection":["Actualit\u00e9s"],"inLanguage":"fr-FR"},{"@type":"WebPage","@id":"https:\/\/www.hplatjadaro.com\/fr\/lhotel-platja-daro-parmi-des-criques-de-reve\/","url":"https:\/\/www.hplatjadaro.com\/fr\/lhotel-platja-daro-parmi-des-criques-de-reve\/","name":"L'Hotel Platja d'Aro, parmi des criques de r\u00eave | Hotel Platja d&#039;Aro","isPartOf":{"@id":"https:\/\/www.hplatjadaro.com\/fr\/#website"},"primaryImageOfPage":{"@id":"https:\/\/www.hplatjadaro.com\/fr\/lhotel-platja-daro-parmi-des-criques-de-reve\/#primaryimage"},"image":{"@id":"https:\/\/www.hplatjadaro.com\/fr\/lhotel-platja-daro-parmi-des-criques-de-reve\/#primaryimage"},"thumbnailUrl":"https:\/\/www.hplatjadaro.com\/wp-content\/uploads\/2026\/07\/FILES_ITEMS_571_CALES_W_1900_Q_100.jpg","datePublished":"2026-07-02T08:35:24+00:00","dateModified":"2026-07-14T09:18:15+00:00","breadcrumb":{"@id":"https:\/\/www.hplatjadaro.com\/fr\/lhotel-platja-daro-parmi-des-criques-de-reve\/#breadcrumb"},"inLanguage":"fr-FR","potentialAction":[{"@type":"ReadAction","target":["https:\/\/www.hplatjadaro.com\/fr\/lhotel-platja-daro-parmi-des-criques-de-reve\/"]}]},{"@type":"ImageObject","inLanguage":"fr-FR","@id":"https:\/\/www.hplatjadaro.com\/fr\/lhotel-platja-daro-parmi-des-criques-de-reve\/#primaryimage","url":"https:\/\/www.hplatjadaro.com\/wp-content\/uploads\/2026\/07\/FILES_ITEMS_571_CALES_W_1900_Q_100.jpg","contentUrl":"https:\/\/www.hplatjadaro.com\/wp-content\/uploads\/2026\/07\/FILES_ITEMS_571_CALES_W_1900_Q_100.jpg","width":1000,"height":677},{"@type":"BreadcrumbList","@id":"https:\/\/www.hplatjadaro.com\/fr\/lhotel-platja-daro-parmi-des-criques-de-reve\/#breadcrumb","itemListElement":[{"@type":"ListItem","position":1,"name":"Portada","item":"https:\/\/www.hplatjadaro.com\/fr\/"},{"@type":"ListItem","position":2,"name":"L&#8217;Hotel Platja d&#8217;Aro, parmi des criques de r\u00eave"}]},{"@type":"WebSite","@id":"https:\/\/www.hplatjadaro.com\/fr\/#website","url":"https:\/\/www.hplatjadaro.com\/fr\/","name":"Aromar Hotels & Restaurants","description":"Hotel familiar a Platja d&#039;Aro, Costa Brava","publisher":{"@id":"https:\/\/www.hplatjadaro.com\/fr\/#organization"},"alternateName":"Aromar Hotels & Restaurants","potentialAction":[{"@type":"SearchAction","target":{"@type":"EntryPoint","urlTemplate":"https:\/\/www.hplatjadaro.com\/fr\/?s={search_term_string}"},"query-input":{"@type":"PropertyValueSpecification","valueRequired":true,"valueName":"search_term_string"}}],"inLanguage":"fr-FR"},{"@type":"Organization","@id":"https:\/\/www.hplatjadaro.com\/fr\/#organization","name":"Hotel Platja d'Aro","alternateName":"Aromar Hotels","url":"https:\/\/www.hplatjadaro.com\/fr\/","logo":{"@type":"ImageObject","inLanguage":"fr-FR","@id":"https:\/\/www.hplatjadaro.com\/fr\/#\/schema\/logo\/image\/","url":"https:\/\/www.hplatjadaro.com\/wp-content\/uploads\/2024\/04\/Aromar-2.jpg","contentUrl":"https:\/\/www.hplatjadaro.com\/wp-content\/uploads\/2024\/04\/Aromar-2.jpg","width":696,"height":696,"caption":"Hotel Platja d'Aro"},"image":{"@id":"https:\/\/www.hplatjadaro.com\/fr\/#\/schema\/logo\/image\/"}},{"@type":"Person","@id":"https:\/\/www.hplatjadaro.com\/fr\/#\/schema\/person\/3b4dad233a49ff0bc5b42d830b3f7e53","name":"Comunicaci\u00f3 Integral Neorg","image":{"@type":"ImageObject","inLanguage":"fr-FR","@id":"https:\/\/secure.gravatar.com\/avatar\/709d3d8015183afa7401c02e2291a538cbfd4ffe62f4d86ce5f4871f22e86b09?s=96&d=mm&r=g","url":"https:\/\/secure.gravatar.com\/avatar\/709d3d8015183afa7401c02e2291a538cbfd4ffe62f4d86ce5f4871f22e86b09?s=96&d=mm&r=g","contentUrl":"https:\/\/secure.gravatar.com\/avatar\/709d3d8015183afa7401c02e2291a538cbfd4ffe62f4d86ce5f4871f22e86b09?s=96&d=mm&r=g","caption":"Comunicaci\u00f3 Integral Neorg"},"sameAs":["https:\/\/www.hplatjadaro.com"]}]}},"_links":{"self":[{"href":"https:\/\/www.hplatjadaro.com\/fr\/wp-json\/wp\/v2\/posts\/8268","targetHints":{"allow":["GET"]}}],"collection":[{"href":"https:\/\/www.hplatjadaro.com\/fr\/wp-json\/wp\/v2\/posts"}],"about":[{"href":"https:\/\/www.hplatjadaro.com\/fr\/wp-json\/wp\/v2\/types\/post"}],"author":[{"embeddable":true,"href":"https:\/\/www.hplatjadaro.com\/fr\/wp-json\/wp\/v2\/users\/1"}],"replies":[{"embeddable":true,"href":"https:\/\/www.hplatjadaro.com\/fr\/wp-json\/wp\/v2\/comments?post=8268"}],"version-history":[{"count":1,"href":"https:\/\/www.hplatjadaro.com\/fr\/wp-json\/wp\/v2\/posts\/8268\/revisions"}],"predecessor-version":[{"id":8896,"href":"https:\/\/www.hplatjadaro.com\/fr\/wp-json\/wp\/v2\/posts\/8268\/revisions\/8896"}],"wp:featuredmedia":[{"embeddable":true,"href":"https:\/\/www.hplatjadaro.com\/fr\/wp-json\/wp\/v2\/media\/8249"}],"wp:attachment":[{"href":"https:\/\/www.hplatjadaro.com\/fr\/wp-json\/wp\/v2\/media?parent=8268"}],"wp:term":[{"taxonomy":"category","embeddable":true,"href":"https:\/\/www.hplatjadaro.com\/fr\/wp-json\/wp\/v2\/categories?post=8268"},{"taxonomy":"post_tag","embeddable":true,"href":"https:\/\/www.hplatjadaro.com\/fr\/wp-json\/wp\/v2\/tags?post=8268"}],"curies":[{"name":"wp","href":"https:\/\/api.w.org\/{rel}","templated":true}]}}