{"id":8272,"date":"2026-07-02T10:35:24","date_gmt":"2026-07-02T08:35:24","guid":{"rendered":"https:\/\/www.hplatjadaro.com\/cyclotourisme-a-platja-daro-les-voies-vertes-de-la-costa-brava\/"},"modified":"2026-07-14T11:20:59","modified_gmt":"2026-07-14T09:20:59","slug":"cyclotourisme-a-platja-daro-les-voies-vertes-de-la-costa-brava","status":"publish","type":"post","link":"https:\/\/www.hplatjadaro.com\/fr\/cyclotourisme-a-platja-daro-les-voies-vertes-de-la-costa-brava\/","title":{"rendered":"Cyclotourisme \u00e0 Platja d&rsquo;Aro\u00a0: les voies vertes de la Costa Brava"},"content":{"rendered":"<p class=\"p1\"><em>\u00c0 l&rsquo;Hotel Platja d&rsquo;Aro, vous pouvez louer votre v\u00e9lo<\/em><\/p>\n<p class=\"p1\">La Costa Brava poss\u00e8de une offre paysag\u00e8re, ludique, sportive, culturelle et gastronomique unique. Contrairement \u00e0 ce que beaucoup peuvent penser, le littoral nord catalan est bien plus que de belles plages. Il existe des endroits recul\u00e9s, des espaces vierges et une richesse historique qui s\u00e9duisent tout visiteur.<\/p>\n<p class=\"p1\">C&rsquo;est pourquoi, pendant votre s\u00e9jour \u00e0 l&rsquo;Hotel Platja d&rsquo;Aro, nous vous encourageons \u00e0 d\u00e9couvrir la Costa Brava\u00a0: Begur, Palafrugell, Cadaqu\u00e9s, Tossa de Mar, Calella de Palafrugell, L&rsquo;Estartit, Roses, Sant Antoni de Calonge\u2026 La liste des communes int\u00e9ressantes pour une excursion est interminable, tout comme les parcs naturels, les jardins botaniques, les festivals ou les activit\u00e9s qui peuvent vous int\u00e9resser.<\/p>\n<p class=\"p1\">Les voies vertes qui relient les profonds Pyr\u00e9n\u00e9es gironines et la Costa Brava sont une magnifique option pour d\u00e9couvrir \u00e0 v\u00e9lo une diversit\u00e9 de paysages, de localit\u00e9s et m\u00eame de personnes. Nous parlons de plus de 120 kilom\u00e8tres qui traversent cinq comarques de la province (Baix Empord\u00e0, Giron\u00e8s, La Selva, Garrotxa et Ripoll\u00e8s) et qui se divisent en quatre tron\u00e7ons\u00a0:<\/p>\n<ol class=\"p1\">\n<li>Route du Fer et du Charbon Ripoll-Sant Joan de les Abadesses-Ogassa<\/li>\n<li>Route du Carrilet Olot-Girona<\/li>\n<li>Route du Carrilet Girona-Sant Feliu de Gu\u00edxols<\/li>\n<li>Route du Petit Train Palam\u00f3s-Palafrugell<\/li>\n<\/ol>\n<p class=\"p1\">Les voies vertes sont des infrastructures de communication qui ne sont plus utilis\u00e9es et qui ont \u00e9t\u00e9 adapt\u00e9es pour les transformer en itin\u00e9raires pour cyclotouristes et randonneurs. La plupart sont d&rsquo;anciens trac\u00e9s ferroviaires qui conservent leurs \u00e9l\u00e9ments patrimoniaux, comme les tunnels, les ponts ou les gares, et constituent une proposition de tourisme tranquille, durable et alternatif, car les v\u00e9hicules motoris\u00e9s ne peuvent pas circuler.<\/p>\n<p class=\"p1\">Aller \u00e0 v\u00e9lo permet de d\u00e9couvrir le territoire sans se presser. C&rsquo;est une alternative de tourisme actif id\u00e9ale qui s&rsquo;ajoute \u00e0 la large offre de Platja d&rsquo;Aro\u00a0: randonn\u00e9e, activit\u00e9s aquatiques, sports, sports d&rsquo;aventure, activit\u00e9s a\u00e9riennes\u2026<\/p>\n<p class=\"p1\">Cela dit, si vous voulez sortir \u00e0 v\u00e9lo pour faire un parcours important, suivez ces recommandations\u00a0:<\/p>\n<ul class=\"p1\">\n<li>V\u00e9rifiez l&rsquo;\u00e9tat g\u00e9n\u00e9ral du v\u00e9lo<\/li>\n<li>Emportez les pi\u00e8ces de rechange et les outils n\u00e9cessaires en cas de crevaison<\/li>\n<li>Calculez le temps du parcours et tenez compte de votre condition physique<\/li>\n<li>Situez-vous \u00e0 tout moment avec une carte ou un GPS<\/li>\n<li>\u00c9quipez-vous bien avec tous les accessoires dont vous avez besoin<\/li>\n<li>Que le temps ne vous surprenne pas\u00a0: consultez les pr\u00e9visions m\u00e9t\u00e9o<\/li>\n<\/ul>\n<p class=\"p1\">Rappelez-vous qu&rsquo;\u00e0 l&rsquo;Hotel Platja d&rsquo;Aro vous pouvez louer de l&rsquo;\u00e9quipement. Si vous avez besoin d&rsquo;un v\u00e9lo, nous nous occuperons de la location pour que vous n&rsquo;ayez \u00e0 vous soucier de rien.<\/p>\n","protected":false},"excerpt":{"rendered":"<p>\u00c0 l&rsquo;Hotel Platja d&rsquo;Aro, vous pouvez louer votre v\u00e9lo La Costa Brava poss\u00e8de une offre paysag\u00e8re, ludique, sportive, culturelle et gastronomique unique. Contrairement \u00e0 ce que beaucoup peuvent penser, le littoral nord catalan est bien plus que de belles plages. Il existe des endroits recul\u00e9s, des espaces vierges et une richesse historique qui s\u00e9duisent tout&hellip;&nbsp;<\/p>\n","protected":false},"author":1,"featured_media":8250,"comment_status":"closed","ping_status":"closed","sticky":false,"template":"","format":"standard","meta":{"_acf_changed":false,"neve_meta_sidebar":"","neve_meta_container":"","neve_meta_enable_content_width":"","neve_meta_content_width":0,"neve_meta_title_alignment":"","neve_meta_author_avatar":"","neve_post_elements_order":"","neve_meta_disable_header":"","neve_meta_disable_footer":"","neve_meta_disable_title":"","neve_meta_reading_time":"","footnotes":""},"categories":[80],"tags":[],"class_list":["post-8272","post","type-post","status-publish","format-standard","has-post-thumbnail","hentry","category-actualites"],"acf":[],"yoast_head":"<!-- This site is optimized with the Yoast SEO plugin v28.4 - https:\/\/yoast.com\/product\/yoast-seo-wordpress\/ -->\n<title>Cyclotourisme \u00e0 Platja d&#039;Aro\u00a0: les voies vertes de la Costa Brava | Hotel Platja d&#039;Aro<\/title>\n<meta name=\"robots\" content=\"index, follow, max-snippet:-1, max-image-preview:large, max-video-preview:-1\" \/>\n<link rel=\"canonical\" href=\"https:\/\/www.hplatjadaro.com\/fr\/cyclotourisme-a-platja-daro-les-voies-vertes-de-la-costa-brava\/\" \/>\n<meta property=\"og:locale\" content=\"fr_FR\" \/>\n<meta property=\"og:type\" content=\"article\" \/>\n<meta property=\"og:title\" content=\"Cyclotourisme \u00e0 Platja d&#039;Aro\u00a0: les voies vertes de la Costa Brava | Hotel Platja d&#039;Aro\" \/>\n<meta property=\"og:description\" content=\"\u00c0 l&rsquo;Hotel Platja d&rsquo;Aro, vous pouvez louer votre v\u00e9lo La Costa Brava poss\u00e8de une offre paysag\u00e8re, ludique, sportive, culturelle et gastronomique unique. Contrairement \u00e0 ce que beaucoup peuvent penser, le littoral nord catalan est bien plus que de belles plages. Il existe des endroits recul\u00e9s, des espaces vierges et une richesse historique qui s\u00e9duisent tout&hellip;&nbsp;\" \/>\n<meta property=\"og:url\" content=\"https:\/\/www.hplatjadaro.com\/fr\/cyclotourisme-a-platja-daro-les-voies-vertes-de-la-costa-brava\/\" \/>\n<meta property=\"og:site_name\" content=\"Hotel Platja d&#039;Aro\" \/>\n<meta property=\"article:published_time\" content=\"2026-07-02T08:35:24+00:00\" \/>\n<meta property=\"article:modified_time\" content=\"2026-07-14T09:20:59+00:00\" \/>\n<meta property=\"og:image\" content=\"https:\/\/www.hplatjadaro.com\/wp-content\/uploads\/2026\/07\/vias_verdes.jpg\" \/>\n\t<meta property=\"og:image:width\" content=\"2500\" \/>\n\t<meta property=\"og:image:height\" content=\"1667\" \/>\n\t<meta property=\"og:image:type\" content=\"image\/jpeg\" \/>\n<meta name=\"author\" content=\"Comunicaci\u00f3 Integral Neorg\" \/>\n<meta name=\"twitter:card\" content=\"summary_large_image\" \/>\n<meta name=\"twitter:label1\" content=\"\u00c9crit par\" \/>\n\t<meta name=\"twitter:data1\" content=\"Comunicaci\u00f3 Integral Neorg\" \/>\n\t<meta name=\"twitter:label2\" content=\"Dur\u00e9e de lecture estim\u00e9e\" \/>\n\t<meta name=\"twitter:data2\" content=\"2 minutes\" \/>\n<script type=\"application\/ld+json\" class=\"yoast-schema-graph\">{\"@context\":\"https:\\\/\\\/schema.org\",\"@graph\":[{\"@type\":\"Article\",\"@id\":\"https:\\\/\\\/www.hplatjadaro.com\\\/fr\\\/cyclotourisme-a-platja-daro-les-voies-vertes-de-la-costa-brava\\\/#article\",\"isPartOf\":{\"@id\":\"https:\\\/\\\/www.hplatjadaro.com\\\/fr\\\/cyclotourisme-a-platja-daro-les-voies-vertes-de-la-costa-brava\\\/\"},\"author\":{\"name\":\"Comunicaci\u00f3 Integral Neorg\",\"@id\":\"https:\\\/\\\/www.hplatjadaro.com\\\/fr\\\/#\\\/schema\\\/person\\\/3b4dad233a49ff0bc5b42d830b3f7e53\"},\"headline\":\"Cyclotourisme \u00e0 Platja d&rsquo;Aro\u00a0: les voies vertes de la Costa Brava\",\"datePublished\":\"2026-07-02T08:35:24+00:00\",\"dateModified\":\"2026-07-14T09:20:59+00:00\",\"mainEntityOfPage\":{\"@id\":\"https:\\\/\\\/www.hplatjadaro.com\\\/fr\\\/cyclotourisme-a-platja-daro-les-voies-vertes-de-la-costa-brava\\\/\"},\"wordCount\":474,\"publisher\":{\"@id\":\"https:\\\/\\\/www.hplatjadaro.com\\\/fr\\\/#organization\"},\"image\":{\"@id\":\"https:\\\/\\\/www.hplatjadaro.com\\\/fr\\\/cyclotourisme-a-platja-daro-les-voies-vertes-de-la-costa-brava\\\/#primaryimage\"},\"thumbnailUrl\":\"https:\\\/\\\/www.hplatjadaro.com\\\/wp-content\\\/uploads\\\/2026\\\/07\\\/vias_verdes.jpg\",\"articleSection\":[\"Actualit\u00e9s\"],\"inLanguage\":\"fr-FR\"},{\"@type\":\"WebPage\",\"@id\":\"https:\\\/\\\/www.hplatjadaro.com\\\/fr\\\/cyclotourisme-a-platja-daro-les-voies-vertes-de-la-costa-brava\\\/\",\"url\":\"https:\\\/\\\/www.hplatjadaro.com\\\/fr\\\/cyclotourisme-a-platja-daro-les-voies-vertes-de-la-costa-brava\\\/\",\"name\":\"Cyclotourisme \u00e0 Platja d'Aro\u00a0: les voies vertes de la Costa Brava | Hotel Platja d&#039;Aro\",\"isPartOf\":{\"@id\":\"https:\\\/\\\/www.hplatjadaro.com\\\/fr\\\/#website\"},\"primaryImageOfPage\":{\"@id\":\"https:\\\/\\\/www.hplatjadaro.com\\\/fr\\\/cyclotourisme-a-platja-daro-les-voies-vertes-de-la-costa-brava\\\/#primaryimage\"},\"image\":{\"@id\":\"https:\\\/\\\/www.hplatjadaro.com\\\/fr\\\/cyclotourisme-a-platja-daro-les-voies-vertes-de-la-costa-brava\\\/#primaryimage\"},\"thumbnailUrl\":\"https:\\\/\\\/www.hplatjadaro.com\\\/wp-content\\\/uploads\\\/2026\\\/07\\\/vias_verdes.jpg\",\"datePublished\":\"2026-07-02T08:35:24+00:00\",\"dateModified\":\"2026-07-14T09:20:59+00:00\",\"breadcrumb\":{\"@id\":\"https:\\\/\\\/www.hplatjadaro.com\\\/fr\\\/cyclotourisme-a-platja-daro-les-voies-vertes-de-la-costa-brava\\\/#breadcrumb\"},\"inLanguage\":\"fr-FR\",\"potentialAction\":[{\"@type\":\"ReadAction\",\"target\":[\"https:\\\/\\\/www.hplatjadaro.com\\\/fr\\\/cyclotourisme-a-platja-daro-les-voies-vertes-de-la-costa-brava\\\/\"]}]},{\"@type\":\"ImageObject\",\"inLanguage\":\"fr-FR\",\"@id\":\"https:\\\/\\\/www.hplatjadaro.com\\\/fr\\\/cyclotourisme-a-platja-daro-les-voies-vertes-de-la-costa-brava\\\/#primaryimage\",\"url\":\"https:\\\/\\\/www.hplatjadaro.com\\\/wp-content\\\/uploads\\\/2026\\\/07\\\/vias_verdes.jpg\",\"contentUrl\":\"https:\\\/\\\/www.hplatjadaro.com\\\/wp-content\\\/uploads\\\/2026\\\/07\\\/vias_verdes.jpg\",\"width\":2500,\"height\":1667},{\"@type\":\"BreadcrumbList\",\"@id\":\"https:\\\/\\\/www.hplatjadaro.com\\\/fr\\\/cyclotourisme-a-platja-daro-les-voies-vertes-de-la-costa-brava\\\/#breadcrumb\",\"itemListElement\":[{\"@type\":\"ListItem\",\"position\":1,\"name\":\"Portada\",\"item\":\"https:\\\/\\\/www.hplatjadaro.com\\\/fr\\\/\"},{\"@type\":\"ListItem\",\"position\":2,\"name\":\"Cyclotourisme \u00e0 Platja d&#8217;Aro\u00a0: les voies vertes de la Costa Brava\"}]},{\"@type\":\"WebSite\",\"@id\":\"https:\\\/\\\/www.hplatjadaro.com\\\/fr\\\/#website\",\"url\":\"https:\\\/\\\/www.hplatjadaro.com\\\/fr\\\/\",\"name\":\"Aromar Hotels & Restaurants\",\"description\":\"Hotel familiar a Platja d&#039;Aro, Costa Brava\",\"publisher\":{\"@id\":\"https:\\\/\\\/www.hplatjadaro.com\\\/fr\\\/#organization\"},\"alternateName\":\"Aromar Hotels & Restaurants\",\"potentialAction\":[{\"@type\":\"SearchAction\",\"target\":{\"@type\":\"EntryPoint\",\"urlTemplate\":\"https:\\\/\\\/www.hplatjadaro.com\\\/fr\\\/?s={search_term_string}\"},\"query-input\":{\"@type\":\"PropertyValueSpecification\",\"valueRequired\":true,\"valueName\":\"search_term_string\"}}],\"inLanguage\":\"fr-FR\"},{\"@type\":\"Organization\",\"@id\":\"https:\\\/\\\/www.hplatjadaro.com\\\/fr\\\/#organization\",\"name\":\"Hotel Platja d'Aro\",\"alternateName\":\"Aromar Hotels\",\"url\":\"https:\\\/\\\/www.hplatjadaro.com\\\/fr\\\/\",\"logo\":{\"@type\":\"ImageObject\",\"inLanguage\":\"fr-FR\",\"@id\":\"https:\\\/\\\/www.hplatjadaro.com\\\/fr\\\/#\\\/schema\\\/logo\\\/image\\\/\",\"url\":\"https:\\\/\\\/www.hplatjadaro.com\\\/wp-content\\\/uploads\\\/2024\\\/04\\\/Aromar-2.jpg\",\"contentUrl\":\"https:\\\/\\\/www.hplatjadaro.com\\\/wp-content\\\/uploads\\\/2024\\\/04\\\/Aromar-2.jpg\",\"width\":696,\"height\":696,\"caption\":\"Hotel Platja d'Aro\"},\"image\":{\"@id\":\"https:\\\/\\\/www.hplatjadaro.com\\\/fr\\\/#\\\/schema\\\/logo\\\/image\\\/\"}},{\"@type\":\"Person\",\"@id\":\"https:\\\/\\\/www.hplatjadaro.com\\\/fr\\\/#\\\/schema\\\/person\\\/3b4dad233a49ff0bc5b42d830b3f7e53\",\"name\":\"Comunicaci\u00f3 Integral Neorg\",\"image\":{\"@type\":\"ImageObject\",\"inLanguage\":\"fr-FR\",\"@id\":\"https:\\\/\\\/secure.gravatar.com\\\/avatar\\\/709d3d8015183afa7401c02e2291a538cbfd4ffe62f4d86ce5f4871f22e86b09?s=96&d=mm&r=g\",\"url\":\"https:\\\/\\\/secure.gravatar.com\\\/avatar\\\/709d3d8015183afa7401c02e2291a538cbfd4ffe62f4d86ce5f4871f22e86b09?s=96&d=mm&r=g\",\"contentUrl\":\"https:\\\/\\\/secure.gravatar.com\\\/avatar\\\/709d3d8015183afa7401c02e2291a538cbfd4ffe62f4d86ce5f4871f22e86b09?s=96&d=mm&r=g\",\"caption\":\"Comunicaci\u00f3 Integral Neorg\"},\"sameAs\":[\"https:\\\/\\\/www.hplatjadaro.com\"]}]}<\/script>\n<!-- \/ Yoast SEO plugin. -->","yoast_head_json":{"title":"Cyclotourisme \u00e0 Platja d'Aro\u00a0: les voies vertes de la Costa Brava | Hotel Platja d&#039;Aro","robots":{"index":"index","follow":"follow","max-snippet":"max-snippet:-1","max-image-preview":"max-image-preview:large","max-video-preview":"max-video-preview:-1"},"canonical":"https:\/\/www.hplatjadaro.com\/fr\/cyclotourisme-a-platja-daro-les-voies-vertes-de-la-costa-brava\/","og_locale":"fr_FR","og_type":"article","og_title":"Cyclotourisme \u00e0 Platja d'Aro\u00a0: les voies vertes de la Costa Brava | Hotel Platja d&#039;Aro","og_description":"\u00c0 l&rsquo;Hotel Platja d&rsquo;Aro, vous pouvez louer votre v\u00e9lo La Costa Brava poss\u00e8de une offre paysag\u00e8re, ludique, sportive, culturelle et gastronomique unique. Contrairement \u00e0 ce que beaucoup peuvent penser, le littoral nord catalan est bien plus que de belles plages. Il existe des endroits recul\u00e9s, des espaces vierges et une richesse historique qui s\u00e9duisent tout&hellip;&nbsp;","og_url":"https:\/\/www.hplatjadaro.com\/fr\/cyclotourisme-a-platja-daro-les-voies-vertes-de-la-costa-brava\/","og_site_name":"Hotel Platja d&#039;Aro","article_published_time":"2026-07-02T08:35:24+00:00","article_modified_time":"2026-07-14T09:20:59+00:00","og_image":[{"width":2500,"height":1667,"url":"https:\/\/www.hplatjadaro.com\/wp-content\/uploads\/2026\/07\/vias_verdes.jpg","type":"image\/jpeg"}],"author":"Comunicaci\u00f3 Integral Neorg","twitter_card":"summary_large_image","twitter_misc":{"\u00c9crit par":"Comunicaci\u00f3 Integral Neorg","Dur\u00e9e de lecture estim\u00e9e":"2 minutes"},"schema":{"@context":"https:\/\/schema.org","@graph":[{"@type":"Article","@id":"https:\/\/www.hplatjadaro.com\/fr\/cyclotourisme-a-platja-daro-les-voies-vertes-de-la-costa-brava\/#article","isPartOf":{"@id":"https:\/\/www.hplatjadaro.com\/fr\/cyclotourisme-a-platja-daro-les-voies-vertes-de-la-costa-brava\/"},"author":{"name":"Comunicaci\u00f3 Integral Neorg","@id":"https:\/\/www.hplatjadaro.com\/fr\/#\/schema\/person\/3b4dad233a49ff0bc5b42d830b3f7e53"},"headline":"Cyclotourisme \u00e0 Platja d&rsquo;Aro\u00a0: les voies vertes de la Costa Brava","datePublished":"2026-07-02T08:35:24+00:00","dateModified":"2026-07-14T09:20:59+00:00","mainEntityOfPage":{"@id":"https:\/\/www.hplatjadaro.com\/fr\/cyclotourisme-a-platja-daro-les-voies-vertes-de-la-costa-brava\/"},"wordCount":474,"publisher":{"@id":"https:\/\/www.hplatjadaro.com\/fr\/#organization"},"image":{"@id":"https:\/\/www.hplatjadaro.com\/fr\/cyclotourisme-a-platja-daro-les-voies-vertes-de-la-costa-brava\/#primaryimage"},"thumbnailUrl":"https:\/\/www.hplatjadaro.com\/wp-content\/uploads\/2026\/07\/vias_verdes.jpg","articleSection":["Actualit\u00e9s"],"inLanguage":"fr-FR"},{"@type":"WebPage","@id":"https:\/\/www.hplatjadaro.com\/fr\/cyclotourisme-a-platja-daro-les-voies-vertes-de-la-costa-brava\/","url":"https:\/\/www.hplatjadaro.com\/fr\/cyclotourisme-a-platja-daro-les-voies-vertes-de-la-costa-brava\/","name":"Cyclotourisme \u00e0 Platja d'Aro\u00a0: les voies vertes de la Costa Brava | Hotel Platja d&#039;Aro","isPartOf":{"@id":"https:\/\/www.hplatjadaro.com\/fr\/#website"},"primaryImageOfPage":{"@id":"https:\/\/www.hplatjadaro.com\/fr\/cyclotourisme-a-platja-daro-les-voies-vertes-de-la-costa-brava\/#primaryimage"},"image":{"@id":"https:\/\/www.hplatjadaro.com\/fr\/cyclotourisme-a-platja-daro-les-voies-vertes-de-la-costa-brava\/#primaryimage"},"thumbnailUrl":"https:\/\/www.hplatjadaro.com\/wp-content\/uploads\/2026\/07\/vias_verdes.jpg","datePublished":"2026-07-02T08:35:24+00:00","dateModified":"2026-07-14T09:20:59+00:00","breadcrumb":{"@id":"https:\/\/www.hplatjadaro.com\/fr\/cyclotourisme-a-platja-daro-les-voies-vertes-de-la-costa-brava\/#breadcrumb"},"inLanguage":"fr-FR","potentialAction":[{"@type":"ReadAction","target":["https:\/\/www.hplatjadaro.com\/fr\/cyclotourisme-a-platja-daro-les-voies-vertes-de-la-costa-brava\/"]}]},{"@type":"ImageObject","inLanguage":"fr-FR","@id":"https:\/\/www.hplatjadaro.com\/fr\/cyclotourisme-a-platja-daro-les-voies-vertes-de-la-costa-brava\/#primaryimage","url":"https:\/\/www.hplatjadaro.com\/wp-content\/uploads\/2026\/07\/vias_verdes.jpg","contentUrl":"https:\/\/www.hplatjadaro.com\/wp-content\/uploads\/2026\/07\/vias_verdes.jpg","width":2500,"height":1667},{"@type":"BreadcrumbList","@id":"https:\/\/www.hplatjadaro.com\/fr\/cyclotourisme-a-platja-daro-les-voies-vertes-de-la-costa-brava\/#breadcrumb","itemListElement":[{"@type":"ListItem","position":1,"name":"Portada","item":"https:\/\/www.hplatjadaro.com\/fr\/"},{"@type":"ListItem","position":2,"name":"Cyclotourisme \u00e0 Platja d&#8217;Aro\u00a0: les voies vertes de la Costa Brava"}]},{"@type":"WebSite","@id":"https:\/\/www.hplatjadaro.com\/fr\/#website","url":"https:\/\/www.hplatjadaro.com\/fr\/","name":"Aromar Hotels & Restaurants","description":"Hotel familiar a Platja d&#039;Aro, Costa Brava","publisher":{"@id":"https:\/\/www.hplatjadaro.com\/fr\/#organization"},"alternateName":"Aromar Hotels & Restaurants","potentialAction":[{"@type":"SearchAction","target":{"@type":"EntryPoint","urlTemplate":"https:\/\/www.hplatjadaro.com\/fr\/?s={search_term_string}"},"query-input":{"@type":"PropertyValueSpecification","valueRequired":true,"valueName":"search_term_string"}}],"inLanguage":"fr-FR"},{"@type":"Organization","@id":"https:\/\/www.hplatjadaro.com\/fr\/#organization","name":"Hotel Platja d'Aro","alternateName":"Aromar Hotels","url":"https:\/\/www.hplatjadaro.com\/fr\/","logo":{"@type":"ImageObject","inLanguage":"fr-FR","@id":"https:\/\/www.hplatjadaro.com\/fr\/#\/schema\/logo\/image\/","url":"https:\/\/www.hplatjadaro.com\/wp-content\/uploads\/2024\/04\/Aromar-2.jpg","contentUrl":"https:\/\/www.hplatjadaro.com\/wp-content\/uploads\/2024\/04\/Aromar-2.jpg","width":696,"height":696,"caption":"Hotel Platja d'Aro"},"image":{"@id":"https:\/\/www.hplatjadaro.com\/fr\/#\/schema\/logo\/image\/"}},{"@type":"Person","@id":"https:\/\/www.hplatjadaro.com\/fr\/#\/schema\/person\/3b4dad233a49ff0bc5b42d830b3f7e53","name":"Comunicaci\u00f3 Integral Neorg","image":{"@type":"ImageObject","inLanguage":"fr-FR","@id":"https:\/\/secure.gravatar.com\/avatar\/709d3d8015183afa7401c02e2291a538cbfd4ffe62f4d86ce5f4871f22e86b09?s=96&d=mm&r=g","url":"https:\/\/secure.gravatar.com\/avatar\/709d3d8015183afa7401c02e2291a538cbfd4ffe62f4d86ce5f4871f22e86b09?s=96&d=mm&r=g","contentUrl":"https:\/\/secure.gravatar.com\/avatar\/709d3d8015183afa7401c02e2291a538cbfd4ffe62f4d86ce5f4871f22e86b09?s=96&d=mm&r=g","caption":"Comunicaci\u00f3 Integral Neorg"},"sameAs":["https:\/\/www.hplatjadaro.com"]}]}},"_links":{"self":[{"href":"https:\/\/www.hplatjadaro.com\/fr\/wp-json\/wp\/v2\/posts\/8272","targetHints":{"allow":["GET"]}}],"collection":[{"href":"https:\/\/www.hplatjadaro.com\/fr\/wp-json\/wp\/v2\/posts"}],"about":[{"href":"https:\/\/www.hplatjadaro.com\/fr\/wp-json\/wp\/v2\/types\/post"}],"author":[{"embeddable":true,"href":"https:\/\/www.hplatjadaro.com\/fr\/wp-json\/wp\/v2\/users\/1"}],"replies":[{"embeddable":true,"href":"https:\/\/www.hplatjadaro.com\/fr\/wp-json\/wp\/v2\/comments?post=8272"}],"version-history":[{"count":1,"href":"https:\/\/www.hplatjadaro.com\/fr\/wp-json\/wp\/v2\/posts\/8272\/revisions"}],"predecessor-version":[{"id":8900,"href":"https:\/\/www.hplatjadaro.com\/fr\/wp-json\/wp\/v2\/posts\/8272\/revisions\/8900"}],"wp:featuredmedia":[{"embeddable":true,"href":"https:\/\/www.hplatjadaro.com\/fr\/wp-json\/wp\/v2\/media\/8250"}],"wp:attachment":[{"href":"https:\/\/www.hplatjadaro.com\/fr\/wp-json\/wp\/v2\/media?parent=8272"}],"wp:term":[{"taxonomy":"category","embeddable":true,"href":"https:\/\/www.hplatjadaro.com\/fr\/wp-json\/wp\/v2\/categories?post=8272"},{"taxonomy":"post_tag","embeddable":true,"href":"https:\/\/www.hplatjadaro.com\/fr\/wp-json\/wp\/v2\/tags?post=8272"}],"curies":[{"name":"wp","href":"https:\/\/api.w.org\/{rel}","templated":true}]}}