{"id":8876,"date":"2026-07-02T10:35:24","date_gmt":"2026-07-02T08:35:24","guid":{"rendered":"https:\/\/www.hplatjadaro.com\/decouvrez-la-costa-brava-a-velo-depuis-lhotel-platja-daro\/"},"modified":"2026-07-02T10:35:24","modified_gmt":"2026-07-02T08:35:24","slug":"decouvrez-la-costa-brava-a-velo-depuis-lhotel-platja-daro","status":"publish","type":"post","link":"https:\/\/www.hplatjadaro.com\/fr\/decouvrez-la-costa-brava-a-velo-depuis-lhotel-platja-daro\/","title":{"rendered":"D\u00e9couvrez la Costa Brava \u00e0 v\u00e9lo depuis l&rsquo;Hotel Platja d&rsquo;Aro"},"content":{"rendered":"<p class=\"p1\">Vous aimez faire des sorties \u00e0 v\u00e9lo\u00a0? Le cyclotourisme vous permet de p\u00e9daler \u00e0 votre rythme, les jours que vous voulez et les kilom\u00e8tres qui vous plaisent pour d\u00e9couvrir la Costa Brava.<\/p>\n<p class=\"p1\">Situ\u00e9 \u00e0 Platja d&rsquo;Aro, au centre de la Costa Brava, l&rsquo;Hotel Platja d&rsquo;Aro est une bonne alternative pour vous loger avec un magnifique rapport qualit\u00e9-prix.<\/p>\n<p class=\"p1\">Vous pouvez par exemple faire un itin\u00e9raire par la Gavarra Mar\u00edtima. Au d\u00e9part de Platja d&rsquo;Aro et \u00e0 destination de Calella de Palafrugell, le massif des Gavarres vous accompagnera tout le trajet. Vous pouvez aussi faire le chemin de ronde pour profiter de magnifiques vues sur la plupart des criques sauvages de la Costa Brava. La Via Verda del Carrilet est un autre grand attrait. L&rsquo;ancien trac\u00e9 que suivait le train reliant la c\u00f4te \u00e0 l&rsquo;int\u00e9rieur est aujourd&rsquo;hui un tron\u00e7on de voie verte que l&rsquo;on peut suivre depuis Santa Cristina d&rsquo;Aro en passant par Castell d&rsquo;Aro, Platja d&rsquo;Aro et Sant Feliu de Gu\u00edxols.<\/p>\n<p class=\"p1\">Le cyclotourisme est un moyen tr\u00e8s facile et s\u00fbr de faire du sport et de d\u00e9couvrir la Costa Brava\u00a0! L&rsquo;Hotel Platja d&rsquo;Aro est une garantie de confort au meilleur prix. Situ\u00e9 en plein centre de loisirs de Platja d&rsquo;Aro et au bord de la plage, c&rsquo;est l&rsquo;endroit parfait pour passer quelques jours en famille, en couple ou entre amis.<\/p>\n<p class=\"p1\">R\u00e9servez maintenant\u00a0!<\/p>\n","protected":false},"excerpt":{"rendered":"<p>Vous aimez faire des sorties \u00e0 v\u00e9lo\u00a0? Le cyclotourisme vous permet de p\u00e9daler \u00e0 votre rythme, les jours que vous voulez et les kilom\u00e8tres qui vous plaisent pour d\u00e9couvrir la Costa Brava. Situ\u00e9 \u00e0 Platja d&rsquo;Aro, au centre de la Costa Brava, l&rsquo;Hotel Platja d&rsquo;Aro est une bonne alternative pour vous loger avec un magnifique&hellip;&nbsp;<\/p>\n","protected":false},"author":1,"featured_media":8247,"comment_status":"","ping_status":"closed","sticky":false,"template":"","format":"standard","meta":{"_acf_changed":false,"neve_meta_sidebar":"","neve_meta_container":"","neve_meta_enable_content_width":"","neve_meta_content_width":0,"neve_meta_title_alignment":"","neve_meta_author_avatar":"","neve_post_elements_order":"","neve_meta_disable_header":"","neve_meta_disable_footer":"","neve_meta_disable_title":"","neve_meta_reading_time":"","footnotes":""},"categories":[80],"tags":[],"class_list":["post-8876","post","type-post","status-publish","format-standard","has-post-thumbnail","hentry","category-actualites"],"acf":[],"yoast_head":"<!-- This site is optimized with the Yoast SEO plugin v28.4 - https:\/\/yoast.com\/product\/yoast-seo-wordpress\/ -->\n<title>D\u00e9couvrez la Costa Brava \u00e0 v\u00e9lo depuis l&#039;Hotel Platja d&#039;Aro | Hotel Platja d&#039;Aro<\/title>\n<meta name=\"robots\" content=\"index, follow, max-snippet:-1, max-image-preview:large, max-video-preview:-1\" \/>\n<link rel=\"canonical\" href=\"https:\/\/www.hplatjadaro.com\/fr\/decouvrez-la-costa-brava-a-velo-depuis-lhotel-platja-daro\/\" \/>\n<meta property=\"og:locale\" content=\"fr_FR\" \/>\n<meta property=\"og:type\" content=\"article\" \/>\n<meta property=\"og:title\" content=\"D\u00e9couvrez la Costa Brava \u00e0 v\u00e9lo depuis l&#039;Hotel Platja d&#039;Aro | Hotel Platja d&#039;Aro\" \/>\n<meta property=\"og:description\" content=\"Vous aimez faire des sorties \u00e0 v\u00e9lo\u00a0? Le cyclotourisme vous permet de p\u00e9daler \u00e0 votre rythme, les jours que vous voulez et les kilom\u00e8tres qui vous plaisent pour d\u00e9couvrir la Costa Brava. Situ\u00e9 \u00e0 Platja d&rsquo;Aro, au centre de la Costa Brava, l&rsquo;Hotel Platja d&rsquo;Aro est une bonne alternative pour vous loger avec un magnifique&hellip;&nbsp;\" \/>\n<meta property=\"og:url\" content=\"https:\/\/www.hplatjadaro.com\/fr\/decouvrez-la-costa-brava-a-velo-depuis-lhotel-platja-daro\/\" \/>\n<meta property=\"og:site_name\" content=\"Hotel Platja d&#039;Aro\" \/>\n<meta property=\"article:published_time\" content=\"2026-07-02T08:35:24+00:00\" \/>\n<meta property=\"og:image\" content=\"https:\/\/www.hplatjadaro.com\/wp-content\/uploads\/2024\/04\/Aromar.jpg\" \/>\n\t<meta property=\"og:image:width\" content=\"1200\" \/>\n\t<meta property=\"og:image:height\" content=\"675\" \/>\n\t<meta property=\"og:image:type\" content=\"image\/jpeg\" \/>\n<meta name=\"author\" content=\"Comunicaci\u00f3 Integral Neorg\" \/>\n<meta name=\"twitter:card\" content=\"summary_large_image\" \/>\n<meta name=\"twitter:label1\" content=\"\u00c9crit par\" \/>\n\t<meta name=\"twitter:data1\" content=\"Comunicaci\u00f3 Integral Neorg\" \/>\n\t<meta name=\"twitter:label2\" content=\"Dur\u00e9e de lecture estim\u00e9e\" \/>\n\t<meta name=\"twitter:data2\" content=\"1 minute\" \/>\n<script type=\"application\/ld+json\" class=\"yoast-schema-graph\">{\"@context\":\"https:\\\/\\\/schema.org\",\"@graph\":[{\"@type\":\"Article\",\"@id\":\"https:\\\/\\\/www.hplatjadaro.com\\\/fr\\\/decouvrez-la-costa-brava-a-velo-depuis-lhotel-platja-daro\\\/#article\",\"isPartOf\":{\"@id\":\"https:\\\/\\\/www.hplatjadaro.com\\\/fr\\\/decouvrez-la-costa-brava-a-velo-depuis-lhotel-platja-daro\\\/\"},\"author\":{\"name\":\"Comunicaci\u00f3 Integral Neorg\",\"@id\":\"https:\\\/\\\/www.hplatjadaro.com\\\/fr\\\/#\\\/schema\\\/person\\\/3b4dad233a49ff0bc5b42d830b3f7e53\"},\"headline\":\"D\u00e9couvrez la Costa Brava \u00e0 v\u00e9lo depuis l&rsquo;Hotel Platja d&rsquo;Aro\",\"datePublished\":\"2026-07-02T08:35:24+00:00\",\"mainEntityOfPage\":{\"@id\":\"https:\\\/\\\/www.hplatjadaro.com\\\/fr\\\/decouvrez-la-costa-brava-a-velo-depuis-lhotel-platja-daro\\\/\"},\"wordCount\":261,\"publisher\":{\"@id\":\"https:\\\/\\\/www.hplatjadaro.com\\\/fr\\\/#organization\"},\"image\":{\"@id\":\"https:\\\/\\\/www.hplatjadaro.com\\\/fr\\\/decouvrez-la-costa-brava-a-velo-depuis-lhotel-platja-daro\\\/#primaryimage\"},\"thumbnailUrl\":\"https:\\\/\\\/www.hplatjadaro.com\\\/wp-content\\\/uploads\\\/2026\\\/07\\\/bici.jpg\",\"articleSection\":[\"Actualit\u00e9s\"],\"inLanguage\":\"fr-FR\"},{\"@type\":\"WebPage\",\"@id\":\"https:\\\/\\\/www.hplatjadaro.com\\\/fr\\\/decouvrez-la-costa-brava-a-velo-depuis-lhotel-platja-daro\\\/\",\"url\":\"https:\\\/\\\/www.hplatjadaro.com\\\/fr\\\/decouvrez-la-costa-brava-a-velo-depuis-lhotel-platja-daro\\\/\",\"name\":\"D\u00e9couvrez la Costa Brava \u00e0 v\u00e9lo depuis l'Hotel Platja d'Aro | Hotel Platja d&#039;Aro\",\"isPartOf\":{\"@id\":\"https:\\\/\\\/www.hplatjadaro.com\\\/fr\\\/#website\"},\"primaryImageOfPage\":{\"@id\":\"https:\\\/\\\/www.hplatjadaro.com\\\/fr\\\/decouvrez-la-costa-brava-a-velo-depuis-lhotel-platja-daro\\\/#primaryimage\"},\"image\":{\"@id\":\"https:\\\/\\\/www.hplatjadaro.com\\\/fr\\\/decouvrez-la-costa-brava-a-velo-depuis-lhotel-platja-daro\\\/#primaryimage\"},\"thumbnailUrl\":\"https:\\\/\\\/www.hplatjadaro.com\\\/wp-content\\\/uploads\\\/2026\\\/07\\\/bici.jpg\",\"datePublished\":\"2026-07-02T08:35:24+00:00\",\"breadcrumb\":{\"@id\":\"https:\\\/\\\/www.hplatjadaro.com\\\/fr\\\/decouvrez-la-costa-brava-a-velo-depuis-lhotel-platja-daro\\\/#breadcrumb\"},\"inLanguage\":\"fr-FR\",\"potentialAction\":[{\"@type\":\"ReadAction\",\"target\":[\"https:\\\/\\\/www.hplatjadaro.com\\\/fr\\\/decouvrez-la-costa-brava-a-velo-depuis-lhotel-platja-daro\\\/\"]}]},{\"@type\":\"ImageObject\",\"inLanguage\":\"fr-FR\",\"@id\":\"https:\\\/\\\/www.hplatjadaro.com\\\/fr\\\/decouvrez-la-costa-brava-a-velo-depuis-lhotel-platja-daro\\\/#primaryimage\",\"url\":\"https:\\\/\\\/www.hplatjadaro.com\\\/wp-content\\\/uploads\\\/2026\\\/07\\\/bici.jpg\",\"contentUrl\":\"https:\\\/\\\/www.hplatjadaro.com\\\/wp-content\\\/uploads\\\/2026\\\/07\\\/bici.jpg\",\"width\":960,\"height\":640},{\"@type\":\"BreadcrumbList\",\"@id\":\"https:\\\/\\\/www.hplatjadaro.com\\\/fr\\\/decouvrez-la-costa-brava-a-velo-depuis-lhotel-platja-daro\\\/#breadcrumb\",\"itemListElement\":[{\"@type\":\"ListItem\",\"position\":1,\"name\":\"Portada\",\"item\":\"https:\\\/\\\/www.hplatjadaro.com\\\/fr\\\/\"},{\"@type\":\"ListItem\",\"position\":2,\"name\":\"D\u00e9couvrez la Costa Brava \u00e0 v\u00e9lo depuis l&#8217;Hotel Platja d&#8217;Aro\"}]},{\"@type\":\"WebSite\",\"@id\":\"https:\\\/\\\/www.hplatjadaro.com\\\/fr\\\/#website\",\"url\":\"https:\\\/\\\/www.hplatjadaro.com\\\/fr\\\/\",\"name\":\"Aromar Hotels & Restaurants\",\"description\":\"Hotel familiar a Platja d&#039;Aro, Costa Brava\",\"publisher\":{\"@id\":\"https:\\\/\\\/www.hplatjadaro.com\\\/fr\\\/#organization\"},\"alternateName\":\"Aromar Hotels & Restaurants\",\"potentialAction\":[{\"@type\":\"SearchAction\",\"target\":{\"@type\":\"EntryPoint\",\"urlTemplate\":\"https:\\\/\\\/www.hplatjadaro.com\\\/fr\\\/?s={search_term_string}\"},\"query-input\":{\"@type\":\"PropertyValueSpecification\",\"valueRequired\":true,\"valueName\":\"search_term_string\"}}],\"inLanguage\":\"fr-FR\"},{\"@type\":\"Organization\",\"@id\":\"https:\\\/\\\/www.hplatjadaro.com\\\/fr\\\/#organization\",\"name\":\"Hotel Platja d'Aro\",\"alternateName\":\"Aromar Hotels\",\"url\":\"https:\\\/\\\/www.hplatjadaro.com\\\/fr\\\/\",\"logo\":{\"@type\":\"ImageObject\",\"inLanguage\":\"fr-FR\",\"@id\":\"https:\\\/\\\/www.hplatjadaro.com\\\/fr\\\/#\\\/schema\\\/logo\\\/image\\\/\",\"url\":\"https:\\\/\\\/www.hplatjadaro.com\\\/wp-content\\\/uploads\\\/2024\\\/04\\\/Aromar-2.jpg\",\"contentUrl\":\"https:\\\/\\\/www.hplatjadaro.com\\\/wp-content\\\/uploads\\\/2024\\\/04\\\/Aromar-2.jpg\",\"width\":696,\"height\":696,\"caption\":\"Hotel Platja d'Aro\"},\"image\":{\"@id\":\"https:\\\/\\\/www.hplatjadaro.com\\\/fr\\\/#\\\/schema\\\/logo\\\/image\\\/\"}},{\"@type\":\"Person\",\"@id\":\"https:\\\/\\\/www.hplatjadaro.com\\\/fr\\\/#\\\/schema\\\/person\\\/3b4dad233a49ff0bc5b42d830b3f7e53\",\"name\":\"Comunicaci\u00f3 Integral Neorg\",\"image\":{\"@type\":\"ImageObject\",\"inLanguage\":\"fr-FR\",\"@id\":\"https:\\\/\\\/secure.gravatar.com\\\/avatar\\\/709d3d8015183afa7401c02e2291a538cbfd4ffe62f4d86ce5f4871f22e86b09?s=96&d=mm&r=g\",\"url\":\"https:\\\/\\\/secure.gravatar.com\\\/avatar\\\/709d3d8015183afa7401c02e2291a538cbfd4ffe62f4d86ce5f4871f22e86b09?s=96&d=mm&r=g\",\"contentUrl\":\"https:\\\/\\\/secure.gravatar.com\\\/avatar\\\/709d3d8015183afa7401c02e2291a538cbfd4ffe62f4d86ce5f4871f22e86b09?s=96&d=mm&r=g\",\"caption\":\"Comunicaci\u00f3 Integral Neorg\"},\"sameAs\":[\"https:\\\/\\\/www.hplatjadaro.com\"]}]}<\/script>\n<!-- \/ Yoast SEO plugin. -->","yoast_head_json":{"title":"D\u00e9couvrez la Costa Brava \u00e0 v\u00e9lo depuis l'Hotel Platja d'Aro | Hotel Platja d&#039;Aro","robots":{"index":"index","follow":"follow","max-snippet":"max-snippet:-1","max-image-preview":"max-image-preview:large","max-video-preview":"max-video-preview:-1"},"canonical":"https:\/\/www.hplatjadaro.com\/fr\/decouvrez-la-costa-brava-a-velo-depuis-lhotel-platja-daro\/","og_locale":"fr_FR","og_type":"article","og_title":"D\u00e9couvrez la Costa Brava \u00e0 v\u00e9lo depuis l'Hotel Platja d'Aro | Hotel Platja d&#039;Aro","og_description":"Vous aimez faire des sorties \u00e0 v\u00e9lo\u00a0? Le cyclotourisme vous permet de p\u00e9daler \u00e0 votre rythme, les jours que vous voulez et les kilom\u00e8tres qui vous plaisent pour d\u00e9couvrir la Costa Brava. Situ\u00e9 \u00e0 Platja d&rsquo;Aro, au centre de la Costa Brava, l&rsquo;Hotel Platja d&rsquo;Aro est une bonne alternative pour vous loger avec un magnifique&hellip;&nbsp;","og_url":"https:\/\/www.hplatjadaro.com\/fr\/decouvrez-la-costa-brava-a-velo-depuis-lhotel-platja-daro\/","og_site_name":"Hotel Platja d&#039;Aro","article_published_time":"2026-07-02T08:35:24+00:00","og_image":[{"width":1200,"height":675,"url":"https:\/\/www.hplatjadaro.com\/wp-content\/uploads\/2024\/04\/Aromar.jpg","type":"image\/jpeg"}],"author":"Comunicaci\u00f3 Integral Neorg","twitter_card":"summary_large_image","twitter_misc":{"\u00c9crit par":"Comunicaci\u00f3 Integral Neorg","Dur\u00e9e de lecture estim\u00e9e":"1 minute"},"schema":{"@context":"https:\/\/schema.org","@graph":[{"@type":"Article","@id":"https:\/\/www.hplatjadaro.com\/fr\/decouvrez-la-costa-brava-a-velo-depuis-lhotel-platja-daro\/#article","isPartOf":{"@id":"https:\/\/www.hplatjadaro.com\/fr\/decouvrez-la-costa-brava-a-velo-depuis-lhotel-platja-daro\/"},"author":{"name":"Comunicaci\u00f3 Integral Neorg","@id":"https:\/\/www.hplatjadaro.com\/fr\/#\/schema\/person\/3b4dad233a49ff0bc5b42d830b3f7e53"},"headline":"D\u00e9couvrez la Costa Brava \u00e0 v\u00e9lo depuis l&rsquo;Hotel Platja d&rsquo;Aro","datePublished":"2026-07-02T08:35:24+00:00","mainEntityOfPage":{"@id":"https:\/\/www.hplatjadaro.com\/fr\/decouvrez-la-costa-brava-a-velo-depuis-lhotel-platja-daro\/"},"wordCount":261,"publisher":{"@id":"https:\/\/www.hplatjadaro.com\/fr\/#organization"},"image":{"@id":"https:\/\/www.hplatjadaro.com\/fr\/decouvrez-la-costa-brava-a-velo-depuis-lhotel-platja-daro\/#primaryimage"},"thumbnailUrl":"https:\/\/www.hplatjadaro.com\/wp-content\/uploads\/2026\/07\/bici.jpg","articleSection":["Actualit\u00e9s"],"inLanguage":"fr-FR"},{"@type":"WebPage","@id":"https:\/\/www.hplatjadaro.com\/fr\/decouvrez-la-costa-brava-a-velo-depuis-lhotel-platja-daro\/","url":"https:\/\/www.hplatjadaro.com\/fr\/decouvrez-la-costa-brava-a-velo-depuis-lhotel-platja-daro\/","name":"D\u00e9couvrez la Costa Brava \u00e0 v\u00e9lo depuis l'Hotel Platja d'Aro | Hotel Platja d&#039;Aro","isPartOf":{"@id":"https:\/\/www.hplatjadaro.com\/fr\/#website"},"primaryImageOfPage":{"@id":"https:\/\/www.hplatjadaro.com\/fr\/decouvrez-la-costa-brava-a-velo-depuis-lhotel-platja-daro\/#primaryimage"},"image":{"@id":"https:\/\/www.hplatjadaro.com\/fr\/decouvrez-la-costa-brava-a-velo-depuis-lhotel-platja-daro\/#primaryimage"},"thumbnailUrl":"https:\/\/www.hplatjadaro.com\/wp-content\/uploads\/2026\/07\/bici.jpg","datePublished":"2026-07-02T08:35:24+00:00","breadcrumb":{"@id":"https:\/\/www.hplatjadaro.com\/fr\/decouvrez-la-costa-brava-a-velo-depuis-lhotel-platja-daro\/#breadcrumb"},"inLanguage":"fr-FR","potentialAction":[{"@type":"ReadAction","target":["https:\/\/www.hplatjadaro.com\/fr\/decouvrez-la-costa-brava-a-velo-depuis-lhotel-platja-daro\/"]}]},{"@type":"ImageObject","inLanguage":"fr-FR","@id":"https:\/\/www.hplatjadaro.com\/fr\/decouvrez-la-costa-brava-a-velo-depuis-lhotel-platja-daro\/#primaryimage","url":"https:\/\/www.hplatjadaro.com\/wp-content\/uploads\/2026\/07\/bici.jpg","contentUrl":"https:\/\/www.hplatjadaro.com\/wp-content\/uploads\/2026\/07\/bici.jpg","width":960,"height":640},{"@type":"BreadcrumbList","@id":"https:\/\/www.hplatjadaro.com\/fr\/decouvrez-la-costa-brava-a-velo-depuis-lhotel-platja-daro\/#breadcrumb","itemListElement":[{"@type":"ListItem","position":1,"name":"Portada","item":"https:\/\/www.hplatjadaro.com\/fr\/"},{"@type":"ListItem","position":2,"name":"D\u00e9couvrez la Costa Brava \u00e0 v\u00e9lo depuis l&#8217;Hotel Platja d&#8217;Aro"}]},{"@type":"WebSite","@id":"https:\/\/www.hplatjadaro.com\/fr\/#website","url":"https:\/\/www.hplatjadaro.com\/fr\/","name":"Aromar Hotels & Restaurants","description":"Hotel familiar a Platja d&#039;Aro, Costa Brava","publisher":{"@id":"https:\/\/www.hplatjadaro.com\/fr\/#organization"},"alternateName":"Aromar Hotels & Restaurants","potentialAction":[{"@type":"SearchAction","target":{"@type":"EntryPoint","urlTemplate":"https:\/\/www.hplatjadaro.com\/fr\/?s={search_term_string}"},"query-input":{"@type":"PropertyValueSpecification","valueRequired":true,"valueName":"search_term_string"}}],"inLanguage":"fr-FR"},{"@type":"Organization","@id":"https:\/\/www.hplatjadaro.com\/fr\/#organization","name":"Hotel Platja d'Aro","alternateName":"Aromar Hotels","url":"https:\/\/www.hplatjadaro.com\/fr\/","logo":{"@type":"ImageObject","inLanguage":"fr-FR","@id":"https:\/\/www.hplatjadaro.com\/fr\/#\/schema\/logo\/image\/","url":"https:\/\/www.hplatjadaro.com\/wp-content\/uploads\/2024\/04\/Aromar-2.jpg","contentUrl":"https:\/\/www.hplatjadaro.com\/wp-content\/uploads\/2024\/04\/Aromar-2.jpg","width":696,"height":696,"caption":"Hotel Platja d'Aro"},"image":{"@id":"https:\/\/www.hplatjadaro.com\/fr\/#\/schema\/logo\/image\/"}},{"@type":"Person","@id":"https:\/\/www.hplatjadaro.com\/fr\/#\/schema\/person\/3b4dad233a49ff0bc5b42d830b3f7e53","name":"Comunicaci\u00f3 Integral Neorg","image":{"@type":"ImageObject","inLanguage":"fr-FR","@id":"https:\/\/secure.gravatar.com\/avatar\/709d3d8015183afa7401c02e2291a538cbfd4ffe62f4d86ce5f4871f22e86b09?s=96&d=mm&r=g","url":"https:\/\/secure.gravatar.com\/avatar\/709d3d8015183afa7401c02e2291a538cbfd4ffe62f4d86ce5f4871f22e86b09?s=96&d=mm&r=g","contentUrl":"https:\/\/secure.gravatar.com\/avatar\/709d3d8015183afa7401c02e2291a538cbfd4ffe62f4d86ce5f4871f22e86b09?s=96&d=mm&r=g","caption":"Comunicaci\u00f3 Integral Neorg"},"sameAs":["https:\/\/www.hplatjadaro.com"]}]}},"_links":{"self":[{"href":"https:\/\/www.hplatjadaro.com\/fr\/wp-json\/wp\/v2\/posts\/8876","targetHints":{"allow":["GET"]}}],"collection":[{"href":"https:\/\/www.hplatjadaro.com\/fr\/wp-json\/wp\/v2\/posts"}],"about":[{"href":"https:\/\/www.hplatjadaro.com\/fr\/wp-json\/wp\/v2\/types\/post"}],"author":[{"embeddable":true,"href":"https:\/\/www.hplatjadaro.com\/fr\/wp-json\/wp\/v2\/users\/1"}],"replies":[{"embeddable":true,"href":"https:\/\/www.hplatjadaro.com\/fr\/wp-json\/wp\/v2\/comments?post=8876"}],"version-history":[{"count":0,"href":"https:\/\/www.hplatjadaro.com\/fr\/wp-json\/wp\/v2\/posts\/8876\/revisions"}],"wp:featuredmedia":[{"embeddable":true,"href":"https:\/\/www.hplatjadaro.com\/fr\/wp-json\/wp\/v2\/media\/8247"}],"wp:attachment":[{"href":"https:\/\/www.hplatjadaro.com\/fr\/wp-json\/wp\/v2\/media?parent=8876"}],"wp:term":[{"taxonomy":"category","embeddable":true,"href":"https:\/\/www.hplatjadaro.com\/fr\/wp-json\/wp\/v2\/categories?post=8876"},{"taxonomy":"post_tag","embeddable":true,"href":"https:\/\/www.hplatjadaro.com\/fr\/wp-json\/wp\/v2\/tags?post=8876"}],"curies":[{"name":"wp","href":"https:\/\/api.w.org\/{rel}","templated":true}]}}