{"id":8888,"date":"2026-07-02T10:35:24","date_gmt":"2026-07-02T08:35:24","guid":{"rendered":"https:\/\/www.hplatjadaro.com\/vous-ne-cesserez-de-bouger-tourisme-actif-a-platja-daro\/"},"modified":"2026-07-02T10:35:24","modified_gmt":"2026-07-02T08:35:24","slug":"vous-ne-cesserez-de-bouger-tourisme-actif-a-platja-daro","status":"publish","type":"post","link":"https:\/\/www.hplatjadaro.com\/fr\/vous-ne-cesserez-de-bouger-tourisme-actif-a-platja-daro\/","title":{"rendered":"Vous ne cesserez de bouger\u00a0: tourisme actif \u00e0 Platja d&rsquo;Aro"},"content":{"rendered":"<p class=\"p1\"><em>Le tourisme actif, de plus en plus demand\u00e9 par les visiteurs de la Costa Brava<\/em><\/p>\n<p class=\"p1\">Ces derni\u00e8res ann\u00e9es, le tourisme actif est devenu l&rsquo;un des plus demand\u00e9s, selon les portails de r\u00e9f\u00e9rence du secteur du tourisme et des voyages. De plus en plus de groupes d&rsquo;amis, de familles et m\u00eame de couples recherchent des vacances o\u00f9 l&rsquo;activit\u00e9 physique est la v\u00e9ritable protagoniste.<\/p>\n<p class=\"p1\">Le tourisme actif \u00e0 Platja d&rsquo;Aro est aussi divers qu&rsquo;extraordinaire. Toute activit\u00e9 qui implique de bouger, courir, sauter, grimper, escalader, nager, marcher, monter ou descendre a sa place dans cette petite commune c\u00f4ti\u00e8re. Cela dit, quelles activit\u00e9s attendent \u00e0 Platja d&rsquo;Aro les visiteurs qui arrivent avec l&rsquo;envie de faire de l&rsquo;exercice physique\u00a0?<\/p>\n<h2 class=\"p1\">5 activit\u00e9s de tourisme actif \u00e0 Platja d&rsquo;Aro<\/h2>\n<h3 class=\"p1\">Cyclotourisme, voies vertes et VTT<\/h3>\n<p class=\"p1\">Si vous \u00eates de ces touristes qui aiment d\u00e9couvrir des lieux \u00e0 v\u00e9lo, la Costa Brava est pour vous. Vous pouvez p\u00e9daler des kilom\u00e8tres et des kilom\u00e8tres sur des itin\u00e9raires d&rsquo;anciens trac\u00e9s ferroviaires tout en profitant des paysages qui s&rsquo;ouvrent sur votre passage.<\/p>\n<h3 class=\"p1\">Randonn\u00e9e<\/h3>\n<p class=\"p1\">Les Camins de Ronda longent les criques et les plages de la Costa Brava. Voulez-vous les parcourir\u00a0? Pr\u00e9parez vos chaussures les plus confortables, \u00e9quipez-vous bien et commencez \u00e0 marcher dans des endroits que vous adorerez d\u00e9couvrir.<\/p>\n<h3 class=\"p1\">Multiaventure<\/h3>\n<p class=\"p1\">Vous aimez les \u00e9motions un peu plus fortes et l&rsquo;adr\u00e9naline\u00a0? \u00c0 Platja d&rsquo;Aro, vous pouvez aussi pratiquer l&rsquo;\u00e9quitation, des circuits en Segway, des parcs d&rsquo;aventure, des sauts en parachute, des via ferratas, des montgolfi\u00e8res, de l&rsquo;escalade, du canyoning\u2026<\/p>\n<h3 class=\"p1\">Tourisme nautique et sportif<\/h3>\n<p class=\"p1\">Le grand nombre de ports de plaisance et de centres de plong\u00e9e sur la Costa Brava ouvrent toutes les possibilit\u00e9s pour pratiquer n&rsquo;importe quelle activit\u00e9 aquatique\u00a0: ski, voile, snorkeling, windsurf, kayak, etc. De m\u00eame, si vous n&rsquo;\u00eates pas tr\u00e8s adepte des sports minoritaires, vous pourrez toujours pratiquer le football, le basket, le tennis, le golf, etc.<\/p>\n<p class=\"p1\">R\u00e9servez ici vos vacances \u00e0 Platja d&rsquo;Aro\u00a0: <a href=\"https:\/\/www.hplatjadaro.com\/fr\/chambres-familiales-et-groupes\/\">r\u00e9servez maintenant<\/a>.<\/p>\n","protected":false},"excerpt":{"rendered":"<p>Le tourisme actif, de plus en plus demand\u00e9 par les visiteurs de la Costa Brava Ces derni\u00e8res ann\u00e9es, le tourisme actif est devenu l&rsquo;un des plus demand\u00e9s, selon les portails de r\u00e9f\u00e9rence du secteur du tourisme et des voyages. De plus en plus de groupes d&rsquo;amis, de familles et m\u00eame de couples recherchent des vacances&hellip;&nbsp;<\/p>\n","protected":false},"author":1,"featured_media":8246,"comment_status":"","ping_status":"closed","sticky":false,"template":"","format":"standard","meta":{"_acf_changed":false,"neve_meta_sidebar":"","neve_meta_container":"","neve_meta_enable_content_width":"","neve_meta_content_width":0,"neve_meta_title_alignment":"","neve_meta_author_avatar":"","neve_post_elements_order":"","neve_meta_disable_header":"","neve_meta_disable_footer":"","neve_meta_disable_title":"","neve_meta_reading_time":"","footnotes":""},"categories":[80],"tags":[],"class_list":["post-8888","post","type-post","status-publish","format-standard","has-post-thumbnail","hentry","category-actualites"],"acf":[],"yoast_head":"<!-- This site is optimized with the Yoast SEO plugin v28.4 - https:\/\/yoast.com\/product\/yoast-seo-wordpress\/ -->\n<title>Vous ne cesserez de bouger\u00a0: tourisme actif \u00e0 Platja d&#039;Aro | Hotel Platja d&#039;Aro<\/title>\n<meta name=\"robots\" content=\"index, follow, max-snippet:-1, max-image-preview:large, max-video-preview:-1\" \/>\n<link rel=\"canonical\" href=\"https:\/\/www.hplatjadaro.com\/fr\/vous-ne-cesserez-de-bouger-tourisme-actif-a-platja-daro\/\" \/>\n<meta property=\"og:locale\" content=\"fr_FR\" \/>\n<meta property=\"og:type\" content=\"article\" \/>\n<meta property=\"og:title\" content=\"Vous ne cesserez de bouger\u00a0: tourisme actif \u00e0 Platja d&#039;Aro | Hotel Platja d&#039;Aro\" \/>\n<meta property=\"og:description\" content=\"Le tourisme actif, de plus en plus demand\u00e9 par les visiteurs de la Costa Brava Ces derni\u00e8res ann\u00e9es, le tourisme actif est devenu l&rsquo;un des plus demand\u00e9s, selon les portails de r\u00e9f\u00e9rence du secteur du tourisme et des voyages. De plus en plus de groupes d&rsquo;amis, de familles et m\u00eame de couples recherchent des vacances&hellip;&nbsp;\" \/>\n<meta property=\"og:url\" content=\"https:\/\/www.hplatjadaro.com\/fr\/vous-ne-cesserez-de-bouger-tourisme-actif-a-platja-daro\/\" \/>\n<meta property=\"og:site_name\" content=\"Hotel Platja d&#039;Aro\" \/>\n<meta property=\"article:published_time\" content=\"2026-07-02T08:35:24+00:00\" \/>\n<meta property=\"og:image\" content=\"https:\/\/www.hplatjadaro.com\/wp-content\/uploads\/2024\/04\/Aromar.jpg\" \/>\n\t<meta property=\"og:image:width\" content=\"1200\" \/>\n\t<meta property=\"og:image:height\" content=\"675\" \/>\n\t<meta property=\"og:image:type\" content=\"image\/jpeg\" \/>\n<meta name=\"author\" content=\"Comunicaci\u00f3 Integral Neorg\" \/>\n<meta name=\"twitter:card\" content=\"summary_large_image\" \/>\n<meta name=\"twitter:label1\" content=\"\u00c9crit par\" \/>\n\t<meta name=\"twitter:data1\" content=\"Comunicaci\u00f3 Integral Neorg\" \/>\n\t<meta name=\"twitter:label2\" content=\"Dur\u00e9e de lecture estim\u00e9e\" \/>\n\t<meta name=\"twitter:data2\" content=\"2 minutes\" \/>\n<script type=\"application\/ld+json\" class=\"yoast-schema-graph\">{\"@context\":\"https:\\\/\\\/schema.org\",\"@graph\":[{\"@type\":\"Article\",\"@id\":\"https:\\\/\\\/www.hplatjadaro.com\\\/fr\\\/vous-ne-cesserez-de-bouger-tourisme-actif-a-platja-daro\\\/#article\",\"isPartOf\":{\"@id\":\"https:\\\/\\\/www.hplatjadaro.com\\\/fr\\\/vous-ne-cesserez-de-bouger-tourisme-actif-a-platja-daro\\\/\"},\"author\":{\"name\":\"Comunicaci\u00f3 Integral Neorg\",\"@id\":\"https:\\\/\\\/www.hplatjadaro.com\\\/fr\\\/#\\\/schema\\\/person\\\/3b4dad233a49ff0bc5b42d830b3f7e53\"},\"headline\":\"Vous ne cesserez de bouger\u00a0: tourisme actif \u00e0 Platja d&rsquo;Aro\",\"datePublished\":\"2026-07-02T08:35:24+00:00\",\"mainEntityOfPage\":{\"@id\":\"https:\\\/\\\/www.hplatjadaro.com\\\/fr\\\/vous-ne-cesserez-de-bouger-tourisme-actif-a-platja-daro\\\/\"},\"wordCount\":365,\"publisher\":{\"@id\":\"https:\\\/\\\/www.hplatjadaro.com\\\/fr\\\/#organization\"},\"image\":{\"@id\":\"https:\\\/\\\/www.hplatjadaro.com\\\/fr\\\/vous-ne-cesserez-de-bouger-tourisme-actif-a-platja-daro\\\/#primaryimage\"},\"thumbnailUrl\":\"https:\\\/\\\/www.hplatjadaro.com\\\/wp-content\\\/uploads\\\/2026\\\/07\\\/turismo_activo.jpg\",\"articleSection\":[\"Actualit\u00e9s\"],\"inLanguage\":\"fr-FR\"},{\"@type\":\"WebPage\",\"@id\":\"https:\\\/\\\/www.hplatjadaro.com\\\/fr\\\/vous-ne-cesserez-de-bouger-tourisme-actif-a-platja-daro\\\/\",\"url\":\"https:\\\/\\\/www.hplatjadaro.com\\\/fr\\\/vous-ne-cesserez-de-bouger-tourisme-actif-a-platja-daro\\\/\",\"name\":\"Vous ne cesserez de bouger\u00a0: tourisme actif \u00e0 Platja d'Aro | Hotel Platja d&#039;Aro\",\"isPartOf\":{\"@id\":\"https:\\\/\\\/www.hplatjadaro.com\\\/fr\\\/#website\"},\"primaryImageOfPage\":{\"@id\":\"https:\\\/\\\/www.hplatjadaro.com\\\/fr\\\/vous-ne-cesserez-de-bouger-tourisme-actif-a-platja-daro\\\/#primaryimage\"},\"image\":{\"@id\":\"https:\\\/\\\/www.hplatjadaro.com\\\/fr\\\/vous-ne-cesserez-de-bouger-tourisme-actif-a-platja-daro\\\/#primaryimage\"},\"thumbnailUrl\":\"https:\\\/\\\/www.hplatjadaro.com\\\/wp-content\\\/uploads\\\/2026\\\/07\\\/turismo_activo.jpg\",\"datePublished\":\"2026-07-02T08:35:24+00:00\",\"breadcrumb\":{\"@id\":\"https:\\\/\\\/www.hplatjadaro.com\\\/fr\\\/vous-ne-cesserez-de-bouger-tourisme-actif-a-platja-daro\\\/#breadcrumb\"},\"inLanguage\":\"fr-FR\",\"potentialAction\":[{\"@type\":\"ReadAction\",\"target\":[\"https:\\\/\\\/www.hplatjadaro.com\\\/fr\\\/vous-ne-cesserez-de-bouger-tourisme-actif-a-platja-daro\\\/\"]}]},{\"@type\":\"ImageObject\",\"inLanguage\":\"fr-FR\",\"@id\":\"https:\\\/\\\/www.hplatjadaro.com\\\/fr\\\/vous-ne-cesserez-de-bouger-tourisme-actif-a-platja-daro\\\/#primaryimage\",\"url\":\"https:\\\/\\\/www.hplatjadaro.com\\\/wp-content\\\/uploads\\\/2026\\\/07\\\/turismo_activo.jpg\",\"contentUrl\":\"https:\\\/\\\/www.hplatjadaro.com\\\/wp-content\\\/uploads\\\/2026\\\/07\\\/turismo_activo.jpg\",\"width\":2500,\"height\":1593},{\"@type\":\"BreadcrumbList\",\"@id\":\"https:\\\/\\\/www.hplatjadaro.com\\\/fr\\\/vous-ne-cesserez-de-bouger-tourisme-actif-a-platja-daro\\\/#breadcrumb\",\"itemListElement\":[{\"@type\":\"ListItem\",\"position\":1,\"name\":\"Portada\",\"item\":\"https:\\\/\\\/www.hplatjadaro.com\\\/fr\\\/\"},{\"@type\":\"ListItem\",\"position\":2,\"name\":\"Vous ne cesserez de bouger\u00a0: tourisme actif \u00e0 Platja d&#8217;Aro\"}]},{\"@type\":\"WebSite\",\"@id\":\"https:\\\/\\\/www.hplatjadaro.com\\\/fr\\\/#website\",\"url\":\"https:\\\/\\\/www.hplatjadaro.com\\\/fr\\\/\",\"name\":\"Aromar Hotels & Restaurants\",\"description\":\"Hotel familiar a Platja d&#039;Aro, Costa Brava\",\"publisher\":{\"@id\":\"https:\\\/\\\/www.hplatjadaro.com\\\/fr\\\/#organization\"},\"alternateName\":\"Aromar Hotels & Restaurants\",\"potentialAction\":[{\"@type\":\"SearchAction\",\"target\":{\"@type\":\"EntryPoint\",\"urlTemplate\":\"https:\\\/\\\/www.hplatjadaro.com\\\/fr\\\/?s={search_term_string}\"},\"query-input\":{\"@type\":\"PropertyValueSpecification\",\"valueRequired\":true,\"valueName\":\"search_term_string\"}}],\"inLanguage\":\"fr-FR\"},{\"@type\":\"Organization\",\"@id\":\"https:\\\/\\\/www.hplatjadaro.com\\\/fr\\\/#organization\",\"name\":\"Hotel Platja d'Aro\",\"alternateName\":\"Aromar Hotels\",\"url\":\"https:\\\/\\\/www.hplatjadaro.com\\\/fr\\\/\",\"logo\":{\"@type\":\"ImageObject\",\"inLanguage\":\"fr-FR\",\"@id\":\"https:\\\/\\\/www.hplatjadaro.com\\\/fr\\\/#\\\/schema\\\/logo\\\/image\\\/\",\"url\":\"https:\\\/\\\/www.hplatjadaro.com\\\/wp-content\\\/uploads\\\/2024\\\/04\\\/Aromar-2.jpg\",\"contentUrl\":\"https:\\\/\\\/www.hplatjadaro.com\\\/wp-content\\\/uploads\\\/2024\\\/04\\\/Aromar-2.jpg\",\"width\":696,\"height\":696,\"caption\":\"Hotel Platja d'Aro\"},\"image\":{\"@id\":\"https:\\\/\\\/www.hplatjadaro.com\\\/fr\\\/#\\\/schema\\\/logo\\\/image\\\/\"}},{\"@type\":\"Person\",\"@id\":\"https:\\\/\\\/www.hplatjadaro.com\\\/fr\\\/#\\\/schema\\\/person\\\/3b4dad233a49ff0bc5b42d830b3f7e53\",\"name\":\"Comunicaci\u00f3 Integral Neorg\",\"image\":{\"@type\":\"ImageObject\",\"inLanguage\":\"fr-FR\",\"@id\":\"https:\\\/\\\/secure.gravatar.com\\\/avatar\\\/709d3d8015183afa7401c02e2291a538cbfd4ffe62f4d86ce5f4871f22e86b09?s=96&d=mm&r=g\",\"url\":\"https:\\\/\\\/secure.gravatar.com\\\/avatar\\\/709d3d8015183afa7401c02e2291a538cbfd4ffe62f4d86ce5f4871f22e86b09?s=96&d=mm&r=g\",\"contentUrl\":\"https:\\\/\\\/secure.gravatar.com\\\/avatar\\\/709d3d8015183afa7401c02e2291a538cbfd4ffe62f4d86ce5f4871f22e86b09?s=96&d=mm&r=g\",\"caption\":\"Comunicaci\u00f3 Integral Neorg\"},\"sameAs\":[\"https:\\\/\\\/www.hplatjadaro.com\"]}]}<\/script>\n<!-- \/ Yoast SEO plugin. -->","yoast_head_json":{"title":"Vous ne cesserez de bouger\u00a0: tourisme actif \u00e0 Platja d'Aro | Hotel Platja d&#039;Aro","robots":{"index":"index","follow":"follow","max-snippet":"max-snippet:-1","max-image-preview":"max-image-preview:large","max-video-preview":"max-video-preview:-1"},"canonical":"https:\/\/www.hplatjadaro.com\/fr\/vous-ne-cesserez-de-bouger-tourisme-actif-a-platja-daro\/","og_locale":"fr_FR","og_type":"article","og_title":"Vous ne cesserez de bouger\u00a0: tourisme actif \u00e0 Platja d'Aro | Hotel Platja d&#039;Aro","og_description":"Le tourisme actif, de plus en plus demand\u00e9 par les visiteurs de la Costa Brava Ces derni\u00e8res ann\u00e9es, le tourisme actif est devenu l&rsquo;un des plus demand\u00e9s, selon les portails de r\u00e9f\u00e9rence du secteur du tourisme et des voyages. De plus en plus de groupes d&rsquo;amis, de familles et m\u00eame de couples recherchent des vacances&hellip;&nbsp;","og_url":"https:\/\/www.hplatjadaro.com\/fr\/vous-ne-cesserez-de-bouger-tourisme-actif-a-platja-daro\/","og_site_name":"Hotel Platja d&#039;Aro","article_published_time":"2026-07-02T08:35:24+00:00","og_image":[{"width":1200,"height":675,"url":"https:\/\/www.hplatjadaro.com\/wp-content\/uploads\/2024\/04\/Aromar.jpg","type":"image\/jpeg"}],"author":"Comunicaci\u00f3 Integral Neorg","twitter_card":"summary_large_image","twitter_misc":{"\u00c9crit par":"Comunicaci\u00f3 Integral Neorg","Dur\u00e9e de lecture estim\u00e9e":"2 minutes"},"schema":{"@context":"https:\/\/schema.org","@graph":[{"@type":"Article","@id":"https:\/\/www.hplatjadaro.com\/fr\/vous-ne-cesserez-de-bouger-tourisme-actif-a-platja-daro\/#article","isPartOf":{"@id":"https:\/\/www.hplatjadaro.com\/fr\/vous-ne-cesserez-de-bouger-tourisme-actif-a-platja-daro\/"},"author":{"name":"Comunicaci\u00f3 Integral Neorg","@id":"https:\/\/www.hplatjadaro.com\/fr\/#\/schema\/person\/3b4dad233a49ff0bc5b42d830b3f7e53"},"headline":"Vous ne cesserez de bouger\u00a0: tourisme actif \u00e0 Platja d&rsquo;Aro","datePublished":"2026-07-02T08:35:24+00:00","mainEntityOfPage":{"@id":"https:\/\/www.hplatjadaro.com\/fr\/vous-ne-cesserez-de-bouger-tourisme-actif-a-platja-daro\/"},"wordCount":365,"publisher":{"@id":"https:\/\/www.hplatjadaro.com\/fr\/#organization"},"image":{"@id":"https:\/\/www.hplatjadaro.com\/fr\/vous-ne-cesserez-de-bouger-tourisme-actif-a-platja-daro\/#primaryimage"},"thumbnailUrl":"https:\/\/www.hplatjadaro.com\/wp-content\/uploads\/2026\/07\/turismo_activo.jpg","articleSection":["Actualit\u00e9s"],"inLanguage":"fr-FR"},{"@type":"WebPage","@id":"https:\/\/www.hplatjadaro.com\/fr\/vous-ne-cesserez-de-bouger-tourisme-actif-a-platja-daro\/","url":"https:\/\/www.hplatjadaro.com\/fr\/vous-ne-cesserez-de-bouger-tourisme-actif-a-platja-daro\/","name":"Vous ne cesserez de bouger\u00a0: tourisme actif \u00e0 Platja d'Aro | Hotel Platja d&#039;Aro","isPartOf":{"@id":"https:\/\/www.hplatjadaro.com\/fr\/#website"},"primaryImageOfPage":{"@id":"https:\/\/www.hplatjadaro.com\/fr\/vous-ne-cesserez-de-bouger-tourisme-actif-a-platja-daro\/#primaryimage"},"image":{"@id":"https:\/\/www.hplatjadaro.com\/fr\/vous-ne-cesserez-de-bouger-tourisme-actif-a-platja-daro\/#primaryimage"},"thumbnailUrl":"https:\/\/www.hplatjadaro.com\/wp-content\/uploads\/2026\/07\/turismo_activo.jpg","datePublished":"2026-07-02T08:35:24+00:00","breadcrumb":{"@id":"https:\/\/www.hplatjadaro.com\/fr\/vous-ne-cesserez-de-bouger-tourisme-actif-a-platja-daro\/#breadcrumb"},"inLanguage":"fr-FR","potentialAction":[{"@type":"ReadAction","target":["https:\/\/www.hplatjadaro.com\/fr\/vous-ne-cesserez-de-bouger-tourisme-actif-a-platja-daro\/"]}]},{"@type":"ImageObject","inLanguage":"fr-FR","@id":"https:\/\/www.hplatjadaro.com\/fr\/vous-ne-cesserez-de-bouger-tourisme-actif-a-platja-daro\/#primaryimage","url":"https:\/\/www.hplatjadaro.com\/wp-content\/uploads\/2026\/07\/turismo_activo.jpg","contentUrl":"https:\/\/www.hplatjadaro.com\/wp-content\/uploads\/2026\/07\/turismo_activo.jpg","width":2500,"height":1593},{"@type":"BreadcrumbList","@id":"https:\/\/www.hplatjadaro.com\/fr\/vous-ne-cesserez-de-bouger-tourisme-actif-a-platja-daro\/#breadcrumb","itemListElement":[{"@type":"ListItem","position":1,"name":"Portada","item":"https:\/\/www.hplatjadaro.com\/fr\/"},{"@type":"ListItem","position":2,"name":"Vous ne cesserez de bouger\u00a0: tourisme actif \u00e0 Platja d&#8217;Aro"}]},{"@type":"WebSite","@id":"https:\/\/www.hplatjadaro.com\/fr\/#website","url":"https:\/\/www.hplatjadaro.com\/fr\/","name":"Aromar Hotels & Restaurants","description":"Hotel familiar a Platja d&#039;Aro, Costa Brava","publisher":{"@id":"https:\/\/www.hplatjadaro.com\/fr\/#organization"},"alternateName":"Aromar Hotels & Restaurants","potentialAction":[{"@type":"SearchAction","target":{"@type":"EntryPoint","urlTemplate":"https:\/\/www.hplatjadaro.com\/fr\/?s={search_term_string}"},"query-input":{"@type":"PropertyValueSpecification","valueRequired":true,"valueName":"search_term_string"}}],"inLanguage":"fr-FR"},{"@type":"Organization","@id":"https:\/\/www.hplatjadaro.com\/fr\/#organization","name":"Hotel Platja d'Aro","alternateName":"Aromar Hotels","url":"https:\/\/www.hplatjadaro.com\/fr\/","logo":{"@type":"ImageObject","inLanguage":"fr-FR","@id":"https:\/\/www.hplatjadaro.com\/fr\/#\/schema\/logo\/image\/","url":"https:\/\/www.hplatjadaro.com\/wp-content\/uploads\/2024\/04\/Aromar-2.jpg","contentUrl":"https:\/\/www.hplatjadaro.com\/wp-content\/uploads\/2024\/04\/Aromar-2.jpg","width":696,"height":696,"caption":"Hotel Platja d'Aro"},"image":{"@id":"https:\/\/www.hplatjadaro.com\/fr\/#\/schema\/logo\/image\/"}},{"@type":"Person","@id":"https:\/\/www.hplatjadaro.com\/fr\/#\/schema\/person\/3b4dad233a49ff0bc5b42d830b3f7e53","name":"Comunicaci\u00f3 Integral Neorg","image":{"@type":"ImageObject","inLanguage":"fr-FR","@id":"https:\/\/secure.gravatar.com\/avatar\/709d3d8015183afa7401c02e2291a538cbfd4ffe62f4d86ce5f4871f22e86b09?s=96&d=mm&r=g","url":"https:\/\/secure.gravatar.com\/avatar\/709d3d8015183afa7401c02e2291a538cbfd4ffe62f4d86ce5f4871f22e86b09?s=96&d=mm&r=g","contentUrl":"https:\/\/secure.gravatar.com\/avatar\/709d3d8015183afa7401c02e2291a538cbfd4ffe62f4d86ce5f4871f22e86b09?s=96&d=mm&r=g","caption":"Comunicaci\u00f3 Integral Neorg"},"sameAs":["https:\/\/www.hplatjadaro.com"]}]}},"_links":{"self":[{"href":"https:\/\/www.hplatjadaro.com\/fr\/wp-json\/wp\/v2\/posts\/8888","targetHints":{"allow":["GET"]}}],"collection":[{"href":"https:\/\/www.hplatjadaro.com\/fr\/wp-json\/wp\/v2\/posts"}],"about":[{"href":"https:\/\/www.hplatjadaro.com\/fr\/wp-json\/wp\/v2\/types\/post"}],"author":[{"embeddable":true,"href":"https:\/\/www.hplatjadaro.com\/fr\/wp-json\/wp\/v2\/users\/1"}],"replies":[{"embeddable":true,"href":"https:\/\/www.hplatjadaro.com\/fr\/wp-json\/wp\/v2\/comments?post=8888"}],"version-history":[{"count":0,"href":"https:\/\/www.hplatjadaro.com\/fr\/wp-json\/wp\/v2\/posts\/8888\/revisions"}],"wp:featuredmedia":[{"embeddable":true,"href":"https:\/\/www.hplatjadaro.com\/fr\/wp-json\/wp\/v2\/media\/8246"}],"wp:attachment":[{"href":"https:\/\/www.hplatjadaro.com\/fr\/wp-json\/wp\/v2\/media?parent=8888"}],"wp:term":[{"taxonomy":"category","embeddable":true,"href":"https:\/\/www.hplatjadaro.com\/fr\/wp-json\/wp\/v2\/categories?post=8888"},{"taxonomy":"post_tag","embeddable":true,"href":"https:\/\/www.hplatjadaro.com\/fr\/wp-json\/wp\/v2\/tags?post=8888"}],"curies":[{"name":"wp","href":"https:\/\/api.w.org\/{rel}","templated":true}]}}