{"id":8912,"date":"2026-07-02T10:35:25","date_gmt":"2026-07-02T08:35:25","guid":{"rendered":"https:\/\/www.hplatjadaro.com\/randonnee-sur-la-costa-brava-des-excursions-a-ne-jamais-oublier\/"},"modified":"2026-07-02T10:35:25","modified_gmt":"2026-07-02T08:35:25","slug":"randonnee-sur-la-costa-brava-des-excursions-a-ne-jamais-oublier","status":"publish","type":"post","link":"https:\/\/www.hplatjadaro.com\/fr\/randonnee-sur-la-costa-brava-des-excursions-a-ne-jamais-oublier\/","title":{"rendered":"Randonn\u00e9e sur la Costa Brava\u00a0: des excursions \u00e0 ne jamais oublier"},"content":{"rendered":"<p class=\"p1\"><em>3 propositions d&rsquo;itin\u00e9raires \u00e0 faire pendant votre s\u00e9jour \u00e0 l&rsquo;Hotel Platja d&rsquo;Aro<\/em><\/p>\n<p class=\"p1\">Elle combat la s\u00e9dentarit\u00e9, am\u00e9liore la sant\u00e9 cardiovasculaire, renforce l&rsquo;estime de soi, aide \u00e0 socialiser, am\u00e9liore la qualit\u00e9 du sommeil, permet de d\u00e9couvrir des lieux&#8230; \u00c0 ce stade, nous n&rsquo;allons pas d\u00e9couvrir la longue liste des bienfaits de la randonn\u00e9e, mais il n&rsquo;est pas inutile de les garder \u00e0 l&rsquo;esprit.<\/p>\n<p class=\"p1\">L&rsquo;offre de loisirs \u00e0 Platja d&rsquo;Aro est vaste\u00a0: des sports nautiques aux visites des caves les plus proches. La randonn\u00e9e, cependant, est une activit\u00e9 qui gagne en importance ces derni\u00e8res ann\u00e9es. Et cela ne nous \u00e9tonne pas du tout.<\/p>\n<p class=\"p1\">Une journ\u00e9e enti\u00e8re de randonn\u00e9e le long du littoral de G\u00e9rone est un plan parfait. Les Camins de Ronda vous offrent la d\u00e9couverte de paysages extraordinaires de la Costa Brava et des vues spectaculaires sur la mer depuis les falaises. Rien que pour les plages et les criques cach\u00e9es que vous trouvez sur votre chemin, l&rsquo;exp\u00e9rience en vaut la peine.<\/p>\n<p class=\"p1\">Ci-dessous, nous vous proposons trois options pour devenir un v\u00e9ritable adepte de la randonn\u00e9e, si vous ne l&rsquo;\u00eates pas encore. Cherchez vos chaussures les plus confortables et prenez une bonne carte, l&rsquo;itin\u00e9raire commence\u00a0!<\/p>\n<h2 class=\"p1\">De Lloret de Mar \u00e0 Tossa de Mar<\/h2>\n<p class=\"p1\">C&rsquo;est un parcours c\u00f4tier de 12 km rempli de falaises. Il est vrai que c&rsquo;est un itin\u00e9raire qui exige une bonne condition physique, m\u00eame si vous pouvez aussi faire des pauses dans les nombreux endroits qui vous s\u00e9duiront, comme la crique de Porto Pi, la crique Figuera ou la crique d&rsquo;All\u00e0 on Raja l&rsquo;Aigua.<\/p>\n<p class=\"p1\">L&rsquo;excursion se termine \u00e0 la Platja des Codolar, sous les murailles m\u00e9di\u00e9vales de Tossa de Mar. Une promenade dans ce joli village et la mont\u00e9e jusqu&rsquo;\u00e0 son c\u00e9l\u00e8bre phare sont une magnifique fa\u00e7on d&rsquo;apporter la touche finale \u00e0 l&rsquo;itin\u00e9raire.<\/p>\n<p class=\"p1\">Pour revenir, vous pouvez consulter les services de taxi ou de bus, envisager de laisser la voiture d\u00e8s le d\u00e9part \u00e0 Tossa de Mar ou, si vous \u00eates en forme, revenir en suivant les balises du GR-92.<\/p>\n<h2 class=\"p1\">De Palam\u00f3s \u00e0 Calella de Palafrugell<\/h2>\n<p class=\"p1\">Ces 9 km ont la r\u00e9putation d&rsquo;\u00eatre l&rsquo;un des plus beaux du Cam\u00ed de Ronda de la Costa Brava. Vous pouvez partir de la Platja de la Fosca de Palam\u00f3s. Sur votre chemin, vous trouverez aussi bien des criques paradisiaques que les vestiges de villages ib\u00e8res.<\/p>\n<p class=\"p1\">Avant d&rsquo;arriver \u00e0 Calella et de vous d\u00e9lecter de ses plages, vous passerez pr\u00e8s du Jardin Botanique de Cap Roig. Vous aurez s\u00fbrement envie de le visiter un autre jour.<\/p>\n<p class=\"p1\">Les options de retour sont pratiquement les m\u00eames que pour l&rsquo;itin\u00e9raire pr\u00e9c\u00e9dent\u00a0: v\u00e9rifier le service de bus ou de taxi, avoir laiss\u00e9 la voiture \u00e0 Calella ou suivre les balises du GR-92 pour \u00e9viter les d\u00e9nivel\u00e9s.<\/p>\n<h2 class=\"p1\">De Cadaqu\u00e9s au Cap de Creus<\/h2>\n<p class=\"p1\">Peu apr\u00e8s avoir quitt\u00e9 la Platja de Cadaqu\u00e9s, vous passerez devant la Maison-Mus\u00e9e de Salvador Dal\u00ed, qui est s\u00fbrement la meilleure fa\u00e7on de commencer l&rsquo;excursion. Les 7 km environ de cet itin\u00e9raire parcourent le Parc Naturel du Cap de Creus, qui est un paysage naturel unique.<\/p>\n<p class=\"p1\">Les plages des Jonquet, de Sant Llu\u00eds, la Jugadora ou celle de Guillola vous donneront l&rsquo;occasion de vous baigner dans des eaux calmes et cristallines. \u00c0 mesure que vous vous approcherez de la pointe du Cap de Creus, vous pourrez contempler l&rsquo;un des meilleurs panoramas de l&rsquo;Alt Empord\u00e0. Vous pouvez laisser la voiture au phare du Cap de Creus ou consulter le service de taxi pour le retour.<\/p>\n<p class=\"p1\">Prot\u00e9gez-vous du soleil, hydratez-vous et choisissez des v\u00eatements confortables. Et bien s\u00fbr, n&rsquo;oubliez pas de partager vos photos sur les r\u00e9seaux sociaux pour faire des envieux parmi vos amis. Nous vous attendons \u00e0 l&rsquo;Hotel Platja d&rsquo;Aro\u00a0!<\/p>\n","protected":false},"excerpt":{"rendered":"<p>3 propositions d&rsquo;itin\u00e9raires \u00e0 faire pendant votre s\u00e9jour \u00e0 l&rsquo;Hotel Platja d&rsquo;Aro Elle combat la s\u00e9dentarit\u00e9, am\u00e9liore la sant\u00e9 cardiovasculaire, renforce l&rsquo;estime de soi, aide \u00e0 socialiser, am\u00e9liore la qualit\u00e9 du sommeil, permet de d\u00e9couvrir des lieux&#8230; \u00c0 ce stade, nous n&rsquo;allons pas d\u00e9couvrir la longue liste des bienfaits de la randonn\u00e9e, mais il n&rsquo;est&hellip;&nbsp;<\/p>\n","protected":false},"author":1,"featured_media":8255,"comment_status":"","ping_status":"closed","sticky":false,"template":"","format":"standard","meta":{"_acf_changed":false,"neve_meta_sidebar":"","neve_meta_container":"","neve_meta_enable_content_width":"","neve_meta_content_width":0,"neve_meta_title_alignment":"","neve_meta_author_avatar":"","neve_post_elements_order":"","neve_meta_disable_header":"","neve_meta_disable_footer":"","neve_meta_disable_title":"","neve_meta_reading_time":"","footnotes":""},"categories":[80],"tags":[],"class_list":["post-8912","post","type-post","status-publish","format-standard","has-post-thumbnail","hentry","category-actualites"],"acf":[],"yoast_head":"<!-- This site is optimized with the Yoast SEO plugin v28.4 - https:\/\/yoast.com\/product\/yoast-seo-wordpress\/ -->\n<title>Randonn\u00e9e sur la Costa Brava\u00a0: des excursions \u00e0 ne jamais oublier | Hotel Platja d&#039;Aro<\/title>\n<meta name=\"robots\" content=\"index, follow, max-snippet:-1, max-image-preview:large, max-video-preview:-1\" \/>\n<link rel=\"canonical\" href=\"https:\/\/www.hplatjadaro.com\/fr\/randonnee-sur-la-costa-brava-des-excursions-a-ne-jamais-oublier\/\" \/>\n<meta property=\"og:locale\" content=\"fr_FR\" \/>\n<meta property=\"og:type\" content=\"article\" \/>\n<meta property=\"og:title\" content=\"Randonn\u00e9e sur la Costa Brava\u00a0: des excursions \u00e0 ne jamais oublier | Hotel Platja d&#039;Aro\" \/>\n<meta property=\"og:description\" content=\"3 propositions d&rsquo;itin\u00e9raires \u00e0 faire pendant votre s\u00e9jour \u00e0 l&rsquo;Hotel Platja d&rsquo;Aro Elle combat la s\u00e9dentarit\u00e9, am\u00e9liore la sant\u00e9 cardiovasculaire, renforce l&rsquo;estime de soi, aide \u00e0 socialiser, am\u00e9liore la qualit\u00e9 du sommeil, permet de d\u00e9couvrir des lieux&#8230; \u00c0 ce stade, nous n&rsquo;allons pas d\u00e9couvrir la longue liste des bienfaits de la randonn\u00e9e, mais il n&rsquo;est&hellip;&nbsp;\" \/>\n<meta property=\"og:url\" content=\"https:\/\/www.hplatjadaro.com\/fr\/randonnee-sur-la-costa-brava-des-excursions-a-ne-jamais-oublier\/\" \/>\n<meta property=\"og:site_name\" content=\"Hotel Platja d&#039;Aro\" \/>\n<meta property=\"article:published_time\" content=\"2026-07-02T08:35:25+00:00\" \/>\n<meta property=\"og:image\" content=\"https:\/\/www.hplatjadaro.com\/wp-content\/uploads\/2024\/04\/Aromar.jpg\" \/>\n\t<meta property=\"og:image:width\" content=\"1200\" \/>\n\t<meta property=\"og:image:height\" content=\"675\" \/>\n\t<meta property=\"og:image:type\" content=\"image\/jpeg\" \/>\n<meta name=\"author\" content=\"Comunicaci\u00f3 Integral Neorg\" \/>\n<meta name=\"twitter:card\" content=\"summary_large_image\" \/>\n<meta name=\"twitter:label1\" content=\"\u00c9crit par\" \/>\n\t<meta name=\"twitter:data1\" content=\"Comunicaci\u00f3 Integral Neorg\" \/>\n\t<meta name=\"twitter:label2\" content=\"Dur\u00e9e de lecture estim\u00e9e\" \/>\n\t<meta name=\"twitter:data2\" content=\"3 minutes\" \/>\n<script type=\"application\/ld+json\" class=\"yoast-schema-graph\">{\"@context\":\"https:\\\/\\\/schema.org\",\"@graph\":[{\"@type\":\"Article\",\"@id\":\"https:\\\/\\\/www.hplatjadaro.com\\\/fr\\\/randonnee-sur-la-costa-brava-des-excursions-a-ne-jamais-oublier\\\/#article\",\"isPartOf\":{\"@id\":\"https:\\\/\\\/www.hplatjadaro.com\\\/fr\\\/randonnee-sur-la-costa-brava-des-excursions-a-ne-jamais-oublier\\\/\"},\"author\":{\"name\":\"Comunicaci\u00f3 Integral Neorg\",\"@id\":\"https:\\\/\\\/www.hplatjadaro.com\\\/fr\\\/#\\\/schema\\\/person\\\/3b4dad233a49ff0bc5b42d830b3f7e53\"},\"headline\":\"Randonn\u00e9e sur la Costa Brava\u00a0: des excursions \u00e0 ne jamais oublier\",\"datePublished\":\"2026-07-02T08:35:25+00:00\",\"mainEntityOfPage\":{\"@id\":\"https:\\\/\\\/www.hplatjadaro.com\\\/fr\\\/randonnee-sur-la-costa-brava-des-excursions-a-ne-jamais-oublier\\\/\"},\"wordCount\":688,\"publisher\":{\"@id\":\"https:\\\/\\\/www.hplatjadaro.com\\\/fr\\\/#organization\"},\"image\":{\"@id\":\"https:\\\/\\\/www.hplatjadaro.com\\\/fr\\\/randonnee-sur-la-costa-brava-des-excursions-a-ne-jamais-oublier\\\/#primaryimage\"},\"thumbnailUrl\":\"https:\\\/\\\/www.hplatjadaro.com\\\/wp-content\\\/uploads\\\/2026\\\/07\\\/senderisme.jpg\",\"articleSection\":[\"Actualit\u00e9s\"],\"inLanguage\":\"fr-FR\"},{\"@type\":\"WebPage\",\"@id\":\"https:\\\/\\\/www.hplatjadaro.com\\\/fr\\\/randonnee-sur-la-costa-brava-des-excursions-a-ne-jamais-oublier\\\/\",\"url\":\"https:\\\/\\\/www.hplatjadaro.com\\\/fr\\\/randonnee-sur-la-costa-brava-des-excursions-a-ne-jamais-oublier\\\/\",\"name\":\"Randonn\u00e9e sur la Costa Brava\u00a0: des excursions \u00e0 ne jamais oublier | Hotel Platja d&#039;Aro\",\"isPartOf\":{\"@id\":\"https:\\\/\\\/www.hplatjadaro.com\\\/fr\\\/#website\"},\"primaryImageOfPage\":{\"@id\":\"https:\\\/\\\/www.hplatjadaro.com\\\/fr\\\/randonnee-sur-la-costa-brava-des-excursions-a-ne-jamais-oublier\\\/#primaryimage\"},\"image\":{\"@id\":\"https:\\\/\\\/www.hplatjadaro.com\\\/fr\\\/randonnee-sur-la-costa-brava-des-excursions-a-ne-jamais-oublier\\\/#primaryimage\"},\"thumbnailUrl\":\"https:\\\/\\\/www.hplatjadaro.com\\\/wp-content\\\/uploads\\\/2026\\\/07\\\/senderisme.jpg\",\"datePublished\":\"2026-07-02T08:35:25+00:00\",\"breadcrumb\":{\"@id\":\"https:\\\/\\\/www.hplatjadaro.com\\\/fr\\\/randonnee-sur-la-costa-brava-des-excursions-a-ne-jamais-oublier\\\/#breadcrumb\"},\"inLanguage\":\"fr-FR\",\"potentialAction\":[{\"@type\":\"ReadAction\",\"target\":[\"https:\\\/\\\/www.hplatjadaro.com\\\/fr\\\/randonnee-sur-la-costa-brava-des-excursions-a-ne-jamais-oublier\\\/\"]}]},{\"@type\":\"ImageObject\",\"inLanguage\":\"fr-FR\",\"@id\":\"https:\\\/\\\/www.hplatjadaro.com\\\/fr\\\/randonnee-sur-la-costa-brava-des-excursions-a-ne-jamais-oublier\\\/#primaryimage\",\"url\":\"https:\\\/\\\/www.hplatjadaro.com\\\/wp-content\\\/uploads\\\/2026\\\/07\\\/senderisme.jpg\",\"contentUrl\":\"https:\\\/\\\/www.hplatjadaro.com\\\/wp-content\\\/uploads\\\/2026\\\/07\\\/senderisme.jpg\",\"width\":2500,\"height\":1667},{\"@type\":\"BreadcrumbList\",\"@id\":\"https:\\\/\\\/www.hplatjadaro.com\\\/fr\\\/randonnee-sur-la-costa-brava-des-excursions-a-ne-jamais-oublier\\\/#breadcrumb\",\"itemListElement\":[{\"@type\":\"ListItem\",\"position\":1,\"name\":\"Portada\",\"item\":\"https:\\\/\\\/www.hplatjadaro.com\\\/fr\\\/\"},{\"@type\":\"ListItem\",\"position\":2,\"name\":\"Randonn\u00e9e sur la Costa Brava\u00a0: des excursions \u00e0 ne jamais oublier\"}]},{\"@type\":\"WebSite\",\"@id\":\"https:\\\/\\\/www.hplatjadaro.com\\\/fr\\\/#website\",\"url\":\"https:\\\/\\\/www.hplatjadaro.com\\\/fr\\\/\",\"name\":\"Aromar Hotels & Restaurants\",\"description\":\"Hotel familiar a Platja d&#039;Aro, Costa Brava\",\"publisher\":{\"@id\":\"https:\\\/\\\/www.hplatjadaro.com\\\/fr\\\/#organization\"},\"alternateName\":\"Aromar Hotels & Restaurants\",\"potentialAction\":[{\"@type\":\"SearchAction\",\"target\":{\"@type\":\"EntryPoint\",\"urlTemplate\":\"https:\\\/\\\/www.hplatjadaro.com\\\/fr\\\/?s={search_term_string}\"},\"query-input\":{\"@type\":\"PropertyValueSpecification\",\"valueRequired\":true,\"valueName\":\"search_term_string\"}}],\"inLanguage\":\"fr-FR\"},{\"@type\":\"Organization\",\"@id\":\"https:\\\/\\\/www.hplatjadaro.com\\\/fr\\\/#organization\",\"name\":\"Hotel Platja d'Aro\",\"alternateName\":\"Aromar Hotels\",\"url\":\"https:\\\/\\\/www.hplatjadaro.com\\\/fr\\\/\",\"logo\":{\"@type\":\"ImageObject\",\"inLanguage\":\"fr-FR\",\"@id\":\"https:\\\/\\\/www.hplatjadaro.com\\\/fr\\\/#\\\/schema\\\/logo\\\/image\\\/\",\"url\":\"https:\\\/\\\/www.hplatjadaro.com\\\/wp-content\\\/uploads\\\/2024\\\/04\\\/Aromar-2.jpg\",\"contentUrl\":\"https:\\\/\\\/www.hplatjadaro.com\\\/wp-content\\\/uploads\\\/2024\\\/04\\\/Aromar-2.jpg\",\"width\":696,\"height\":696,\"caption\":\"Hotel Platja d'Aro\"},\"image\":{\"@id\":\"https:\\\/\\\/www.hplatjadaro.com\\\/fr\\\/#\\\/schema\\\/logo\\\/image\\\/\"}},{\"@type\":\"Person\",\"@id\":\"https:\\\/\\\/www.hplatjadaro.com\\\/fr\\\/#\\\/schema\\\/person\\\/3b4dad233a49ff0bc5b42d830b3f7e53\",\"name\":\"Comunicaci\u00f3 Integral Neorg\",\"image\":{\"@type\":\"ImageObject\",\"inLanguage\":\"fr-FR\",\"@id\":\"https:\\\/\\\/secure.gravatar.com\\\/avatar\\\/709d3d8015183afa7401c02e2291a538cbfd4ffe62f4d86ce5f4871f22e86b09?s=96&d=mm&r=g\",\"url\":\"https:\\\/\\\/secure.gravatar.com\\\/avatar\\\/709d3d8015183afa7401c02e2291a538cbfd4ffe62f4d86ce5f4871f22e86b09?s=96&d=mm&r=g\",\"contentUrl\":\"https:\\\/\\\/secure.gravatar.com\\\/avatar\\\/709d3d8015183afa7401c02e2291a538cbfd4ffe62f4d86ce5f4871f22e86b09?s=96&d=mm&r=g\",\"caption\":\"Comunicaci\u00f3 Integral Neorg\"},\"sameAs\":[\"https:\\\/\\\/www.hplatjadaro.com\"]}]}<\/script>\n<!-- \/ Yoast SEO plugin. -->","yoast_head_json":{"title":"Randonn\u00e9e sur la Costa Brava\u00a0: des excursions \u00e0 ne jamais oublier | Hotel Platja d&#039;Aro","robots":{"index":"index","follow":"follow","max-snippet":"max-snippet:-1","max-image-preview":"max-image-preview:large","max-video-preview":"max-video-preview:-1"},"canonical":"https:\/\/www.hplatjadaro.com\/fr\/randonnee-sur-la-costa-brava-des-excursions-a-ne-jamais-oublier\/","og_locale":"fr_FR","og_type":"article","og_title":"Randonn\u00e9e sur la Costa Brava\u00a0: des excursions \u00e0 ne jamais oublier | Hotel Platja d&#039;Aro","og_description":"3 propositions d&rsquo;itin\u00e9raires \u00e0 faire pendant votre s\u00e9jour \u00e0 l&rsquo;Hotel Platja d&rsquo;Aro Elle combat la s\u00e9dentarit\u00e9, am\u00e9liore la sant\u00e9 cardiovasculaire, renforce l&rsquo;estime de soi, aide \u00e0 socialiser, am\u00e9liore la qualit\u00e9 du sommeil, permet de d\u00e9couvrir des lieux&#8230; \u00c0 ce stade, nous n&rsquo;allons pas d\u00e9couvrir la longue liste des bienfaits de la randonn\u00e9e, mais il n&rsquo;est&hellip;&nbsp;","og_url":"https:\/\/www.hplatjadaro.com\/fr\/randonnee-sur-la-costa-brava-des-excursions-a-ne-jamais-oublier\/","og_site_name":"Hotel Platja d&#039;Aro","article_published_time":"2026-07-02T08:35:25+00:00","og_image":[{"width":1200,"height":675,"url":"https:\/\/www.hplatjadaro.com\/wp-content\/uploads\/2024\/04\/Aromar.jpg","type":"image\/jpeg"}],"author":"Comunicaci\u00f3 Integral Neorg","twitter_card":"summary_large_image","twitter_misc":{"\u00c9crit par":"Comunicaci\u00f3 Integral Neorg","Dur\u00e9e de lecture estim\u00e9e":"3 minutes"},"schema":{"@context":"https:\/\/schema.org","@graph":[{"@type":"Article","@id":"https:\/\/www.hplatjadaro.com\/fr\/randonnee-sur-la-costa-brava-des-excursions-a-ne-jamais-oublier\/#article","isPartOf":{"@id":"https:\/\/www.hplatjadaro.com\/fr\/randonnee-sur-la-costa-brava-des-excursions-a-ne-jamais-oublier\/"},"author":{"name":"Comunicaci\u00f3 Integral Neorg","@id":"https:\/\/www.hplatjadaro.com\/fr\/#\/schema\/person\/3b4dad233a49ff0bc5b42d830b3f7e53"},"headline":"Randonn\u00e9e sur la Costa Brava\u00a0: des excursions \u00e0 ne jamais oublier","datePublished":"2026-07-02T08:35:25+00:00","mainEntityOfPage":{"@id":"https:\/\/www.hplatjadaro.com\/fr\/randonnee-sur-la-costa-brava-des-excursions-a-ne-jamais-oublier\/"},"wordCount":688,"publisher":{"@id":"https:\/\/www.hplatjadaro.com\/fr\/#organization"},"image":{"@id":"https:\/\/www.hplatjadaro.com\/fr\/randonnee-sur-la-costa-brava-des-excursions-a-ne-jamais-oublier\/#primaryimage"},"thumbnailUrl":"https:\/\/www.hplatjadaro.com\/wp-content\/uploads\/2026\/07\/senderisme.jpg","articleSection":["Actualit\u00e9s"],"inLanguage":"fr-FR"},{"@type":"WebPage","@id":"https:\/\/www.hplatjadaro.com\/fr\/randonnee-sur-la-costa-brava-des-excursions-a-ne-jamais-oublier\/","url":"https:\/\/www.hplatjadaro.com\/fr\/randonnee-sur-la-costa-brava-des-excursions-a-ne-jamais-oublier\/","name":"Randonn\u00e9e sur la Costa Brava\u00a0: des excursions \u00e0 ne jamais oublier | Hotel Platja d&#039;Aro","isPartOf":{"@id":"https:\/\/www.hplatjadaro.com\/fr\/#website"},"primaryImageOfPage":{"@id":"https:\/\/www.hplatjadaro.com\/fr\/randonnee-sur-la-costa-brava-des-excursions-a-ne-jamais-oublier\/#primaryimage"},"image":{"@id":"https:\/\/www.hplatjadaro.com\/fr\/randonnee-sur-la-costa-brava-des-excursions-a-ne-jamais-oublier\/#primaryimage"},"thumbnailUrl":"https:\/\/www.hplatjadaro.com\/wp-content\/uploads\/2026\/07\/senderisme.jpg","datePublished":"2026-07-02T08:35:25+00:00","breadcrumb":{"@id":"https:\/\/www.hplatjadaro.com\/fr\/randonnee-sur-la-costa-brava-des-excursions-a-ne-jamais-oublier\/#breadcrumb"},"inLanguage":"fr-FR","potentialAction":[{"@type":"ReadAction","target":["https:\/\/www.hplatjadaro.com\/fr\/randonnee-sur-la-costa-brava-des-excursions-a-ne-jamais-oublier\/"]}]},{"@type":"ImageObject","inLanguage":"fr-FR","@id":"https:\/\/www.hplatjadaro.com\/fr\/randonnee-sur-la-costa-brava-des-excursions-a-ne-jamais-oublier\/#primaryimage","url":"https:\/\/www.hplatjadaro.com\/wp-content\/uploads\/2026\/07\/senderisme.jpg","contentUrl":"https:\/\/www.hplatjadaro.com\/wp-content\/uploads\/2026\/07\/senderisme.jpg","width":2500,"height":1667},{"@type":"BreadcrumbList","@id":"https:\/\/www.hplatjadaro.com\/fr\/randonnee-sur-la-costa-brava-des-excursions-a-ne-jamais-oublier\/#breadcrumb","itemListElement":[{"@type":"ListItem","position":1,"name":"Portada","item":"https:\/\/www.hplatjadaro.com\/fr\/"},{"@type":"ListItem","position":2,"name":"Randonn\u00e9e sur la Costa Brava\u00a0: des excursions \u00e0 ne jamais oublier"}]},{"@type":"WebSite","@id":"https:\/\/www.hplatjadaro.com\/fr\/#website","url":"https:\/\/www.hplatjadaro.com\/fr\/","name":"Aromar Hotels & Restaurants","description":"Hotel familiar a Platja d&#039;Aro, Costa Brava","publisher":{"@id":"https:\/\/www.hplatjadaro.com\/fr\/#organization"},"alternateName":"Aromar Hotels & Restaurants","potentialAction":[{"@type":"SearchAction","target":{"@type":"EntryPoint","urlTemplate":"https:\/\/www.hplatjadaro.com\/fr\/?s={search_term_string}"},"query-input":{"@type":"PropertyValueSpecification","valueRequired":true,"valueName":"search_term_string"}}],"inLanguage":"fr-FR"},{"@type":"Organization","@id":"https:\/\/www.hplatjadaro.com\/fr\/#organization","name":"Hotel Platja d'Aro","alternateName":"Aromar Hotels","url":"https:\/\/www.hplatjadaro.com\/fr\/","logo":{"@type":"ImageObject","inLanguage":"fr-FR","@id":"https:\/\/www.hplatjadaro.com\/fr\/#\/schema\/logo\/image\/","url":"https:\/\/www.hplatjadaro.com\/wp-content\/uploads\/2024\/04\/Aromar-2.jpg","contentUrl":"https:\/\/www.hplatjadaro.com\/wp-content\/uploads\/2024\/04\/Aromar-2.jpg","width":696,"height":696,"caption":"Hotel Platja d'Aro"},"image":{"@id":"https:\/\/www.hplatjadaro.com\/fr\/#\/schema\/logo\/image\/"}},{"@type":"Person","@id":"https:\/\/www.hplatjadaro.com\/fr\/#\/schema\/person\/3b4dad233a49ff0bc5b42d830b3f7e53","name":"Comunicaci\u00f3 Integral Neorg","image":{"@type":"ImageObject","inLanguage":"fr-FR","@id":"https:\/\/secure.gravatar.com\/avatar\/709d3d8015183afa7401c02e2291a538cbfd4ffe62f4d86ce5f4871f22e86b09?s=96&d=mm&r=g","url":"https:\/\/secure.gravatar.com\/avatar\/709d3d8015183afa7401c02e2291a538cbfd4ffe62f4d86ce5f4871f22e86b09?s=96&d=mm&r=g","contentUrl":"https:\/\/secure.gravatar.com\/avatar\/709d3d8015183afa7401c02e2291a538cbfd4ffe62f4d86ce5f4871f22e86b09?s=96&d=mm&r=g","caption":"Comunicaci\u00f3 Integral Neorg"},"sameAs":["https:\/\/www.hplatjadaro.com"]}]}},"_links":{"self":[{"href":"https:\/\/www.hplatjadaro.com\/fr\/wp-json\/wp\/v2\/posts\/8912","targetHints":{"allow":["GET"]}}],"collection":[{"href":"https:\/\/www.hplatjadaro.com\/fr\/wp-json\/wp\/v2\/posts"}],"about":[{"href":"https:\/\/www.hplatjadaro.com\/fr\/wp-json\/wp\/v2\/types\/post"}],"author":[{"embeddable":true,"href":"https:\/\/www.hplatjadaro.com\/fr\/wp-json\/wp\/v2\/users\/1"}],"replies":[{"embeddable":true,"href":"https:\/\/www.hplatjadaro.com\/fr\/wp-json\/wp\/v2\/comments?post=8912"}],"version-history":[{"count":0,"href":"https:\/\/www.hplatjadaro.com\/fr\/wp-json\/wp\/v2\/posts\/8912\/revisions"}],"wp:featuredmedia":[{"embeddable":true,"href":"https:\/\/www.hplatjadaro.com\/fr\/wp-json\/wp\/v2\/media\/8255"}],"wp:attachment":[{"href":"https:\/\/www.hplatjadaro.com\/fr\/wp-json\/wp\/v2\/media?parent=8912"}],"wp:term":[{"taxonomy":"category","embeddable":true,"href":"https:\/\/www.hplatjadaro.com\/fr\/wp-json\/wp\/v2\/categories?post=8912"},{"taxonomy":"post_tag","embeddable":true,"href":"https:\/\/www.hplatjadaro.com\/fr\/wp-json\/wp\/v2\/tags?post=8912"}],"curies":[{"name":"wp","href":"https:\/\/api.w.org\/{rel}","templated":true}]}}