{"id":8916,"date":"2026-07-02T10:35:25","date_gmt":"2026-07-02T08:35:25","guid":{"rendered":"https:\/\/www.hplatjadaro.com\/tourisme-de-nature-iles-medes-le-montgri-et-les-gavarres\/"},"modified":"2026-07-02T10:35:25","modified_gmt":"2026-07-02T08:35:25","slug":"tourisme-de-nature-iles-medes-le-montgri-et-les-gavarres","status":"publish","type":"post","link":"https:\/\/www.hplatjadaro.com\/fr\/tourisme-de-nature-iles-medes-le-montgri-et-les-gavarres\/","title":{"rendered":"Tourisme de nature\u00a0: \u00celes Medes, le Montgr\u00ed et Les Gavarres"},"content":{"rendered":"<p class=\"p1\"><em>D\u00e9couvrez la nature de la Costa Brava depuis Platja d&rsquo;Aro<\/em><\/p>\n<p class=\"p1\">Le tourisme de nature est une <strong>tendance en hausse sur la Costa Brava<\/strong>. De plus en plus de visiteurs sont curieux de d\u00e9couvrir sa richesse culturelle et gastronomique dont, bien s\u00fbr, on peut se vanter.<\/p>\n<p class=\"p1\">Les plages, la flore, la faune ou le climat sont les pierres angulaires du littoral nord de la Catalogne dans sa consolidation comme l&rsquo;une des <strong>destinations de vacances par excellence<\/strong> de toute l&rsquo;Europe.<\/p>\n<p class=\"p1\">Ci-dessous, nous passons en revue trois lieux dont l&rsquo;importance n&rsquo;est comparable qu&rsquo;\u00e0 leur valeur. Ils encouragent l&rsquo;<strong>amour de la nature<\/strong> et nous permettent de comprendre l&rsquo;ampleur des ressources naturelles, ainsi que la beaut\u00e9 de leurs paysages qui n&rsquo;ont rien \u00e0 envier aux destinations les plus exotiques.<\/p>\n<h2 class=\"p1\">Les \u00celes Medes<\/h2>\n<p class=\"p1\">L&rsquo;archipel des Medes \u00e0 L&rsquo;Estartit compte sept \u00eelots. C&rsquo;est l&rsquo;une des r\u00e9serves de flore et de faune marines les plus importantes de la M\u00e9diterran\u00e9e et un lieu de grande valeur pour les amateurs de plong\u00e9e. Pendant 20 ans, les travaux de protection men\u00e9s ont permis une r\u00e9cup\u00e9ration de la richesse de son fond marin, de son milieu aquatique et de son milieu terrestre.<\/p>\n<p class=\"p1\">Vous pouvez les d\u00e9couvrir en voyageant \u00e0 bord des bateaux \u00e0 fond de verre propos\u00e9s dans la zone. Vous pouvez aussi r\u00e9aliser un grand nombre d&rsquo;activit\u00e9s nautiques et subaquatiques conformes aux r\u00e9glementations relatives \u00e0 la pr\u00e9servation de cet espace naturel.<\/p>\n<h2 class=\"p1\">Le Montgr\u00ed<\/h2>\n<p class=\"p1\">Le massif du Montgr\u00ed se situe entre le Baix et l&rsquo;Alt Empord\u00e0. Ses vues sont imbattables\u00a0: on peut observer un grand panorama depuis le Canig\u00f3, en passant par la baie de Roses et la Sierra de Rodes, la c\u00f4te de L&rsquo;Estartit et les \u00celes Medes, et m\u00eame la plaine et l&#8217;embouchure du fleuve Ter.<\/p>\n<p class=\"p1\">En chemin, vous trouverez une grande vari\u00e9t\u00e9 de flore prot\u00e9g\u00e9e, des ermitages en ruines, des dunes et des sentiers. C&rsquo;est un espace vierge excellent, ce qui en fait un \u00e9l\u00e9ment valorisant de cet environnement.<\/p>\n<h2 class=\"p1\">Les Gavarres<\/h2>\n<p class=\"p1\">Le massif des Gavarres se trouve entre les comarques du Baix Empord\u00e0 et du Giron\u00e8s. Il couvre une grande \u00e9tendue et un bon nombre de communes\u00a0: Castell d&rsquo;Aro, Calonge, Monells, Forallac, La Bisbal, Palafrugell, Palam\u00f3s, Girona, Madremanya ou Llagostera, entre autres.<\/p>\n<p class=\"p1\">Sa for\u00eat d&rsquo;un vert fonc\u00e9 intense abrite une grande diversit\u00e9 de faune vert\u00e9br\u00e9e et invert\u00e9br\u00e9e. Les zones humides sont habit\u00e9es par des amphibiens\u00a0; on y trouve aussi des oiseaux et des rapaces, comme le rouge-gorge ou l&rsquo;\u00e9pervier. Les ch\u00eanes verts, les ch\u00eanes-li\u00e8ges ou les pins parasols ne manquent pas non plus. Sans aucun doute, un lieu id\u00e9al pour faire de la randonn\u00e9e ou du v\u00e9lo.<\/p>\n<p class=\"p1\">\u00c0 l&rsquo;Hotel Platja d&rsquo;Aro, nous vous offrirons toutes les informations dont vous avez besoin, en plus de vous g\u00e9rer tout l&rsquo;\u00e9quipement que vous nous demanderez. Profiter de la nature n&rsquo;a jamais \u00e9t\u00e9 aussi facile.<\/p>\n","protected":false},"excerpt":{"rendered":"<p>D\u00e9couvrez la nature de la Costa Brava depuis Platja d&rsquo;Aro Le tourisme de nature est une tendance en hausse sur la Costa Brava. De plus en plus de visiteurs sont curieux de d\u00e9couvrir sa richesse culturelle et gastronomique dont, bien s\u00fbr, on peut se vanter. Les plages, la flore, la faune ou le climat sont&hellip;&nbsp;<\/p>\n","protected":false},"author":1,"featured_media":8257,"comment_status":"","ping_status":"closed","sticky":false,"template":"","format":"standard","meta":{"_acf_changed":false,"neve_meta_sidebar":"","neve_meta_container":"","neve_meta_enable_content_width":"","neve_meta_content_width":0,"neve_meta_title_alignment":"","neve_meta_author_avatar":"","neve_post_elements_order":"","neve_meta_disable_header":"","neve_meta_disable_footer":"","neve_meta_disable_title":"","neve_meta_reading_time":"","footnotes":""},"categories":[80],"tags":[],"class_list":["post-8916","post","type-post","status-publish","format-standard","has-post-thumbnail","hentry","category-actualites"],"acf":[],"yoast_head":"<!-- This site is optimized with the Yoast SEO plugin v28.4 - https:\/\/yoast.com\/product\/yoast-seo-wordpress\/ -->\n<title>Tourisme de nature\u00a0: \u00celes Medes, le Montgr\u00ed et Les Gavarres | Hotel Platja d&#039;Aro<\/title>\n<meta name=\"robots\" content=\"index, follow, max-snippet:-1, max-image-preview:large, max-video-preview:-1\" \/>\n<link rel=\"canonical\" href=\"https:\/\/www.hplatjadaro.com\/fr\/tourisme-de-nature-iles-medes-le-montgri-et-les-gavarres\/\" \/>\n<meta property=\"og:locale\" content=\"fr_FR\" \/>\n<meta property=\"og:type\" content=\"article\" \/>\n<meta property=\"og:title\" content=\"Tourisme de nature\u00a0: \u00celes Medes, le Montgr\u00ed et Les Gavarres | Hotel Platja d&#039;Aro\" \/>\n<meta property=\"og:description\" content=\"D\u00e9couvrez la nature de la Costa Brava depuis Platja d&rsquo;Aro Le tourisme de nature est une tendance en hausse sur la Costa Brava. De plus en plus de visiteurs sont curieux de d\u00e9couvrir sa richesse culturelle et gastronomique dont, bien s\u00fbr, on peut se vanter. Les plages, la flore, la faune ou le climat sont&hellip;&nbsp;\" \/>\n<meta property=\"og:url\" content=\"https:\/\/www.hplatjadaro.com\/fr\/tourisme-de-nature-iles-medes-le-montgri-et-les-gavarres\/\" \/>\n<meta property=\"og:site_name\" content=\"Hotel Platja d&#039;Aro\" \/>\n<meta property=\"article:published_time\" content=\"2026-07-02T08:35:25+00:00\" \/>\n<meta property=\"og:image\" content=\"https:\/\/www.hplatjadaro.com\/wp-content\/uploads\/2024\/04\/Aromar.jpg\" \/>\n\t<meta property=\"og:image:width\" content=\"1200\" \/>\n\t<meta property=\"og:image:height\" content=\"675\" \/>\n\t<meta property=\"og:image:type\" content=\"image\/jpeg\" \/>\n<meta name=\"author\" content=\"Comunicaci\u00f3 Integral Neorg\" \/>\n<meta name=\"twitter:card\" content=\"summary_large_image\" \/>\n<meta name=\"twitter:label1\" content=\"\u00c9crit par\" \/>\n\t<meta name=\"twitter:data1\" content=\"Comunicaci\u00f3 Integral Neorg\" \/>\n\t<meta name=\"twitter:label2\" content=\"Dur\u00e9e de lecture estim\u00e9e\" \/>\n\t<meta name=\"twitter:data2\" content=\"2 minutes\" \/>\n<script type=\"application\/ld+json\" class=\"yoast-schema-graph\">{\"@context\":\"https:\\\/\\\/schema.org\",\"@graph\":[{\"@type\":\"Article\",\"@id\":\"https:\\\/\\\/www.hplatjadaro.com\\\/fr\\\/tourisme-de-nature-iles-medes-le-montgri-et-les-gavarres\\\/#article\",\"isPartOf\":{\"@id\":\"https:\\\/\\\/www.hplatjadaro.com\\\/fr\\\/tourisme-de-nature-iles-medes-le-montgri-et-les-gavarres\\\/\"},\"author\":{\"name\":\"Comunicaci\u00f3 Integral Neorg\",\"@id\":\"https:\\\/\\\/www.hplatjadaro.com\\\/fr\\\/#\\\/schema\\\/person\\\/3b4dad233a49ff0bc5b42d830b3f7e53\"},\"headline\":\"Tourisme de nature\u00a0: \u00celes Medes, le Montgr\u00ed et Les Gavarres\",\"datePublished\":\"2026-07-02T08:35:25+00:00\",\"mainEntityOfPage\":{\"@id\":\"https:\\\/\\\/www.hplatjadaro.com\\\/fr\\\/tourisme-de-nature-iles-medes-le-montgri-et-les-gavarres\\\/\"},\"wordCount\":526,\"publisher\":{\"@id\":\"https:\\\/\\\/www.hplatjadaro.com\\\/fr\\\/#organization\"},\"image\":{\"@id\":\"https:\\\/\\\/www.hplatjadaro.com\\\/fr\\\/tourisme-de-nature-iles-medes-le-montgri-et-les-gavarres\\\/#primaryimage\"},\"thumbnailUrl\":\"https:\\\/\\\/www.hplatjadaro.com\\\/wp-content\\\/uploads\\\/2026\\\/07\\\/turismo_naturaleza.jpg\",\"articleSection\":[\"Actualit\u00e9s\"],\"inLanguage\":\"fr-FR\"},{\"@type\":\"WebPage\",\"@id\":\"https:\\\/\\\/www.hplatjadaro.com\\\/fr\\\/tourisme-de-nature-iles-medes-le-montgri-et-les-gavarres\\\/\",\"url\":\"https:\\\/\\\/www.hplatjadaro.com\\\/fr\\\/tourisme-de-nature-iles-medes-le-montgri-et-les-gavarres\\\/\",\"name\":\"Tourisme de nature\u00a0: \u00celes Medes, le Montgr\u00ed et Les Gavarres | Hotel Platja d&#039;Aro\",\"isPartOf\":{\"@id\":\"https:\\\/\\\/www.hplatjadaro.com\\\/fr\\\/#website\"},\"primaryImageOfPage\":{\"@id\":\"https:\\\/\\\/www.hplatjadaro.com\\\/fr\\\/tourisme-de-nature-iles-medes-le-montgri-et-les-gavarres\\\/#primaryimage\"},\"image\":{\"@id\":\"https:\\\/\\\/www.hplatjadaro.com\\\/fr\\\/tourisme-de-nature-iles-medes-le-montgri-et-les-gavarres\\\/#primaryimage\"},\"thumbnailUrl\":\"https:\\\/\\\/www.hplatjadaro.com\\\/wp-content\\\/uploads\\\/2026\\\/07\\\/turismo_naturaleza.jpg\",\"datePublished\":\"2026-07-02T08:35:25+00:00\",\"breadcrumb\":{\"@id\":\"https:\\\/\\\/www.hplatjadaro.com\\\/fr\\\/tourisme-de-nature-iles-medes-le-montgri-et-les-gavarres\\\/#breadcrumb\"},\"inLanguage\":\"fr-FR\",\"potentialAction\":[{\"@type\":\"ReadAction\",\"target\":[\"https:\\\/\\\/www.hplatjadaro.com\\\/fr\\\/tourisme-de-nature-iles-medes-le-montgri-et-les-gavarres\\\/\"]}]},{\"@type\":\"ImageObject\",\"inLanguage\":\"fr-FR\",\"@id\":\"https:\\\/\\\/www.hplatjadaro.com\\\/fr\\\/tourisme-de-nature-iles-medes-le-montgri-et-les-gavarres\\\/#primaryimage\",\"url\":\"https:\\\/\\\/www.hplatjadaro.com\\\/wp-content\\\/uploads\\\/2026\\\/07\\\/turismo_naturaleza.jpg\",\"contentUrl\":\"https:\\\/\\\/www.hplatjadaro.com\\\/wp-content\\\/uploads\\\/2026\\\/07\\\/turismo_naturaleza.jpg\",\"width\":2144,\"height\":1424},{\"@type\":\"BreadcrumbList\",\"@id\":\"https:\\\/\\\/www.hplatjadaro.com\\\/fr\\\/tourisme-de-nature-iles-medes-le-montgri-et-les-gavarres\\\/#breadcrumb\",\"itemListElement\":[{\"@type\":\"ListItem\",\"position\":1,\"name\":\"Portada\",\"item\":\"https:\\\/\\\/www.hplatjadaro.com\\\/fr\\\/\"},{\"@type\":\"ListItem\",\"position\":2,\"name\":\"Tourisme de nature\u00a0: \u00celes Medes, le Montgr\u00ed et Les Gavarres\"}]},{\"@type\":\"WebSite\",\"@id\":\"https:\\\/\\\/www.hplatjadaro.com\\\/fr\\\/#website\",\"url\":\"https:\\\/\\\/www.hplatjadaro.com\\\/fr\\\/\",\"name\":\"Aromar Hotels & Restaurants\",\"description\":\"Hotel familiar a Platja d&#039;Aro, Costa Brava\",\"publisher\":{\"@id\":\"https:\\\/\\\/www.hplatjadaro.com\\\/fr\\\/#organization\"},\"alternateName\":\"Aromar Hotels & Restaurants\",\"potentialAction\":[{\"@type\":\"SearchAction\",\"target\":{\"@type\":\"EntryPoint\",\"urlTemplate\":\"https:\\\/\\\/www.hplatjadaro.com\\\/fr\\\/?s={search_term_string}\"},\"query-input\":{\"@type\":\"PropertyValueSpecification\",\"valueRequired\":true,\"valueName\":\"search_term_string\"}}],\"inLanguage\":\"fr-FR\"},{\"@type\":\"Organization\",\"@id\":\"https:\\\/\\\/www.hplatjadaro.com\\\/fr\\\/#organization\",\"name\":\"Hotel Platja d'Aro\",\"alternateName\":\"Aromar Hotels\",\"url\":\"https:\\\/\\\/www.hplatjadaro.com\\\/fr\\\/\",\"logo\":{\"@type\":\"ImageObject\",\"inLanguage\":\"fr-FR\",\"@id\":\"https:\\\/\\\/www.hplatjadaro.com\\\/fr\\\/#\\\/schema\\\/logo\\\/image\\\/\",\"url\":\"https:\\\/\\\/www.hplatjadaro.com\\\/wp-content\\\/uploads\\\/2024\\\/04\\\/Aromar-2.jpg\",\"contentUrl\":\"https:\\\/\\\/www.hplatjadaro.com\\\/wp-content\\\/uploads\\\/2024\\\/04\\\/Aromar-2.jpg\",\"width\":696,\"height\":696,\"caption\":\"Hotel Platja d'Aro\"},\"image\":{\"@id\":\"https:\\\/\\\/www.hplatjadaro.com\\\/fr\\\/#\\\/schema\\\/logo\\\/image\\\/\"}},{\"@type\":\"Person\",\"@id\":\"https:\\\/\\\/www.hplatjadaro.com\\\/fr\\\/#\\\/schema\\\/person\\\/3b4dad233a49ff0bc5b42d830b3f7e53\",\"name\":\"Comunicaci\u00f3 Integral Neorg\",\"image\":{\"@type\":\"ImageObject\",\"inLanguage\":\"fr-FR\",\"@id\":\"https:\\\/\\\/secure.gravatar.com\\\/avatar\\\/709d3d8015183afa7401c02e2291a538cbfd4ffe62f4d86ce5f4871f22e86b09?s=96&d=mm&r=g\",\"url\":\"https:\\\/\\\/secure.gravatar.com\\\/avatar\\\/709d3d8015183afa7401c02e2291a538cbfd4ffe62f4d86ce5f4871f22e86b09?s=96&d=mm&r=g\",\"contentUrl\":\"https:\\\/\\\/secure.gravatar.com\\\/avatar\\\/709d3d8015183afa7401c02e2291a538cbfd4ffe62f4d86ce5f4871f22e86b09?s=96&d=mm&r=g\",\"caption\":\"Comunicaci\u00f3 Integral Neorg\"},\"sameAs\":[\"https:\\\/\\\/www.hplatjadaro.com\"]}]}<\/script>\n<!-- \/ Yoast SEO plugin. -->","yoast_head_json":{"title":"Tourisme de nature\u00a0: \u00celes Medes, le Montgr\u00ed et Les Gavarres | Hotel Platja d&#039;Aro","robots":{"index":"index","follow":"follow","max-snippet":"max-snippet:-1","max-image-preview":"max-image-preview:large","max-video-preview":"max-video-preview:-1"},"canonical":"https:\/\/www.hplatjadaro.com\/fr\/tourisme-de-nature-iles-medes-le-montgri-et-les-gavarres\/","og_locale":"fr_FR","og_type":"article","og_title":"Tourisme de nature\u00a0: \u00celes Medes, le Montgr\u00ed et Les Gavarres | Hotel Platja d&#039;Aro","og_description":"D\u00e9couvrez la nature de la Costa Brava depuis Platja d&rsquo;Aro Le tourisme de nature est une tendance en hausse sur la Costa Brava. De plus en plus de visiteurs sont curieux de d\u00e9couvrir sa richesse culturelle et gastronomique dont, bien s\u00fbr, on peut se vanter. Les plages, la flore, la faune ou le climat sont&hellip;&nbsp;","og_url":"https:\/\/www.hplatjadaro.com\/fr\/tourisme-de-nature-iles-medes-le-montgri-et-les-gavarres\/","og_site_name":"Hotel Platja d&#039;Aro","article_published_time":"2026-07-02T08:35:25+00:00","og_image":[{"width":1200,"height":675,"url":"https:\/\/www.hplatjadaro.com\/wp-content\/uploads\/2024\/04\/Aromar.jpg","type":"image\/jpeg"}],"author":"Comunicaci\u00f3 Integral Neorg","twitter_card":"summary_large_image","twitter_misc":{"\u00c9crit par":"Comunicaci\u00f3 Integral Neorg","Dur\u00e9e de lecture estim\u00e9e":"2 minutes"},"schema":{"@context":"https:\/\/schema.org","@graph":[{"@type":"Article","@id":"https:\/\/www.hplatjadaro.com\/fr\/tourisme-de-nature-iles-medes-le-montgri-et-les-gavarres\/#article","isPartOf":{"@id":"https:\/\/www.hplatjadaro.com\/fr\/tourisme-de-nature-iles-medes-le-montgri-et-les-gavarres\/"},"author":{"name":"Comunicaci\u00f3 Integral Neorg","@id":"https:\/\/www.hplatjadaro.com\/fr\/#\/schema\/person\/3b4dad233a49ff0bc5b42d830b3f7e53"},"headline":"Tourisme de nature\u00a0: \u00celes Medes, le Montgr\u00ed et Les Gavarres","datePublished":"2026-07-02T08:35:25+00:00","mainEntityOfPage":{"@id":"https:\/\/www.hplatjadaro.com\/fr\/tourisme-de-nature-iles-medes-le-montgri-et-les-gavarres\/"},"wordCount":526,"publisher":{"@id":"https:\/\/www.hplatjadaro.com\/fr\/#organization"},"image":{"@id":"https:\/\/www.hplatjadaro.com\/fr\/tourisme-de-nature-iles-medes-le-montgri-et-les-gavarres\/#primaryimage"},"thumbnailUrl":"https:\/\/www.hplatjadaro.com\/wp-content\/uploads\/2026\/07\/turismo_naturaleza.jpg","articleSection":["Actualit\u00e9s"],"inLanguage":"fr-FR"},{"@type":"WebPage","@id":"https:\/\/www.hplatjadaro.com\/fr\/tourisme-de-nature-iles-medes-le-montgri-et-les-gavarres\/","url":"https:\/\/www.hplatjadaro.com\/fr\/tourisme-de-nature-iles-medes-le-montgri-et-les-gavarres\/","name":"Tourisme de nature\u00a0: \u00celes Medes, le Montgr\u00ed et Les Gavarres | Hotel Platja d&#039;Aro","isPartOf":{"@id":"https:\/\/www.hplatjadaro.com\/fr\/#website"},"primaryImageOfPage":{"@id":"https:\/\/www.hplatjadaro.com\/fr\/tourisme-de-nature-iles-medes-le-montgri-et-les-gavarres\/#primaryimage"},"image":{"@id":"https:\/\/www.hplatjadaro.com\/fr\/tourisme-de-nature-iles-medes-le-montgri-et-les-gavarres\/#primaryimage"},"thumbnailUrl":"https:\/\/www.hplatjadaro.com\/wp-content\/uploads\/2026\/07\/turismo_naturaleza.jpg","datePublished":"2026-07-02T08:35:25+00:00","breadcrumb":{"@id":"https:\/\/www.hplatjadaro.com\/fr\/tourisme-de-nature-iles-medes-le-montgri-et-les-gavarres\/#breadcrumb"},"inLanguage":"fr-FR","potentialAction":[{"@type":"ReadAction","target":["https:\/\/www.hplatjadaro.com\/fr\/tourisme-de-nature-iles-medes-le-montgri-et-les-gavarres\/"]}]},{"@type":"ImageObject","inLanguage":"fr-FR","@id":"https:\/\/www.hplatjadaro.com\/fr\/tourisme-de-nature-iles-medes-le-montgri-et-les-gavarres\/#primaryimage","url":"https:\/\/www.hplatjadaro.com\/wp-content\/uploads\/2026\/07\/turismo_naturaleza.jpg","contentUrl":"https:\/\/www.hplatjadaro.com\/wp-content\/uploads\/2026\/07\/turismo_naturaleza.jpg","width":2144,"height":1424},{"@type":"BreadcrumbList","@id":"https:\/\/www.hplatjadaro.com\/fr\/tourisme-de-nature-iles-medes-le-montgri-et-les-gavarres\/#breadcrumb","itemListElement":[{"@type":"ListItem","position":1,"name":"Portada","item":"https:\/\/www.hplatjadaro.com\/fr\/"},{"@type":"ListItem","position":2,"name":"Tourisme de nature\u00a0: \u00celes Medes, le Montgr\u00ed et Les Gavarres"}]},{"@type":"WebSite","@id":"https:\/\/www.hplatjadaro.com\/fr\/#website","url":"https:\/\/www.hplatjadaro.com\/fr\/","name":"Aromar Hotels & Restaurants","description":"Hotel familiar a Platja d&#039;Aro, Costa Brava","publisher":{"@id":"https:\/\/www.hplatjadaro.com\/fr\/#organization"},"alternateName":"Aromar Hotels & Restaurants","potentialAction":[{"@type":"SearchAction","target":{"@type":"EntryPoint","urlTemplate":"https:\/\/www.hplatjadaro.com\/fr\/?s={search_term_string}"},"query-input":{"@type":"PropertyValueSpecification","valueRequired":true,"valueName":"search_term_string"}}],"inLanguage":"fr-FR"},{"@type":"Organization","@id":"https:\/\/www.hplatjadaro.com\/fr\/#organization","name":"Hotel Platja d'Aro","alternateName":"Aromar Hotels","url":"https:\/\/www.hplatjadaro.com\/fr\/","logo":{"@type":"ImageObject","inLanguage":"fr-FR","@id":"https:\/\/www.hplatjadaro.com\/fr\/#\/schema\/logo\/image\/","url":"https:\/\/www.hplatjadaro.com\/wp-content\/uploads\/2024\/04\/Aromar-2.jpg","contentUrl":"https:\/\/www.hplatjadaro.com\/wp-content\/uploads\/2024\/04\/Aromar-2.jpg","width":696,"height":696,"caption":"Hotel Platja d'Aro"},"image":{"@id":"https:\/\/www.hplatjadaro.com\/fr\/#\/schema\/logo\/image\/"}},{"@type":"Person","@id":"https:\/\/www.hplatjadaro.com\/fr\/#\/schema\/person\/3b4dad233a49ff0bc5b42d830b3f7e53","name":"Comunicaci\u00f3 Integral Neorg","image":{"@type":"ImageObject","inLanguage":"fr-FR","@id":"https:\/\/secure.gravatar.com\/avatar\/709d3d8015183afa7401c02e2291a538cbfd4ffe62f4d86ce5f4871f22e86b09?s=96&d=mm&r=g","url":"https:\/\/secure.gravatar.com\/avatar\/709d3d8015183afa7401c02e2291a538cbfd4ffe62f4d86ce5f4871f22e86b09?s=96&d=mm&r=g","contentUrl":"https:\/\/secure.gravatar.com\/avatar\/709d3d8015183afa7401c02e2291a538cbfd4ffe62f4d86ce5f4871f22e86b09?s=96&d=mm&r=g","caption":"Comunicaci\u00f3 Integral Neorg"},"sameAs":["https:\/\/www.hplatjadaro.com"]}]}},"_links":{"self":[{"href":"https:\/\/www.hplatjadaro.com\/fr\/wp-json\/wp\/v2\/posts\/8916","targetHints":{"allow":["GET"]}}],"collection":[{"href":"https:\/\/www.hplatjadaro.com\/fr\/wp-json\/wp\/v2\/posts"}],"about":[{"href":"https:\/\/www.hplatjadaro.com\/fr\/wp-json\/wp\/v2\/types\/post"}],"author":[{"embeddable":true,"href":"https:\/\/www.hplatjadaro.com\/fr\/wp-json\/wp\/v2\/users\/1"}],"replies":[{"embeddable":true,"href":"https:\/\/www.hplatjadaro.com\/fr\/wp-json\/wp\/v2\/comments?post=8916"}],"version-history":[{"count":0,"href":"https:\/\/www.hplatjadaro.com\/fr\/wp-json\/wp\/v2\/posts\/8916\/revisions"}],"wp:featuredmedia":[{"embeddable":true,"href":"https:\/\/www.hplatjadaro.com\/fr\/wp-json\/wp\/v2\/media\/8257"}],"wp:attachment":[{"href":"https:\/\/www.hplatjadaro.com\/fr\/wp-json\/wp\/v2\/media?parent=8916"}],"wp:term":[{"taxonomy":"category","embeddable":true,"href":"https:\/\/www.hplatjadaro.com\/fr\/wp-json\/wp\/v2\/categories?post=8916"},{"taxonomy":"post_tag","embeddable":true,"href":"https:\/\/www.hplatjadaro.com\/fr\/wp-json\/wp\/v2\/tags?post=8916"}],"curies":[{"name":"wp","href":"https:\/\/api.w.org\/{rel}","templated":true}]}}